{"id":69780,"date":"2024-07-17T11:35:03","date_gmt":"2024-07-17T11:35:03","guid":{"rendered":"https:\/\/infotorrent.es\/uncategorized\/torrent-refuerza-su-equipo-de-limpieza-y-prevencion-de-incendios-con-28-nuevos-trabajadores\/"},"modified":"2024-07-17T11:40:41","modified_gmt":"2024-07-17T11:40:41","slug":"torrent-refuerza-su-equipo-de-limpieza-y-prevencion-de-incendios-con-28-nuevos-trabajadores","status":"publish","type":"post","link":"https:\/\/infotorrent.es\/ca\/medio-ambiente-2\/torrent-refuerza-su-equipo-de-limpieza-y-prevencion-de-incendios-con-28-nuevos-trabajadores\/","title":{"rendered":"Torrent refor\u00e7a el seu equip de neteja i prevenci\u00f3 d&#8217;incendis amb 28 nous treballadors"},"content":{"rendered":"\n<h4 class=\"wp-block-heading\">Gr\u00e0cies a la subvenci\u00f3 del SEPE, es realitzaran labors de manteniment i condicionament en zones rurals i forestals fins a finals de setembre<\/h4>\n\n\n\n<p>L&#8217;Ajuntament de Torrent ha posat en marxa un nou programa d&#8217;ocupaci\u00f3 cofinan\u00e7ada pel Servici P\u00fablic d&#8217;Ocupaci\u00f3 Estatal (SEPE) per un import de 203.312,22 euros. A esta subvenci\u00f3 se suma una aportaci\u00f3 municipal de 32.257,87 euros, la qual cosa eleva el pressupost total fins als 235.570,09 euros.<\/p>\n\n\n\n<p>L&#8217;objectiu principal d&#8217;esta iniciativa \u00e9s la contractaci\u00f3 de 28 persones desocupades, 23 peons i 5 capatassos, que s&#8217;encarregaran de realitzar labors de neteja, condicionament i millora en els espais rurals i forestals del municipi. Entre les tasques a desenvolupar es troben el manteniment de la xarxa de senderes de Torrent, aix\u00ed com la realitzaci\u00f3 de treballs de prevenci\u00f3 d&#8217;incendis, especialment en zones com el Vedat i el Barranc.<\/p>\n\n\n\n<p>El programa tindr\u00e0 una duraci\u00f3 de tres mesos, des de l&#8217;1 de juliol fins al 30 de setembre, i s&#8217;emmarca dins del programa SEPE \u2013 Zones Rurals Deprimides, l&#8217;objectiu de les quals \u00e9s pal\u00b7liar la desocupaci\u00f3 agr\u00edcola eventual i garantir als treballadors un complement de renda.<\/p>\n\n\n\n<p>Comprom\u00eds amb el medi ambient i l&#8217;ocupaci\u00f3 local<\/p>\n\n\n\n<p>El regidor d&#8217;Urbanisme, Vivenda i Medi Ambient, Jos\u00e9 Francisco Gozalvo, ha destacat que \u201ceste programa ens permetr\u00e0 mantindre els nostres espais naturals en bon estat i previndre els incendis forestals, refor\u00e7ant aix\u00ed el nostre comprom\u00eds amb el medi ambient\u201d.<\/p>\n\n\n\n<p>Per part seua, la regidora de Comer\u00e7, Mercats i Ocupaci\u00f3, ha assenyalat que \u201ca m\u00e9s de contribuir a la conservaci\u00f3 del nostre entorn natural, esta iniciativa tamb\u00e9 \u00e9s una important font d&#8217;ocupaci\u00f3 per a persones desocupades de Torrent, la qual cosa \u00e9s fonamental per a dinamitzar la nostra economia local\u201d.<\/p>\n\n\n\n<figure class=\"wp-block-image size-large\"><img fetchpriority=\"high\" decoding=\"async\" width=\"1024\" height=\"682\" src=\"https:\/\/infotorrent.es\/wp-content\/uploads\/2024\/07\/WhatsApp-Image-2024-07-17-at-13.04.501-1024x682.jpeg\" alt=\"\" class=\"wp-image-69772\" srcset=\"https:\/\/infotorrent.es\/wp-content\/uploads\/2024\/07\/WhatsApp-Image-2024-07-17-at-13.04.501-1024x682.jpeg 1024w, https:\/\/infotorrent.es\/wp-content\/uploads\/2024\/07\/WhatsApp-Image-2024-07-17-at-13.04.501-300x200.jpeg 300w, https:\/\/infotorrent.es\/wp-content\/uploads\/2024\/07\/WhatsApp-Image-2024-07-17-at-13.04.501-768x512.jpeg 768w, https:\/\/infotorrent.es\/wp-content\/uploads\/2024\/07\/WhatsApp-Image-2024-07-17-at-13.04.501-1536x1023.jpeg 1536w, https:\/\/infotorrent.es\/wp-content\/uploads\/2024\/07\/WhatsApp-Image-2024-07-17-at-13.04.501.jpeg 1600w\" sizes=\"(max-width: 1024px) 100vw, 1024px\" \/><\/figure>\n\n\n\n<figure class=\"wp-block-image size-large\"><img decoding=\"async\" width=\"1024\" height=\"682\" src=\"https:\/\/infotorrent.es\/wp-content\/uploads\/2024\/07\/WhatsApp-Image-2024-07-17-at-13.04.502-1024x682.jpeg\" alt=\"\" class=\"wp-image-69774\" srcset=\"https:\/\/infotorrent.es\/wp-content\/uploads\/2024\/07\/WhatsApp-Image-2024-07-17-at-13.04.502-1024x682.jpeg 1024w, https:\/\/infotorrent.es\/wp-content\/uploads\/2024\/07\/WhatsApp-Image-2024-07-17-at-13.04.502-300x200.jpeg 300w, https:\/\/infotorrent.es\/wp-content\/uploads\/2024\/07\/WhatsApp-Image-2024-07-17-at-13.04.502-768x512.jpeg 768w, https:\/\/infotorrent.es\/wp-content\/uploads\/2024\/07\/WhatsApp-Image-2024-07-17-at-13.04.502-1536x1023.jpeg 1536w, https:\/\/infotorrent.es\/wp-content\/uploads\/2024\/07\/WhatsApp-Image-2024-07-17-at-13.04.502.jpeg 1600w\" sizes=\"(max-width: 1024px) 100vw, 1024px\" \/><\/figure>\n\n\n\n<figure class=\"wp-block-image size-large\"><img decoding=\"async\" width=\"1024\" height=\"682\" src=\"https:\/\/infotorrent.es\/wp-content\/uploads\/2024\/07\/WhatsApp-Image-2024-07-17-at-13.04.50-1024x682.jpeg\" alt=\"\" class=\"wp-image-69776\" srcset=\"https:\/\/infotorrent.es\/wp-content\/uploads\/2024\/07\/WhatsApp-Image-2024-07-17-at-13.04.50-1024x682.jpeg 1024w, https:\/\/infotorrent.es\/wp-content\/uploads\/2024\/07\/WhatsApp-Image-2024-07-17-at-13.04.50-300x200.jpeg 300w, https:\/\/infotorrent.es\/wp-content\/uploads\/2024\/07\/WhatsApp-Image-2024-07-17-at-13.04.50-768x512.jpeg 768w, https:\/\/infotorrent.es\/wp-content\/uploads\/2024\/07\/WhatsApp-Image-2024-07-17-at-13.04.50-1536x1023.jpeg 1536w, https:\/\/infotorrent.es\/wp-content\/uploads\/2024\/07\/WhatsApp-Image-2024-07-17-at-13.04.50.jpeg 1600w\" sizes=\"(max-width: 1024px) 100vw, 1024px\" \/><\/figure>\n","protected":false},"excerpt":{"rendered":"<p>Gr\u00e0cies a la subvenci\u00f3 del SEPE, es realitzaran labors de manteniment i condicionament en zones rurals i forestals fins a finals de setembre L&#8217;Ajuntament de Torrent ha posat en marxa un nou programa d&#8217;ocupaci\u00f3 cofinan\u00e7ada pel Servici P\u00fablic d&#8217;Ocupaci\u00f3 Estatal (SEPE) per un import de 203.312,22 euros. A esta subvenci\u00f3 se suma una aportaci\u00f3 municipal [&hellip;]<\/p>\n","protected":false},"author":15,"featured_media":69784,"comment_status":"open","ping_status":"open","sticky":false,"template":"","format":"standard","meta":{"_acf_changed":false,"footnotes":""},"categories":[1205,138],"tags":[],"class_list":["post-69780","post","type-post","status-publish","format-standard","has-post-thumbnail","hentry","category-comercio-mercados-y-empleo-ca","category-medio-ambiente-2"],"acf":[],"_links":{"self":[{"href":"https:\/\/infotorrent.es\/ca\/wp-json\/wp\/v2\/posts\/69780","targetHints":{"allow":["GET"]}}],"collection":[{"href":"https:\/\/infotorrent.es\/ca\/wp-json\/wp\/v2\/posts"}],"about":[{"href":"https:\/\/infotorrent.es\/ca\/wp-json\/wp\/v2\/types\/post"}],"author":[{"embeddable":true,"href":"https:\/\/infotorrent.es\/ca\/wp-json\/wp\/v2\/users\/15"}],"replies":[{"embeddable":true,"href":"https:\/\/infotorrent.es\/ca\/wp-json\/wp\/v2\/comments?post=69780"}],"version-history":[{"count":1,"href":"https:\/\/infotorrent.es\/ca\/wp-json\/wp\/v2\/posts\/69780\/revisions"}],"predecessor-version":[{"id":69783,"href":"https:\/\/infotorrent.es\/ca\/wp-json\/wp\/v2\/posts\/69780\/revisions\/69783"}],"wp:featuredmedia":[{"embeddable":true,"href":"https:\/\/infotorrent.es\/ca\/wp-json\/wp\/v2\/media\/69784"}],"wp:attachment":[{"href":"https:\/\/infotorrent.es\/ca\/wp-json\/wp\/v2\/media?parent=69780"}],"wp:term":[{"taxonomy":"category","embeddable":true,"href":"https:\/\/infotorrent.es\/ca\/wp-json\/wp\/v2\/categories?post=69780"},{"taxonomy":"post_tag","embeddable":true,"href":"https:\/\/infotorrent.es\/ca\/wp-json\/wp\/v2\/tags?post=69780"}],"curies":[{"name":"wp","href":"https:\/\/api.w.org\/{rel}","templated":true}]}}