{"id":69766,"date":"2024-07-17T07:27:24","date_gmt":"2024-07-17T07:27:24","guid":{"rendered":"https:\/\/infotorrent.es\/uncategorized\/torrent-se-prepara-para-vibrar-al-ritmo-de-va-de-rumba-daniel-haro-tigre-dj-hector-martin-pmk-y-parapa\/"},"modified":"2024-07-17T07:32:07","modified_gmt":"2024-07-17T07:32:07","slug":"torrent-se-prepara-para-vibrar-al-ritmo-de-va-de-rumba-daniel-haro-tigre-dj-hector-martin-pmk-y-parapa","status":"publish","type":"post","link":"https:\/\/infotorrent.es\/ca\/fiestas-y-tradiciones\/torrent-se-prepara-para-vibrar-al-ritmo-de-va-de-rumba-daniel-haro-tigre-dj-hector-martin-pmk-y-parapa\/","title":{"rendered":"Torrent\u00a0es prepara per a vibrar al ritme de\u00a0Va de Rumba, Daniel Haro, Tigre, Dj Hector Mart\u00edn, PMK i Parapa"},"content":{"rendered":"\n<h4 class=\"wp-block-heading\">El festival Vibra Torrent se celebra este dissabte 20 de juliol\u00a0en l&#8217;\u00c0gora de Parc Central, de 19.00 hores a 1.30 hores<\/h4>\n\n\n\n<p>Este dissabte, 20 de juliol, la ciutat de Torrent es prepara per a vibrar al ritme del festival Vibra Torrent. Un tardeo per als m\u00e9s joves que tindr\u00e0 lloc en l&#8217;\u00c0gora de Parc Central, de 19.00 hores a 1.30 hores.<\/p>\n\n\n\n<p>El festival, emmarcat en les Festes 2024, comptar\u00e0 amb les actuacions de Va de Rumba, Daniel Haro, Tigre, Dj Hector Mart\u00edn, PMK i Parapa. Una proposta musical variada que aposta pel talent local, amb artistes de la pr\u00f2pia ciutat i de la Comunitat Valenciana.<\/p>\n\n\n\n<p>Un esdeveniment per a disfrutar de la m\u00fasica i el bon ambient<\/p>\n\n\n\n<p>Vibra Torrent s&#8217;ha organitzat des de la Regidoria de Festes de l&#8217;Ajuntament, que dirigix Mar\u00eda Fern\u00e1ndez. La Regidor ha destacat que l&#8217;objectiu del festival \u00e9s&nbsp;&#8220;oferir als joves de Torrent una alternativa d&#8217;oci de qualitat durant les festes, en un ambient festiu i segur&#8221;.&nbsp;Fern\u00e1ndez ha recordat que el festival s&#8217;ha programat en horari de vesprada&nbsp;&#8220;per a arribar a la m\u00e0xima gent possible, a m\u00e9s de respectar el descans de tots els ve\u00efns i ve\u00efnes&#8221;.<\/p>\n\n\n\n<p>El festival Vibra Torrent, d&#8217;entrada lliure, \u00e9s una oportunitat per a disfrutar de la millor m\u00fasica en directe i del bon ambient de les festes de Torrent.<\/p>\n\n\n\n<p>Programaci\u00f3:<\/p>\n\n\n\n<p>&nbsp;&nbsp;&nbsp; 18.00 hores: Obertura de portes<\/p>\n\n\n\n<p>&nbsp;&nbsp;&nbsp; 19.00 hores: Va de Rumba<\/p>\n\n\n\n<p>&nbsp;&nbsp;&nbsp; 20.00 hores: Daniel Haro<\/p>\n\n\n\n<p>&nbsp;&nbsp;&nbsp; 21.00 hores: Tigre<\/p>\n\n\n\n<p>\u00a0\u00a0\u00a0 22.00 hores: Dj Hector Mart\u00edn<\/p>\n\n\n\n<p>\u00a0\u00a0\u00a0 23.00 hores: PMK<\/p>\n\n\n\n<p>\u00a0\u00a0\u00a0 00.00 hores: Parapa<\/p>\n\n\n\n<p>&nbsp;&nbsp;&nbsp; 01.30 hores: Tancament del festival<\/p>\n\n\n\n<p>Cal destacar que durant tot l&#8217;esdeveniment es posar\u00e0 a la disposici\u00f3 dels assistents, de manera complement\u00e0ria, un servici de barra i foodtrucks perqu\u00e8 puguen refrescar-se durant tot el festival i recarregar piles. Aix\u00ed mateix, per a refor\u00e7ar la seguretat, a m\u00e9s del dispositiu habitual, es disposar\u00e0 un dispositiu especial, localitzat en un lloc concret i senyalitzat, de manera que siga visible i tot el p\u00fablic tinga acc\u00e9s a ell. Estar\u00e0 format per la Policia Local, Protecci\u00f3 Civil i Creu Roja, perqu\u00e8 la ciutadania puga accedir en cas de presentar alguna incid\u00e8ncia sanit\u00e0ria o de qualsevol altra \u00edndole, que ser\u00e0 present durant tot el festival.<\/p>\n\n\n\n<figure class=\"wp-block-image size-full\"><img fetchpriority=\"high\" decoding=\"async\" width=\"1024\" height=\"512\" src=\"https:\/\/infotorrent.es\/wp-content\/uploads\/2024\/07\/VibraTorrent-CARTEL.png\" alt=\"\" class=\"wp-image-69762\" srcset=\"https:\/\/infotorrent.es\/wp-content\/uploads\/2024\/07\/VibraTorrent-CARTEL.png 1024w, https:\/\/infotorrent.es\/wp-content\/uploads\/2024\/07\/VibraTorrent-CARTEL-300x150.png 300w, https:\/\/infotorrent.es\/wp-content\/uploads\/2024\/07\/VibraTorrent-CARTEL-768x384.png 768w\" sizes=\"(max-width: 1024px) 100vw, 1024px\" \/><\/figure>\n","protected":false},"excerpt":{"rendered":"<p>El festival Vibra Torrent se celebra este dissabte 20 de juliol\u00a0en l&#8217;\u00c0gora de Parc Central, de 19.00 hores a 1.30 hores Este dissabte, 20 de juliol, la ciutat de Torrent es prepara per a vibrar al ritme del festival Vibra Torrent. Un tardeo per als m\u00e9s joves que tindr\u00e0 lloc en l&#8217;\u00c0gora de Parc Central, [&hellip;]<\/p>\n","protected":false},"author":15,"featured_media":69770,"comment_status":"open","ping_status":"open","sticky":false,"template":"","format":"standard","meta":{"_acf_changed":false,"footnotes":""},"categories":[143],"tags":[],"class_list":["post-69766","post","type-post","status-publish","format-standard","has-post-thumbnail","hentry","category-fiestas-y-tradiciones"],"acf":[],"_links":{"self":[{"href":"https:\/\/infotorrent.es\/ca\/wp-json\/wp\/v2\/posts\/69766","targetHints":{"allow":["GET"]}}],"collection":[{"href":"https:\/\/infotorrent.es\/ca\/wp-json\/wp\/v2\/posts"}],"about":[{"href":"https:\/\/infotorrent.es\/ca\/wp-json\/wp\/v2\/types\/post"}],"author":[{"embeddable":true,"href":"https:\/\/infotorrent.es\/ca\/wp-json\/wp\/v2\/users\/15"}],"replies":[{"embeddable":true,"href":"https:\/\/infotorrent.es\/ca\/wp-json\/wp\/v2\/comments?post=69766"}],"version-history":[{"count":1,"href":"https:\/\/infotorrent.es\/ca\/wp-json\/wp\/v2\/posts\/69766\/revisions"}],"predecessor-version":[{"id":69769,"href":"https:\/\/infotorrent.es\/ca\/wp-json\/wp\/v2\/posts\/69766\/revisions\/69769"}],"wp:featuredmedia":[{"embeddable":true,"href":"https:\/\/infotorrent.es\/ca\/wp-json\/wp\/v2\/media\/69770"}],"wp:attachment":[{"href":"https:\/\/infotorrent.es\/ca\/wp-json\/wp\/v2\/media?parent=69766"}],"wp:term":[{"taxonomy":"category","embeddable":true,"href":"https:\/\/infotorrent.es\/ca\/wp-json\/wp\/v2\/categories?post=69766"},{"taxonomy":"post_tag","embeddable":true,"href":"https:\/\/infotorrent.es\/ca\/wp-json\/wp\/v2\/tags?post=69766"}],"curies":[{"name":"wp","href":"https:\/\/api.w.org\/{rel}","templated":true}]}}