{"id":69755,"date":"2024-07-16T12:12:31","date_gmt":"2024-07-16T12:12:31","guid":{"rendered":"https:\/\/infotorrent.es\/uncategorized\/torrent-celebra-un-shhcuchame-especial-de-moros-y-cristianos\/"},"modified":"2024-07-16T12:14:28","modified_gmt":"2024-07-16T12:14:28","slug":"torrent-celebra-un-shhcuchame-especial-de-moros-y-cristianos","status":"publish","type":"post","link":"https:\/\/infotorrent.es\/ca\/noticias-2\/cultura-noticias-2\/torrent-celebra-un-shhcuchame-especial-de-moros-y-cristianos\/","title":{"rendered":"Torrent\u00a0celebra\u00a0un &#8220;Shhc\u00fachame&#8221; especial de\u00a0Moros i Cristians"},"content":{"rendered":"\n<p>L&#8217;Ajuntament de Torrent clausura el seu cicle de concerts &#8220;Shhc\u00fachame&#8221; amb un esdeveniment especial emmarcat en les festes de Moros i Cristians. Este dijous 18 de juliol, a les 19.30 hores, la Sala d&#8217;actes de l&#8217;Ajuntament acollir\u00e0 una sessi\u00f3, impartida i dirigida per Bernardo Mora-Fandos, amb m\u00fasica en directe a c\u00e0rrec de la Uni\u00f3 Musical de Torrent.<\/p>\n\n\n\n<p>Despr\u00e9s de l&#8217;\u00e8xit de la tercera temporada, que va finalitzar el mes de juny passat amb l&#8217;actuaci\u00f3 del trompetista Ra\u00fal Junquera, este especial de juliol oferir\u00e0 una experi\u00e8ncia \u00fanica per als amants de la m\u00fasica. Mora-Fandos, amb la seua \u00e0mplia experi\u00e8ncia i talent, guiar\u00e0 al p\u00fablic en un recorregut per l&#8217;apassionant m\u00f3n dels sons, amb un enfocament especial en la m\u00fasica tradicional de les festes de Moros i Cristians.<\/p>\n\n\n\n<p>&#8220;Estem molt contents de poder oferir als <em>torrentinos este &#8220;<\/em>Shhc\u00fachame&#8221; especial de festes amb Bernardo Mora-Fandos&#8221;,&nbsp;ha declarat el Regidor de Cultura, Aitor S\u00e1nchez.&nbsp;&#8220;Es tracta d&#8217;una nova oportunitat per a gaudir d&#8217;este projecte musical, que s&#8217;acomiada fins a setembre&#8221;.<\/p>\n\n\n\n<p>La pr\u00f2xima temporada de &#8220;Shhc\u00fachame&#8221; donar\u00e0 principi el pr\u00f2xim 18 de setembre, a les 19 hores, a la Casa de la Cultura de Torrent. Novament sota la direcci\u00f3 del professor Bernardo Mora-Fandos, els amants de la m\u00fasica podran disfrutar de noves propostes per a endinsar-se en l&#8217;univers dels sons.\u00a0Sense tecnicismes, i amb un enfocament din\u00e0mic i creatiu, el professor Mora-Fandos ha aconseguit despertar l&#8217;inter\u00e9s per l&#8217;audici\u00f3 musical entre persones de totes les edats.\u00a0L&#8217;entrada \u00e9s lliure fins a completar aforament.<\/p>\n\n\n\n<figure class=\"wp-block-image size-large\"><img fetchpriority=\"high\" decoding=\"async\" width=\"1024\" height=\"1024\" src=\"https:\/\/infotorrent.es\/wp-content\/uploads\/2024\/07\/CARTEL-1024x1024.jpg\" alt=\"\" class=\"wp-image-69751\" srcset=\"https:\/\/infotorrent.es\/wp-content\/uploads\/2024\/07\/CARTEL-1024x1024.jpg 1024w, https:\/\/infotorrent.es\/wp-content\/uploads\/2024\/07\/CARTEL-300x300.jpg 300w, https:\/\/infotorrent.es\/wp-content\/uploads\/2024\/07\/CARTEL-150x150.jpg 150w, https:\/\/infotorrent.es\/wp-content\/uploads\/2024\/07\/CARTEL-768x768.jpg 768w, https:\/\/infotorrent.es\/wp-content\/uploads\/2024\/07\/CARTEL-1536x1536.jpg 1536w, https:\/\/infotorrent.es\/wp-content\/uploads\/2024\/07\/CARTEL-700x700.jpg 700w, https:\/\/infotorrent.es\/wp-content\/uploads\/2024\/07\/CARTEL.jpg 2048w\" sizes=\"(max-width: 1024px) 100vw, 1024px\" \/><\/figure>\n","protected":false},"excerpt":{"rendered":"<p>L&#8217;Ajuntament de Torrent clausura el seu cicle de concerts &#8220;Shhc\u00fachame&#8221; amb un esdeveniment especial emmarcat en les festes de Moros i Cristians. Este dijous 18 de juliol, a les 19.30 hores, la Sala d&#8217;actes de l&#8217;Ajuntament acollir\u00e0 una sessi\u00f3, impartida i dirigida per Bernardo Mora-Fandos, amb m\u00fasica en directe a c\u00e0rrec de la Uni\u00f3 Musical [&hellip;]<\/p>\n","protected":false},"author":15,"featured_media":69756,"comment_status":"open","ping_status":"open","sticky":false,"template":"","format":"standard","meta":{"_acf_changed":false,"footnotes":""},"categories":[756],"tags":[],"class_list":["post-69755","post","type-post","status-publish","format-standard","has-post-thumbnail","hentry","category-cultura-noticias-2"],"acf":[],"_links":{"self":[{"href":"https:\/\/infotorrent.es\/ca\/wp-json\/wp\/v2\/posts\/69755","targetHints":{"allow":["GET"]}}],"collection":[{"href":"https:\/\/infotorrent.es\/ca\/wp-json\/wp\/v2\/posts"}],"about":[{"href":"https:\/\/infotorrent.es\/ca\/wp-json\/wp\/v2\/types\/post"}],"author":[{"embeddable":true,"href":"https:\/\/infotorrent.es\/ca\/wp-json\/wp\/v2\/users\/15"}],"replies":[{"embeddable":true,"href":"https:\/\/infotorrent.es\/ca\/wp-json\/wp\/v2\/comments?post=69755"}],"version-history":[{"count":1,"href":"https:\/\/infotorrent.es\/ca\/wp-json\/wp\/v2\/posts\/69755\/revisions"}],"predecessor-version":[{"id":69759,"href":"https:\/\/infotorrent.es\/ca\/wp-json\/wp\/v2\/posts\/69755\/revisions\/69759"}],"wp:featuredmedia":[{"embeddable":true,"href":"https:\/\/infotorrent.es\/ca\/wp-json\/wp\/v2\/media\/69756"}],"wp:attachment":[{"href":"https:\/\/infotorrent.es\/ca\/wp-json\/wp\/v2\/media?parent=69755"}],"wp:term":[{"taxonomy":"category","embeddable":true,"href":"https:\/\/infotorrent.es\/ca\/wp-json\/wp\/v2\/categories?post=69755"},{"taxonomy":"post_tag","embeddable":true,"href":"https:\/\/infotorrent.es\/ca\/wp-json\/wp\/v2\/tags?post=69755"}],"curies":[{"name":"wp","href":"https:\/\/api.w.org\/{rel}","templated":true}]}}