{"id":69638,"date":"2024-07-15T10:31:35","date_gmt":"2024-07-15T10:31:35","guid":{"rendered":"https:\/\/infotorrent.es\/uncategorized\/el-ayuntamiento-de-torrent-trabaja-en-la-proteccion-y-el-bienestar-de-los-mas-pequenos\/"},"modified":"2024-07-15T10:34:31","modified_gmt":"2024-07-15T10:34:31","slug":"el-ayuntamiento-de-torrent-trabaja-en-la-proteccion-y-el-bienestar-de-los-mas-pequenos","status":"publish","type":"post","link":"https:\/\/infotorrent.es\/ca\/familia-e-infancia-ca\/el-ayuntamiento-de-torrent-trabaja-en-la-proteccion-y-el-bienestar-de-los-mas-pequenos\/","title":{"rendered":"L&#8217;Ajuntament de Torrent treballa en la protecci\u00f3 i el benestar dels m\u00e9s xicotets"},"content":{"rendered":"\n<h4 class=\"wp-block-heading\">Convenis\u00a0amb associacions i promoci\u00f3 de l&#8217;acolliment familiar,\u00a0entre\u00a0les principals accions\u00a0que impulsa la Regidoria d&#8217;Inf\u00e0ncia i Fam\u00edlia<\/h4>\n\n\n\n<p>L&#8217;Ajuntament de Torrent, a trav\u00e9s de la Regidoria d&#8217;Inf\u00e0ncia i Fam\u00edlia, que dirigix M. \u00c1ngeles Lerma, est\u00e0 treballant en la implementaci\u00f3 de diverses mesures per a garantir el benestar dels m\u00e9s xicotets en la localitat. L&#8217;objectiu \u00e9s que els xiquets de la ciutat puguen cr\u00e9ixer i desenvolupar-se en un entorn segur i favorable.<\/p>\n\n\n\n<p>En este sentit, s&#8217;ha tramitat una modificaci\u00f3 de cr\u00e8dit per al pr\u00f2xim Ple Municipal amb l&#8217;objectiu d&#8217;establir convenis amb associacions que treballen en l&#8217;\u00e0mbit de la inf\u00e0ncia i la fam\u00edlia. L&#8217;objectiu d&#8217;estos convenis \u00e9s crear una xarxa de col\u00b7laboraci\u00f3 que permeta oferir a les dones embarassades i en situaci\u00f3 de vulnerabilitat, el suport i assessorament que necessiten.<\/p>\n\n\n\n<p>Aix\u00ed mateix, des de la Regidoria s&#8217;estan impulsant accions per a promoure l&#8217;acolliment familiar a Torrent. Es busca sensibilitzar a les fam\u00edlies sobre les diferents figures de l&#8217;acolliment familiar i oferir-los la formaci\u00f3 i l&#8217;acompanyament necessaris. Estes actuacions es dissenyaran en coordinaci\u00f3 amb la Conselleria de Servicis Socials, Igualtat i Vivenda, amb l&#8217;objectiu de garantir una atenci\u00f3 integral als menors i a les fam\u00edlies acollidores.<\/p>\n\n\n\n<p>M. \u00c1ngeles Lerma, regidor d&#8217;Inf\u00e0ncia i Fam\u00edlia, ha destacat la import\u00e0ncia d&#8217;estes mesures per a&nbsp;&#8220;protegir els menors i garantir el seu benestar, aix\u00ed com per a fer costat a les fam\u00edlies que es troben en situaci\u00f3 de vulnerabilitat&#8221;.<\/p>\n\n\n\n<p>L&#8217;Ajuntament de Torrent mant\u00e9 un ferm comprom\u00eds amb la protecci\u00f3 de la inf\u00e0ncia i la promoci\u00f3 de la natalitat. En este sentit, s&#8217;han posat en marxa diverses iniciatives en els \u00faltims anys, aix\u00ed com programes de suport a les fam\u00edlies.<\/p>\n\n\n\n<figure class=\"wp-block-image size-large\"><img fetchpriority=\"high\" decoding=\"async\" width=\"1024\" height=\"682\" src=\"https:\/\/infotorrent.es\/wp-content\/uploads\/2024\/07\/infancia-1024x682.jpeg\" alt=\"\" class=\"wp-image-69632\" srcset=\"https:\/\/infotorrent.es\/wp-content\/uploads\/2024\/07\/infancia-1024x682.jpeg 1024w, https:\/\/infotorrent.es\/wp-content\/uploads\/2024\/07\/infancia-300x200.jpeg 300w, https:\/\/infotorrent.es\/wp-content\/uploads\/2024\/07\/infancia-768x512.jpeg 768w, https:\/\/infotorrent.es\/wp-content\/uploads\/2024\/07\/infancia-1536x1023.jpeg 1536w, https:\/\/infotorrent.es\/wp-content\/uploads\/2024\/07\/infancia.jpeg 1600w\" sizes=\"(max-width: 1024px) 100vw, 1024px\" \/><\/figure>\n\n\n\n<figure class=\"wp-block-image size-large\"><img decoding=\"async\" width=\"879\" height=\"1024\" src=\"https:\/\/infotorrent.es\/wp-content\/uploads\/2024\/07\/M.-ANGELES-LERMA-879x1024.jpeg\" alt=\"\" class=\"wp-image-69634\" srcset=\"https:\/\/infotorrent.es\/wp-content\/uploads\/2024\/07\/M.-ANGELES-LERMA-879x1024.jpeg 879w, https:\/\/infotorrent.es\/wp-content\/uploads\/2024\/07\/M.-ANGELES-LERMA-257x300.jpeg 257w, https:\/\/infotorrent.es\/wp-content\/uploads\/2024\/07\/M.-ANGELES-LERMA-768x895.jpeg 768w, https:\/\/infotorrent.es\/wp-content\/uploads\/2024\/07\/M.-ANGELES-LERMA.jpeg 1066w\" sizes=\"(max-width: 879px) 100vw, 879px\" \/><\/figure>\n","protected":false},"excerpt":{"rendered":"<p>Convenis\u00a0amb associacions i promoci\u00f3 de l&#8217;acolliment familiar,\u00a0entre\u00a0les principals accions\u00a0que impulsa la Regidoria d&#8217;Inf\u00e0ncia i Fam\u00edlia L&#8217;Ajuntament de Torrent, a trav\u00e9s de la Regidoria d&#8217;Inf\u00e0ncia i Fam\u00edlia, que dirigix M. \u00c1ngeles Lerma, est\u00e0 treballant en la implementaci\u00f3 de diverses mesures per a garantir el benestar dels m\u00e9s xicotets en la localitat. L&#8217;objectiu \u00e9s que els xiquets [&hellip;]<\/p>\n","protected":false},"author":15,"featured_media":69642,"comment_status":"open","ping_status":"open","sticky":false,"template":"","format":"standard","meta":{"_acf_changed":false,"footnotes":""},"categories":[1192],"tags":[],"class_list":["post-69638","post","type-post","status-publish","format-standard","has-post-thumbnail","hentry","category-familia-e-infancia-ca"],"acf":[],"_links":{"self":[{"href":"https:\/\/infotorrent.es\/ca\/wp-json\/wp\/v2\/posts\/69638","targetHints":{"allow":["GET"]}}],"collection":[{"href":"https:\/\/infotorrent.es\/ca\/wp-json\/wp\/v2\/posts"}],"about":[{"href":"https:\/\/infotorrent.es\/ca\/wp-json\/wp\/v2\/types\/post"}],"author":[{"embeddable":true,"href":"https:\/\/infotorrent.es\/ca\/wp-json\/wp\/v2\/users\/15"}],"replies":[{"embeddable":true,"href":"https:\/\/infotorrent.es\/ca\/wp-json\/wp\/v2\/comments?post=69638"}],"version-history":[{"count":1,"href":"https:\/\/infotorrent.es\/ca\/wp-json\/wp\/v2\/posts\/69638\/revisions"}],"predecessor-version":[{"id":69641,"href":"https:\/\/infotorrent.es\/ca\/wp-json\/wp\/v2\/posts\/69638\/revisions\/69641"}],"wp:featuredmedia":[{"embeddable":true,"href":"https:\/\/infotorrent.es\/ca\/wp-json\/wp\/v2\/media\/69642"}],"wp:attachment":[{"href":"https:\/\/infotorrent.es\/ca\/wp-json\/wp\/v2\/media?parent=69638"}],"wp:term":[{"taxonomy":"category","embeddable":true,"href":"https:\/\/infotorrent.es\/ca\/wp-json\/wp\/v2\/categories?post=69638"},{"taxonomy":"post_tag","embeddable":true,"href":"https:\/\/infotorrent.es\/ca\/wp-json\/wp\/v2\/tags?post=69638"}],"curies":[{"name":"wp","href":"https:\/\/api.w.org\/{rel}","templated":true}]}}