{"id":69548,"date":"2024-07-12T07:35:03","date_gmt":"2024-07-12T07:35:03","guid":{"rendered":"https:\/\/infotorrent.es\/uncategorized\/torrent-se-prepara-para-el-acto-de-eleccion-de-sus-falleras-mayores-2025\/"},"modified":"2024-07-12T07:39:55","modified_gmt":"2024-07-12T07:39:55","slug":"torrent-se-prepara-para-el-acto-de-eleccion-de-sus-falleras-mayores-2025","status":"publish","type":"post","link":"https:\/\/infotorrent.es\/ca\/fallas-ca\/torrent-se-prepara-para-el-acto-de-eleccion-de-sus-falleras-mayores-2025\/","title":{"rendered":"Torrent es prepara per a l&#8217;acte d&#8217;elecci\u00f3 de les seues Falleres Majors 2025"},"content":{"rendered":"\n<h4 class=\"wp-block-heading\">La gala \u201cA la Lluna de Torrent\u201d inclour\u00e0 un espectacle amb la participaci\u00f3 del col\u00b7lectiu faller de la ciutat<\/h4>\n\n\n\n<p>L&#8217;emblem\u00e0tica \u00c0gora de Parc Central es vestir\u00e0 de gala dem\u00e0, dissabte 13 de juliol a les 21 hores, per a acollir l&#8217;esperat acte d&#8217;elecci\u00f3 de les Falleres Majors de Torrent per a l&#8217;any 2025. La Junta Local Fallera ja ha anunciat les integrants de les Corts d&#8217;Honor de les Falleres Majors 2025, compostes per nou xiquetes i set xiques.<\/p>\n\n\n\n<p>Les candidates a Fallera Major Infantil s\u00f3n: Sara L\u00f3pez Torres, de la Falla Antoni Pardo; Elena Ruiz \u00dabeda, de la Falla Sedav\u00ed; Carla Navarro Llopis, de la Falla Ramon i Cajal; Ana Barber\u00e0 Palop, de la Falla Pla\u00e7a Sant Roc &#8211; G\u00f3mez Ferrer;\u00a0\u00a0Marta Morales Sierra, de la Falla Barri Cotxera; Daniela Moraga Pl\u00e0, de la Falla Carrer Benem\u00e8rita &#8211; Gu\u00e0rdia Civil; Nuria Lillo Santamatilde, de la Falla Nicolau Andreu; Alba Delgado Centelles, de la Falla Avinguda Reina Sofia i Lola Llorens Medina, de la Falla Pla\u00e7a de la Conc\u00f2rdia.<\/p>\n\n\n\n<p>Les candidates a Fallera Major de Torrent s\u00f3n:\u00a0\u00a0Aida Ballester Escuin, de la Falla Antoni Pardo; Tamara Lucia Guill\u00e9n Ca\u00f1avate, de la Falla Carrer Toledo; Rebeca Bellmunt Garcia, de la Falla Pla\u00e7a Sant Roc &#8211; G\u00f3mez Ferrer; Alicia Moreno i Jim\u00e9nez, de la Falla Carrer Benem\u00e8rita &#8211; Gu\u00e0rdia Civil; Eva V\u00e1zquez Alcal\u00e1, de la Falla Segon Tram Avinguda; Ana Cerc\u00f3s Calatayud, de la Falla Cronista Vicent Beguer Esteve i Sara Hern\u00e1ndez Herrero, de la Falla Avinguda Reina Sofia.<\/p>\n\n\n\n<p>L&#8217;acte comen\u00e7ar\u00e0 amb la recepci\u00f3 oficial per part de l&#8217;Alcaldessa Amparo Folgado i el regidor de Falles, Aitor S\u00e1nchez. Seguidament, s&#8217;iniciar\u00e0 la gala, el tema central de la qual ser\u00e0 \u201cA la Lluna de Torrent\u201d, incloent-hi un espectacle en el qual participaran les pr\u00f2pies falles de la ciutat.<\/p>\n\n\n\n<p>Acte de comiat de les FFMM 2024<\/p>\n\n\n\n<p>Durant la nit, Mar\u00eda Peris Moreno i Vega Rom\u00e1n Montero s&#8217;acomiadaran del m\u00f3n faller com a Falleres Majors de Torrent 2024, acompanyades per les seues respectives Corts d&#8217;Honor. La Cort de Mar\u00eda Peris inclou a M\u00aa Amparo Guzm\u00e1n, Marta Navarro, Zaira Herr\u00e1iz, M\u00aa Jos\u00e9 Ll\u00f3pez, Estela Tanco, Miriam Mart\u00ednez, Mireia Higueras i Alicia Lavara. La Cort de Vega Rom\u00e1n est\u00e0 composta per M\u00aa Cruz Peris, Lola Medina, Daniela Sanch\u00eds, Valeria Bartual, Aitana D\u00edaz, Aitana Torres, Lucia Romero i Ainhoa Rodrigo.<\/p>\n\n\n\n<p>Despr\u00e9s dels emotius discursos de comiat de les Falleres Majors de 2024, es procedir\u00e0 a l&#8217;acte d&#8217;elecci\u00f3 de les Falleres Majors de Torrent per a l&#8217;exercici 2025. El moment m\u00e9s esperat de la nit arribar\u00e0 quan l&#8217;Alcaldessa i Diputada Provincial, Amparo Folgado, llija les actes del jurat i es revelen els noms de les noves m\u00e0ximes representants de les Falles de Torrent per a 2025.<\/p>\n\n\n\n<p>El veredicte ser\u00e0 em\u00e9s pel jurat compost per Raquel Alario Bernab\u00e9, Claudia Mas Galarza, Raquel Medina Mart\u00edn, Jos\u00e9 Manuel Taengua Montaner i Sandra Giner M\u00e1\u00f1ez, despr\u00e9s de les proves del &#8220;Cam\u00ed d\u2019Un Somni 2025&#8221;. Dos fam\u00edlies de Torrent veuran complits els seus somnis en una nit m\u00e0gica sota la lluna de Torrent.<\/p>\n\n\n\n<p>Junta Local Fallera ha assenyalat que per a facilitar l&#8217;acc\u00e9s a la Gala, l&#8217;Ajuntament obrir\u00e0 l&#8217;aparcament subterrani de Parc Central i hi haur\u00e0 servici de barra durant l&#8217;elecci\u00f3.<\/p>\n\n\n\n<p>Despr\u00e9s de l&#8217;elecci\u00f3 de les Falleres Majors de Torrent i les seues Corts d&#8217;Honor, la setmana seg\u00dcent es celebrar\u00e0 el Ple de Proclamaci\u00f3 a l&#8217;Ajuntament de Torrent.<\/p>\n\n\n\n<figure class=\"wp-block-image size-large\"><img fetchpriority=\"high\" decoding=\"async\" width=\"819\" height=\"1024\" src=\"https:\/\/infotorrent.es\/wp-content\/uploads\/2024\/07\/450365803_805696321707688_193218714541144023_n-819x1024.jpg\" alt=\"\" class=\"wp-image-69538\" srcset=\"https:\/\/infotorrent.es\/wp-content\/uploads\/2024\/07\/450365803_805696321707688_193218714541144023_n-819x1024.jpg 819w, https:\/\/infotorrent.es\/wp-content\/uploads\/2024\/07\/450365803_805696321707688_193218714541144023_n-240x300.jpg 240w, https:\/\/infotorrent.es\/wp-content\/uploads\/2024\/07\/450365803_805696321707688_193218714541144023_n-768x960.jpg 768w, https:\/\/infotorrent.es\/wp-content\/uploads\/2024\/07\/450365803_805696321707688_193218714541144023_n-1229x1536.jpg 1229w, https:\/\/infotorrent.es\/wp-content\/uploads\/2024\/07\/450365803_805696321707688_193218714541144023_n.jpg 1600w\" sizes=\"(max-width: 819px) 100vw, 819px\" \/><\/figure>\n\n\n\n<figure class=\"wp-block-image size-large\"><img decoding=\"async\" width=\"819\" height=\"1024\" src=\"https:\/\/infotorrent.es\/wp-content\/uploads\/2024\/07\/450595456_805696338374353_611593098208678035_n-819x1024.jpg\" alt=\"\" class=\"wp-image-69541\" srcset=\"https:\/\/infotorrent.es\/wp-content\/uploads\/2024\/07\/450595456_805696338374353_611593098208678035_n-819x1024.jpg 819w, https:\/\/infotorrent.es\/wp-content\/uploads\/2024\/07\/450595456_805696338374353_611593098208678035_n-240x300.jpg 240w, https:\/\/infotorrent.es\/wp-content\/uploads\/2024\/07\/450595456_805696338374353_611593098208678035_n-768x960.jpg 768w, https:\/\/infotorrent.es\/wp-content\/uploads\/2024\/07\/450595456_805696338374353_611593098208678035_n-1229x1536.jpg 1229w, https:\/\/infotorrent.es\/wp-content\/uploads\/2024\/07\/450595456_805696338374353_611593098208678035_n.jpg 1600w\" sizes=\"(max-width: 819px) 100vw, 819px\" \/><\/figure>\n\n\n\n<figure class=\"wp-block-image size-large\"><img decoding=\"async\" width=\"1024\" height=\"683\" src=\"https:\/\/infotorrent.es\/wp-content\/uploads\/2024\/07\/450223193_804018985208755_6338332141544677634_n-1024x683.jpg\" alt=\"\" class=\"wp-image-69543\" srcset=\"https:\/\/infotorrent.es\/wp-content\/uploads\/2024\/07\/450223193_804018985208755_6338332141544677634_n-1024x683.jpg 1024w, https:\/\/infotorrent.es\/wp-content\/uploads\/2024\/07\/450223193_804018985208755_6338332141544677634_n-300x200.jpg 300w, https:\/\/infotorrent.es\/wp-content\/uploads\/2024\/07\/450223193_804018985208755_6338332141544677634_n-768x512.jpg 768w, https:\/\/infotorrent.es\/wp-content\/uploads\/2024\/07\/450223193_804018985208755_6338332141544677634_n-1536x1025.jpg 1536w, https:\/\/infotorrent.es\/wp-content\/uploads\/2024\/07\/450223193_804018985208755_6338332141544677634_n.jpg 2048w\" sizes=\"(max-width: 1024px) 100vw, 1024px\" \/><\/figure>\n\n\n\n<figure class=\"wp-block-image size-large\"><img loading=\"lazy\" decoding=\"async\" width=\"1024\" height=\"439\" src=\"https:\/\/infotorrent.es\/wp-content\/uploads\/2024\/07\/450812528_806179301659390_2889169320246436427_n-1024x439.jpg\" alt=\"\" class=\"wp-image-69545\" srcset=\"https:\/\/infotorrent.es\/wp-content\/uploads\/2024\/07\/450812528_806179301659390_2889169320246436427_n-1024x439.jpg 1024w, https:\/\/infotorrent.es\/wp-content\/uploads\/2024\/07\/450812528_806179301659390_2889169320246436427_n-300x129.jpg 300w, https:\/\/infotorrent.es\/wp-content\/uploads\/2024\/07\/450812528_806179301659390_2889169320246436427_n-768x329.jpg 768w, https:\/\/infotorrent.es\/wp-content\/uploads\/2024\/07\/450812528_806179301659390_2889169320246436427_n.jpg 1492w\" sizes=\"(max-width: 1024px) 100vw, 1024px\" \/><\/figure>\n","protected":false},"excerpt":{"rendered":"<p>La gala \u201cA la Lluna de Torrent\u201d inclour\u00e0 un espectacle amb la participaci\u00f3 del col\u00b7lectiu faller de la ciutat L&#8217;emblem\u00e0tica \u00c0gora de Parc Central es vestir\u00e0 de gala dem\u00e0, dissabte 13 de juliol a les 21 hores, per a acollir l&#8217;esperat acte d&#8217;elecci\u00f3 de les Falleres Majors de Torrent per a l&#8217;any 2025. La Junta [&hellip;]<\/p>\n","protected":false},"author":15,"featured_media":69552,"comment_status":"open","ping_status":"open","sticky":false,"template":"","format":"standard","meta":{"_acf_changed":false,"footnotes":""},"categories":[1171],"tags":[],"class_list":["post-69548","post","type-post","status-publish","format-standard","has-post-thumbnail","hentry","category-fallas-ca"],"acf":[],"_links":{"self":[{"href":"https:\/\/infotorrent.es\/ca\/wp-json\/wp\/v2\/posts\/69548","targetHints":{"allow":["GET"]}}],"collection":[{"href":"https:\/\/infotorrent.es\/ca\/wp-json\/wp\/v2\/posts"}],"about":[{"href":"https:\/\/infotorrent.es\/ca\/wp-json\/wp\/v2\/types\/post"}],"author":[{"embeddable":true,"href":"https:\/\/infotorrent.es\/ca\/wp-json\/wp\/v2\/users\/15"}],"replies":[{"embeddable":true,"href":"https:\/\/infotorrent.es\/ca\/wp-json\/wp\/v2\/comments?post=69548"}],"version-history":[{"count":1,"href":"https:\/\/infotorrent.es\/ca\/wp-json\/wp\/v2\/posts\/69548\/revisions"}],"predecessor-version":[{"id":69551,"href":"https:\/\/infotorrent.es\/ca\/wp-json\/wp\/v2\/posts\/69548\/revisions\/69551"}],"wp:featuredmedia":[{"embeddable":true,"href":"https:\/\/infotorrent.es\/ca\/wp-json\/wp\/v2\/media\/69552"}],"wp:attachment":[{"href":"https:\/\/infotorrent.es\/ca\/wp-json\/wp\/v2\/media?parent=69548"}],"wp:term":[{"taxonomy":"category","embeddable":true,"href":"https:\/\/infotorrent.es\/ca\/wp-json\/wp\/v2\/categories?post=69548"},{"taxonomy":"post_tag","embeddable":true,"href":"https:\/\/infotorrent.es\/ca\/wp-json\/wp\/v2\/tags?post=69548"}],"curies":[{"name":"wp","href":"https:\/\/api.w.org\/{rel}","templated":true}]}}