{"id":69416,"date":"2024-07-09T10:31:04","date_gmt":"2024-07-09T10:31:04","guid":{"rendered":"https:\/\/infotorrent.es\/?p=69416"},"modified":"2024-07-09T10:43:09","modified_gmt":"2024-07-09T10:43:09","slug":"torrent-mejorara-la-fachada-del-centro-cultural-san-marcos","status":"publish","type":"post","link":"https:\/\/infotorrent.es\/ca\/urbanismo-2\/torrent-mejorara-la-fachada-del-centro-cultural-san-marcos\/","title":{"rendered":"Torrent millorar\u00e0 la fa\u00e7ana del Centre Cultural Sant Marcos"},"content":{"rendered":"\n<h4 class=\"wp-block-heading\">La fa\u00e7ana de l&#8217;edifici municipal presenta escantell en el morter pel que es realitzar\u00e0 una actuaci\u00f3 perqu\u00e8 la fa\u00e7ana siga conforme als colors del Centre Hist\u00f2ric de Torrent i a l&#8217;\u00fas cultural i educatiu<\/h4>\n\n\n\n<p>L&#8217;Ajuntament de Torrent ha anunciat les pr\u00f2ximes obres de millora de la fa\u00e7ana de l&#8217;edifici del Centre Cultural Sant Marcos, situat entre els carrers G\u00f3mez Ferrer i Marco. L&#8217;edifici, de tres altures, est\u00e0 destinat a activitats de car\u00e0cter cultural i educatiu.<\/p>\n\n\n\n<p>La fa\u00e7ana presenta una imatge poc d&#8217;acord amb l&#8217;entorn i patix de m\u00faltiples problemes en el revestiment del morter, amb escantells en diversos punts.<\/p>\n\n\n\n<p>Les obres, que seran executades per l&#8217;empresa p\u00fablica municipal Nous Espais, tenen un termini d&#8217;execuci\u00f3 estimat d&#8217;un mes i un pressupost aproximat de 38.800 euros.<\/p>\n\n\n\n<p>Els treballs que es realitzaran consistixen en l&#8217;eliminaci\u00f3 dels materials que presenten mala adher\u00e8ncia o mal estat de conservaci\u00f3, a m\u00e9s de la neteja de la resta de la fa\u00e7ana. El revestiment amb morter monocapa impermeabilizante ser\u00e0 d&#8217;un color concorde al Centre Hist\u00f2ric de Torrent. Sobre la fa\u00e7ana de rajola caravista, es realitzar\u00e0 una neteja pr\u00e8via i s&#8217;aplicar\u00e0 un vern\u00eds incolor hidrofugante impermeabilizante. D&#8217;altra banda, en la fusteria met\u00e0l\u00b7lica, barana i portes d&#8217;acc\u00e9s s&#8217;aplicar\u00e0 un esmalt antioxidant.<\/p>\n\n\n\n<p>Finalment, s&#8217;instal\u00b7lar\u00e0 un s\u00f2col cer\u00e0mic en la part que recau al carrer Marco per a evitar que el morter contacte amb la vorera.<\/p>\n\n\n\n<p>L&#8217;edifici del Centre Cultural Sant Marcos \u00e9s propietat municipal i s&#8217;utilitza com a aulari del Centre de Formaci\u00f3 de Persones Adultes, aix\u00ed com depend\u00e8ncies d&#8217;associacions ve\u00efnals i culturals de Torrent. En el seu interior i que dona al carrer Rei Don Jaime, tamb\u00e9 alberga un parc infantil, que recentment ha vist millorat l&#8217;acc\u00e9s amb la construcci\u00f3 d&#8217;una rampa per a fer-lo m\u00e9s accessible.<\/p>\n\n\n\n<p>L&#8217;Alcaldessa de Torrent, Amparo Folgado, ha visitat l&#8217;edifici al costat de t\u00e8cnics municipals i ha assenyalat que&nbsp;&#8220;el Centre Cultural Sant Marcos \u00e9s un edifici molt c\u00e8ntric i utilitzat tant per l&#8217;Escola d&#8217;Adults i associacions culturals de Torrent, per la qual cosa \u00e9s molt necessari que presente una imatge concorde a una Gran Ciutat i a l&#8217;\u00fas que se li dona di\u00e0riament&#8221;.<\/p>\n\n\n\n<p>Les obres de millora de la fa\u00e7ana del Centre Cultural Sant Marcos s\u00f3n una nova mostra del comprom\u00eds de l&#8217;Ajuntament de Torrent amb la millora de les infraestructures p\u00fabliques, el manteniment d&#8217;edificis municipals i la qualitat de vida dels ve\u00efns i ve\u00efnes.<\/p>\n\n\n\n<figure class=\"wp-block-image size-large\"><img fetchpriority=\"high\" decoding=\"async\" width=\"1024\" height=\"683\" src=\"https:\/\/infotorrent.es\/wp-content\/uploads\/2024\/07\/WhatsApp-Image-2024-07-09-at-11.23.281-1024x683.jpeg\" alt=\"\" class=\"wp-image-69417\" srcset=\"https:\/\/infotorrent.es\/wp-content\/uploads\/2024\/07\/WhatsApp-Image-2024-07-09-at-11.23.281-1024x683.jpeg 1024w, https:\/\/infotorrent.es\/wp-content\/uploads\/2024\/07\/WhatsApp-Image-2024-07-09-at-11.23.281-300x200.jpeg 300w, https:\/\/infotorrent.es\/wp-content\/uploads\/2024\/07\/WhatsApp-Image-2024-07-09-at-11.23.281-768x512.jpeg 768w, https:\/\/infotorrent.es\/wp-content\/uploads\/2024\/07\/WhatsApp-Image-2024-07-09-at-11.23.281-1536x1024.jpeg 1536w, https:\/\/infotorrent.es\/wp-content\/uploads\/2024\/07\/WhatsApp-Image-2024-07-09-at-11.23.281.jpeg 1620w\" sizes=\"(max-width: 1024px) 100vw, 1024px\" \/><\/figure>\n\n\n\n<figure class=\"wp-block-image size-large\"><img decoding=\"async\" width=\"1024\" height=\"683\" src=\"https:\/\/infotorrent.es\/wp-content\/uploads\/2024\/07\/WhatsApp-Image-2024-07-09-at-11.23.26-1024x683.jpeg\" alt=\"\" class=\"wp-image-69419\" srcset=\"https:\/\/infotorrent.es\/wp-content\/uploads\/2024\/07\/WhatsApp-Image-2024-07-09-at-11.23.26-1024x683.jpeg 1024w, https:\/\/infotorrent.es\/wp-content\/uploads\/2024\/07\/WhatsApp-Image-2024-07-09-at-11.23.26-300x200.jpeg 300w, https:\/\/infotorrent.es\/wp-content\/uploads\/2024\/07\/WhatsApp-Image-2024-07-09-at-11.23.26-768x512.jpeg 768w, https:\/\/infotorrent.es\/wp-content\/uploads\/2024\/07\/WhatsApp-Image-2024-07-09-at-11.23.26-1536x1024.jpeg 1536w, https:\/\/infotorrent.es\/wp-content\/uploads\/2024\/07\/WhatsApp-Image-2024-07-09-at-11.23.26.jpeg 1620w\" sizes=\"(max-width: 1024px) 100vw, 1024px\" \/><\/figure>\n\n\n\n<figure class=\"wp-block-image size-large\"><img decoding=\"async\" width=\"1024\" height=\"683\" src=\"https:\/\/infotorrent.es\/wp-content\/uploads\/2024\/07\/WhatsApp-Image-2024-07-09-at-11.23.29-1024x683.jpeg\" alt=\"\" class=\"wp-image-69421\" srcset=\"https:\/\/infotorrent.es\/wp-content\/uploads\/2024\/07\/WhatsApp-Image-2024-07-09-at-11.23.29-1024x683.jpeg 1024w, https:\/\/infotorrent.es\/wp-content\/uploads\/2024\/07\/WhatsApp-Image-2024-07-09-at-11.23.29-300x200.jpeg 300w, https:\/\/infotorrent.es\/wp-content\/uploads\/2024\/07\/WhatsApp-Image-2024-07-09-at-11.23.29-768x512.jpeg 768w, https:\/\/infotorrent.es\/wp-content\/uploads\/2024\/07\/WhatsApp-Image-2024-07-09-at-11.23.29-1536x1024.jpeg 1536w, https:\/\/infotorrent.es\/wp-content\/uploads\/2024\/07\/WhatsApp-Image-2024-07-09-at-11.23.29.jpeg 1620w\" sizes=\"(max-width: 1024px) 100vw, 1024px\" \/><\/figure>\n\n\n\n<figure class=\"wp-block-image size-large\"><img loading=\"lazy\" decoding=\"async\" width=\"1024\" height=\"683\" src=\"https:\/\/infotorrent.es\/wp-content\/uploads\/2024\/07\/WhatsApp-Image-2024-07-09-at-11.23.28-1024x683.jpeg\" alt=\"\" class=\"wp-image-69423\" srcset=\"https:\/\/infotorrent.es\/wp-content\/uploads\/2024\/07\/WhatsApp-Image-2024-07-09-at-11.23.28-1024x683.jpeg 1024w, https:\/\/infotorrent.es\/wp-content\/uploads\/2024\/07\/WhatsApp-Image-2024-07-09-at-11.23.28-300x200.jpeg 300w, https:\/\/infotorrent.es\/wp-content\/uploads\/2024\/07\/WhatsApp-Image-2024-07-09-at-11.23.28-768x512.jpeg 768w, https:\/\/infotorrent.es\/wp-content\/uploads\/2024\/07\/WhatsApp-Image-2024-07-09-at-11.23.28-1536x1024.jpeg 1536w, https:\/\/infotorrent.es\/wp-content\/uploads\/2024\/07\/WhatsApp-Image-2024-07-09-at-11.23.28.jpeg 1620w\" sizes=\"(max-width: 1024px) 100vw, 1024px\" \/><\/figure>\n\n\n\n<figure class=\"wp-block-image size-large\"><img loading=\"lazy\" decoding=\"async\" width=\"1024\" height=\"683\" src=\"https:\/\/infotorrent.es\/wp-content\/uploads\/2024\/07\/WhatsApp-Image-2024-07-09-at-11.23.282-1024x683.jpeg\" alt=\"\" class=\"wp-image-69425\" srcset=\"https:\/\/infotorrent.es\/wp-content\/uploads\/2024\/07\/WhatsApp-Image-2024-07-09-at-11.23.282-1024x683.jpeg 1024w, https:\/\/infotorrent.es\/wp-content\/uploads\/2024\/07\/WhatsApp-Image-2024-07-09-at-11.23.282-300x200.jpeg 300w, https:\/\/infotorrent.es\/wp-content\/uploads\/2024\/07\/WhatsApp-Image-2024-07-09-at-11.23.282-768x512.jpeg 768w, https:\/\/infotorrent.es\/wp-content\/uploads\/2024\/07\/WhatsApp-Image-2024-07-09-at-11.23.282-1536x1024.jpeg 1536w, https:\/\/infotorrent.es\/wp-content\/uploads\/2024\/07\/WhatsApp-Image-2024-07-09-at-11.23.282.jpeg 1620w\" sizes=\"(max-width: 1024px) 100vw, 1024px\" \/><\/figure>\n","protected":false},"excerpt":{"rendered":"<p>La fa\u00e7ana de l&#8217;edifici municipal presenta escantell en el morter pel que es realitzar\u00e0 una actuaci\u00f3 perqu\u00e8 la fa\u00e7ana siga conforme als colors del Centre Hist\u00f2ric de Torrent i a l&#8217;\u00fas cultural i educatiu L&#8217;Ajuntament de Torrent ha anunciat les pr\u00f2ximes obres de millora de la fa\u00e7ana de l&#8217;edifici del Centre Cultural Sant Marcos, situat [&hellip;]<\/p>\n","protected":false},"author":15,"featured_media":69417,"comment_status":"open","ping_status":"open","sticky":false,"template":"","format":"standard","meta":{"_acf_changed":false,"footnotes":""},"categories":[137],"tags":[],"class_list":["post-69416","post","type-post","status-publish","format-standard","has-post-thumbnail","hentry","category-urbanismo-2"],"acf":[],"_links":{"self":[{"href":"https:\/\/infotorrent.es\/ca\/wp-json\/wp\/v2\/posts\/69416","targetHints":{"allow":["GET"]}}],"collection":[{"href":"https:\/\/infotorrent.es\/ca\/wp-json\/wp\/v2\/posts"}],"about":[{"href":"https:\/\/infotorrent.es\/ca\/wp-json\/wp\/v2\/types\/post"}],"author":[{"embeddable":true,"href":"https:\/\/infotorrent.es\/ca\/wp-json\/wp\/v2\/users\/15"}],"replies":[{"embeddable":true,"href":"https:\/\/infotorrent.es\/ca\/wp-json\/wp\/v2\/comments?post=69416"}],"version-history":[{"count":2,"href":"https:\/\/infotorrent.es\/ca\/wp-json\/wp\/v2\/posts\/69416\/revisions"}],"predecessor-version":[{"id":69436,"href":"https:\/\/infotorrent.es\/ca\/wp-json\/wp\/v2\/posts\/69416\/revisions\/69436"}],"wp:featuredmedia":[{"embeddable":true,"href":"https:\/\/infotorrent.es\/ca\/wp-json\/wp\/v2\/media\/69417"}],"wp:attachment":[{"href":"https:\/\/infotorrent.es\/ca\/wp-json\/wp\/v2\/media?parent=69416"}],"wp:term":[{"taxonomy":"category","embeddable":true,"href":"https:\/\/infotorrent.es\/ca\/wp-json\/wp\/v2\/categories?post=69416"},{"taxonomy":"post_tag","embeddable":true,"href":"https:\/\/infotorrent.es\/ca\/wp-json\/wp\/v2\/tags?post=69416"}],"curies":[{"name":"wp","href":"https:\/\/api.w.org\/{rel}","templated":true}]}}