{"id":68980,"date":"2024-06-27T10:10:54","date_gmt":"2024-06-27T10:10:54","guid":{"rendered":"https:\/\/infotorrent.es\/?p=68980"},"modified":"2024-06-27T10:14:26","modified_gmt":"2024-06-27T10:14:26","slug":"torrent-homenatja-les-seues-bandes-de-musica-en-el-primer-llibre-de-la-colleccio-gran-torrent","status":"publish","type":"post","link":"https:\/\/infotorrent.es\/ca\/noticies\/cultura\/torrent-homenatja-les-seues-bandes-de-musica-en-el-primer-llibre-de-la-colleccio-gran-torrent\/","title":{"rendered":"Torrent homenatja les seues bandes de m\u00fasica en el primer llibre de la col\u00b7lecci\u00f3 Gran Torrent"},"content":{"rendered":"\n<p><strong>\u201cBandes torrentines que fan certamen\u201d, del cronista oficial de Torrent, Jos\u00e9 Royo Mart\u00ednez, \u00e9s el primer quadern d&#8217;estudi i investigaci\u00f3 que repassa la traject\u00f2ria de les bandes de la nostra ciutat en el Certamen de Val\u00e8ncia<\/strong><\/p>\n\n\n\n<p>La Regidoria de Cultura de l&#8217;Ajuntament de Torrent, que dirigix Aitor S\u00e1nchez, ha posat en marxa la col\u00b7lecci\u00f3 Gran Torrent. Es tracta d&#8217;una s\u00e8rie de quaderns d&#8217;estudi i investigaci\u00f3 que retran homenatge a persones i entitats de la capital de l&#8217;Horta Sud que, amb les seues accions, contribu\u00efxen a l&#8217;engrandiment de la ciutat.<\/p>\n\n\n\n<p>El primer llibre de la col\u00b7lecci\u00f3 Gran Torrent est\u00e0 dedicat a les bandes de m\u00fasica torrentines, una dels senyes d&#8217;identitat cultural m\u00e9s importants de la ciutat.i es titula<strong> \u201cBandes torrentines que fan certamen\u201d,<\/strong> del cronista oficial de Torrent, Jos\u00e9 Royo Mart\u00ednez. La publicaci\u00f3 recorre les participacions de les bandes de m\u00fasica torrentines en el Certamen Internacional de Bandes de M\u00fasica \u201cCiutat de Val\u00e8ncia\u201d, que enguany celebra la seua 136a edici\u00f3. Precisament, fa quasi un any, la Uni\u00f3 Musical de Torrent obtenia el primer premi de la secci\u00f3 d&#8217;honor en el Certamen de 2023.<\/p>\n\n\n\n<p>La presentaci\u00f3 de la col\u00b7lecci\u00f3 Gran Torrent i el primer llibre dedicat a les bandes de Torrent es presentar\u00e0 este divendres 28 de juny a les 19.30 hores en la Sala d&#8217;actes de l&#8217;Ajuntament de Torrent.<\/p>\n\n\n\n<p>El regidor de Cultura, Aitor S\u00e1nchez ha assenyalat que<strong> \u201cdes de l&#8217;Ajuntament de Torrent volem recon\u00e9ixer a aquelles persones i entitats que, per la seua traject\u00f2ria professional, creen marca Torrent i ajuden a engrandir el nom de la nostra ciutat\u201d.<\/strong><\/p>\n\n\n\n<p><strong>Un homenatge a les persones i entitats que fan gran a Torrent<\/strong><\/p>\n\n\n\n<p>La col\u00b7lecci\u00f3 Gran Torrent naix amb l&#8217;objectiu de recon\u00e9ixer i posar en valor la labor de persones i entitats que han contribu\u00eft de manera significativa al desenvolupament i engrandiment de la ciutat de Torrent. A trav\u00e9s d&#8217;estos quaderns d&#8217;estudi i investigaci\u00f3, es pret\u00e9n aprofundir en la seua traject\u00f2ria i llegat, i donar-los a con\u00e9ixer a la ciutadania.<\/p>\n\n\n\n<p>En este primer llibre, Pepe Royo repassa la traject\u00f2ria de les bandes en el Certamen Internacional de Bandes de M\u00fasica \u201cCiutat de Val\u00e8ncia\u201d, un dels cert\u00e0mens de m\u00fasica m\u00e9s prestigiosos del m\u00f3n i en el qual des de 1889 han participat bandes torrentines. El Centre Art\u00edstic Musical, el Patronat de la Joventut Obrera, l&#8217;Ateneu Musical Obrer, la Banda Municipal de Torrent, la Banda del Cercle Cat\u00f2lic i la Uni\u00f3 Musical de Torrent han participat i collit grans \u00e8xits per a la ciutat de Torrent al llarg de tots estos anys.<\/p>\n\n\n\n<p>La Regidoria de Cultura convida a tota la ciutadania a assistir a este acte per a con\u00e9ixer m\u00e9s sobre la col\u00b7lecci\u00f3 Gran Torrent i el primer llibre dedicat a les bandes de m\u00fasica torrentines.<\/p>\n","protected":false},"excerpt":{"rendered":"<p>\u201cBandes torrentines que fan certamen\u201d, del cronista oficial de Torrent, Jos\u00e9 Royo Mart\u00ednez, \u00e9s el primer quadern d&#8217;estudi i investigaci\u00f3 que repassa la traject\u00f2ria de les bandes de la nostra ciutat en el Certamen de Val\u00e8ncia La Regidoria de Cultura de l&#8217;Ajuntament de Torrent, que dirigix Aitor S\u00e1nchez, ha posat en marxa la col\u00b7lecci\u00f3 Gran [&hellip;]<\/p>\n","protected":false},"author":2,"featured_media":68978,"comment_status":"open","ping_status":"open","sticky":false,"template":"","format":"standard","meta":{"_acf_changed":false,"footnotes":""},"categories":[117,126,756,1132],"tags":[],"class_list":["post-68980","post","type-post","status-publish","format-standard","has-post-thumbnail","hentry","category-cultura","category-cultura-es-2","category-cultura-noticias-2","category-cultura-ca"],"acf":[],"_links":{"self":[{"href":"https:\/\/infotorrent.es\/ca\/wp-json\/wp\/v2\/posts\/68980","targetHints":{"allow":["GET"]}}],"collection":[{"href":"https:\/\/infotorrent.es\/ca\/wp-json\/wp\/v2\/posts"}],"about":[{"href":"https:\/\/infotorrent.es\/ca\/wp-json\/wp\/v2\/types\/post"}],"author":[{"embeddable":true,"href":"https:\/\/infotorrent.es\/ca\/wp-json\/wp\/v2\/users\/2"}],"replies":[{"embeddable":true,"href":"https:\/\/infotorrent.es\/ca\/wp-json\/wp\/v2\/comments?post=68980"}],"version-history":[{"count":1,"href":"https:\/\/infotorrent.es\/ca\/wp-json\/wp\/v2\/posts\/68980\/revisions"}],"predecessor-version":[{"id":68981,"href":"https:\/\/infotorrent.es\/ca\/wp-json\/wp\/v2\/posts\/68980\/revisions\/68981"}],"wp:featuredmedia":[{"embeddable":true,"href":"https:\/\/infotorrent.es\/ca\/wp-json\/wp\/v2\/media\/68978"}],"wp:attachment":[{"href":"https:\/\/infotorrent.es\/ca\/wp-json\/wp\/v2\/media?parent=68980"}],"wp:term":[{"taxonomy":"category","embeddable":true,"href":"https:\/\/infotorrent.es\/ca\/wp-json\/wp\/v2\/categories?post=68980"},{"taxonomy":"post_tag","embeddable":true,"href":"https:\/\/infotorrent.es\/ca\/wp-json\/wp\/v2\/tags?post=68980"}],"curies":[{"name":"wp","href":"https:\/\/api.w.org\/{rel}","templated":true}]}}