{"id":68567,"date":"2024-06-17T10:52:48","date_gmt":"2024-06-17T10:52:48","guid":{"rendered":"https:\/\/infotorrent.es\/uncategorized\/la-torrentina-rebeca-munoz-brilla-con-luz-propia-en-el-campeonato-de-espana-de-gimnasia-aerobica\/"},"modified":"2024-06-17T10:58:48","modified_gmt":"2024-06-17T10:58:48","slug":"la-torrentina-rebeca-munoz-brilla-con-luz-propia-en-el-campeonato-de-espana-de-gimnasia-aerobica","status":"publish","type":"post","link":"https:\/\/infotorrent.es\/ca\/deporte-ca\/la-torrentina-rebeca-munoz-brilla-con-luz-propia-en-el-campeonato-de-espana-de-gimnasia-aerobica\/","title":{"rendered":"La torrentina Rebeca Mu\u00f1oz brilla amb llum pr\u00f2pia en el Campionat d&#8217;Espanya de Gimn\u00e0stica Aer\u00f2bica"},"content":{"rendered":"\n<h4 class=\"wp-block-heading\"><strong>La torrentina ha collit un brillant palmar\u00e9s en la categoria j\u00fanior: or en grup, bronze en aerodance, bronze en trio i quinta en individual<\/strong><\/h4>\n\n\n\n<p>El Pavell\u00f3 Municipal del Vedat de Torrent s&#8217;ha convertit en el focus de la gimn\u00e0stica aer\u00f2bica durant tot el cap de setmana, acollint el Campionat d&#8217;Espanya de Gimn\u00e0stica Aer\u00f2bica 2024. La competici\u00f3, organitzada per l&#8217;Ajuntament de Torrent, a trav\u00e9s de la FDM, en col\u00b7laboraci\u00f3 amb la Federaci\u00f3 Espanyola de Gimn\u00e0stica Aer\u00f2bica, ha reunit els millors gimnastes del pa\u00eds en totes les disciplines (individual, parelles, trios i conjunts).<\/p>\n\n\n\n<p>La Torrentina Rebeca Mu\u00f1oz, la gran protagonista local<\/p>\n\n\n\n<p>Entre els participants, ha destacat l&#8217;actuaci\u00f3 de la gimnasta torrentina Rebeca Mu\u00f1oz Mart\u00edn, qui ha\u00a0collit un brillant palmar\u00e9s\u00a0en la categoria J\u00fanior: or en grup, bronze en aerodance, bronze en trio i quinta en individual. Malgrat no pujar al podi en la modalitat individual, Rebeca fregava la medalla amb un meritori quint lloc, deixant const\u00e0ncia del seu alt nivell competitiu.<\/p>\n\n\n\n<p>Els resultats obtinguts li obrin les portes per a participar en el Campionat del M\u00f3n de Gimn\u00e0stica Aer\u00f2bica, que se celebrar\u00e0 al setembre d&#8217;enguany. Un somni que la jove gimnasta torrentina espera convertir en realitat amb treball, esfor\u00e7 i dedicaci\u00f3.<\/p>\n\n\n\n<p>Des de l&#8217;Ajuntament de Torrent s&#8217;ha mostrat un gran orgull pels assoliments de Rebeca Mu\u00f1oz, considerant-la un exemple de talent, sacrifici i superaci\u00f3. El Regidor d&#8217;Esport, Guillermo Alonso del Real, que ha sigut present durant les tres jornades, ha reiterat el comprom\u00eds del consistori&nbsp;\u201camb l&#8217;esport i la promoci\u00f3 de joves promeses com ella, apostant per l&#8217;organitzaci\u00f3 d&#8217;esdeveniments esportius de primer nivell que contribu\u00efsquen al desenvolupament de l&#8217;esport en la localitat.\u201d<\/p>\n\n\n\n<p>El Campionat d&#8217;Espanya de Gimn\u00e0stica Aer\u00f2bica 2024 ha sigut tot un \u00e8xit, tant per l&#8217;alt nivell competitiu dels participants com per la gran aflu\u00e8ncia de p\u00fablic que ha disfrutat de les espectaculars coreografies i acrob\u00e0cies. Torrent es consolida aix\u00ed com un referent en l&#8217;organitzaci\u00f3 d&#8217;esdeveniments esportius de primer nivell.<\/p>\n\n\n\n<figure class=\"wp-block-image size-large\"><img fetchpriority=\"high\" decoding=\"async\" width=\"1024\" height=\"1011\" src=\"https:\/\/infotorrent.es\/wp-content\/uploads\/2024\/06\/CAMPEONATO-ESPANA-AEROBICA-1024x1011.jpeg\" alt=\"\" class=\"wp-image-68563\" srcset=\"https:\/\/infotorrent.es\/wp-content\/uploads\/2024\/06\/CAMPEONATO-ESPANA-AEROBICA-1024x1011.jpeg 1024w, https:\/\/infotorrent.es\/wp-content\/uploads\/2024\/06\/CAMPEONATO-ESPANA-AEROBICA-300x296.jpeg 300w, https:\/\/infotorrent.es\/wp-content\/uploads\/2024\/06\/CAMPEONATO-ESPANA-AEROBICA-768x758.jpeg 768w, https:\/\/infotorrent.es\/wp-content\/uploads\/2024\/06\/CAMPEONATO-ESPANA-AEROBICA.jpeg 1159w\" sizes=\"(max-width: 1024px) 100vw, 1024px\" \/><\/figure>\n","protected":false},"excerpt":{"rendered":"<p>La torrentina ha collit un brillant palmar\u00e9s en la categoria j\u00fanior: or en grup, bronze en aerodance, bronze en trio i quinta en individual El Pavell\u00f3 Municipal del Vedat de Torrent s&#8217;ha convertit en el focus de la gimn\u00e0stica aer\u00f2bica durant tot el cap de setmana, acollint el Campionat d&#8217;Espanya de Gimn\u00e0stica Aer\u00f2bica 2024. La [&hellip;]<\/p>\n","protected":false},"author":15,"featured_media":68571,"comment_status":"open","ping_status":"open","sticky":false,"template":"","format":"standard","meta":{"_acf_changed":false,"footnotes":""},"categories":[1186],"tags":[],"class_list":["post-68567","post","type-post","status-publish","format-standard","has-post-thumbnail","hentry","category-deporte-ca"],"acf":[],"_links":{"self":[{"href":"https:\/\/infotorrent.es\/ca\/wp-json\/wp\/v2\/posts\/68567","targetHints":{"allow":["GET"]}}],"collection":[{"href":"https:\/\/infotorrent.es\/ca\/wp-json\/wp\/v2\/posts"}],"about":[{"href":"https:\/\/infotorrent.es\/ca\/wp-json\/wp\/v2\/types\/post"}],"author":[{"embeddable":true,"href":"https:\/\/infotorrent.es\/ca\/wp-json\/wp\/v2\/users\/15"}],"replies":[{"embeddable":true,"href":"https:\/\/infotorrent.es\/ca\/wp-json\/wp\/v2\/comments?post=68567"}],"version-history":[{"count":1,"href":"https:\/\/infotorrent.es\/ca\/wp-json\/wp\/v2\/posts\/68567\/revisions"}],"predecessor-version":[{"id":68570,"href":"https:\/\/infotorrent.es\/ca\/wp-json\/wp\/v2\/posts\/68567\/revisions\/68570"}],"wp:featuredmedia":[{"embeddable":true,"href":"https:\/\/infotorrent.es\/ca\/wp-json\/wp\/v2\/media\/68571"}],"wp:attachment":[{"href":"https:\/\/infotorrent.es\/ca\/wp-json\/wp\/v2\/media?parent=68567"}],"wp:term":[{"taxonomy":"category","embeddable":true,"href":"https:\/\/infotorrent.es\/ca\/wp-json\/wp\/v2\/categories?post=68567"},{"taxonomy":"post_tag","embeddable":true,"href":"https:\/\/infotorrent.es\/ca\/wp-json\/wp\/v2\/tags?post=68567"}],"curies":[{"name":"wp","href":"https:\/\/api.w.org\/{rel}","templated":true}]}}