{"id":68516,"date":"2024-06-14T07:37:22","date_gmt":"2024-06-14T07:37:22","guid":{"rendered":"https:\/\/infotorrent.es\/uncategorized\/torrent-se-despide-de-su-comisario-principal-jefe-eduardo-martinez\/"},"modified":"2024-06-14T07:39:36","modified_gmt":"2024-06-14T07:39:36","slug":"torrent-se-despide-de-su-comisario-principal-jefe-eduardo-martinez","status":"publish","type":"post","link":"https:\/\/infotorrent.es\/ca\/noticias-2\/torrent-se-despide-de-su-comisario-principal-jefe-eduardo-martinez\/","title":{"rendered":"Torrent s&#8217;acomiada del seu Comissari Principal Cap, Eduardo Mart\u00ednez"},"content":{"rendered":"\n<p><strong>Despr\u00e9s de 44 anys de servici, 36 d&#8217;ells dedicats a Torrent i una llarga traject\u00f2ria professional, passa a gaudir d&#8217;una merescuda jubilaci\u00f3<\/strong><\/p>\n\n\n\n<p>L&#8217;alcaldessa de Torrent, Amparo Folgado, ha ressaltat la labor realitzada per Eduardo Mart\u00ednez, durant 44 anys de servici a la Policia Local, 36 d&#8217;ells dedicats a la ciutat de Torrent, on residia.<\/p>\n\n\n\n<p>Llicenciat en Dret, l&#8217;any 1980 ingressava en la Policia Local de Val\u00e8ncia. Va ascendir a Inspector cap de la Policia Local de Catarroja i en 1988 passava a ser Comissari Cap del cos a Torrent. Compta amb diverses condecoracions i felicitacions, entre les quals destaca la Creu al M\u00e8rit Policial del Ministeri d&#8217;Interior.<\/p>\n\n\n\n<p>Des de 1.986 ha format part del quadre de professors, primer, de l&#8217;Escola de Policia Local i Bombers de la Comunitat Valenciana, i posteriorment de l&#8217;Institut Valenci\u00e0 de Seguretat com a especialista en Atestats i Investigaci\u00f3 d&#8217;Accidents. Ha sigut membre del Gabinet T\u00e8cnic de la Generalitat, participant en la redacci\u00f3 de les lleis de coordinaci\u00f3 i els decrets del seu desenvolupament. Fundador de l&#8217;Associaci\u00f3 de Caps de la Prov\u00edncia de Val\u00e8ncia, de l&#8217;Associaci\u00f3 de Caps i Comandaments de la Comunitat Valenciana i de la Uni\u00f3 de Comandaments de la Comunitat Valenciana.<\/p>\n\n\n\n<p>\u201cLleialtat, professionalitat i lliurament total\u201d, s\u00f3n alguns dels m\u00e8rits que Amparo Folgado ha enaltit en Eduardo Mart\u00ednez, que ha treballat per a \u201cfer del Cos de la Policia Local una instituci\u00f3 en permanent evoluci\u00f3, concorde a la societat a la qual tan efica\u00e7ment ha servit, caracteritzada per un permanent esfor\u00e7 de proximitat al ciutad\u00e0\u201d, ha assenyalat Folgado.<\/p>\n\n\n\n<p>\u201cAl llarg de m\u00e9s de tres d\u00e8cades ha fet gala del seu total lliurament i dedicaci\u00f3 a la labor, totalment fonamental, de fer de Torrent una ciutat m\u00e9s segura\u201d, ha afirmat Amparo Folgado, a qui ha agra\u00eft durant tot este temps \u201cla seua col\u00b7laboraci\u00f3 amb el Govern de la ciutat amb l&#8217;objectiu de fer de Torrent un lloc millor, des de la plena convicci\u00f3 que no hi ha major garantia de llibertat i de conviv\u00e8ncia que la seguretat ciutadana\u201d.<\/p>\n\n\n\n<p>Folgado ha ressaltat que l&#8217;esfor\u00e7 d&#8217;Eduardo Mart\u00ednez \u201cha sigut tan valu\u00f3s com \u00fatil, amb una traject\u00f2ria en la qual ha intentat ser pr\u00f2xim a les persones i les seues necessitats, amb un gran esperit de col\u00b7laboraci\u00f3 i servici, una capacitat de di\u00e0leg, i permanent lliurament\u201d.<\/p>\n\n\n\n<p>L&#8217;alcaldessa Folgado li ha desitjat el millor, ara que, als seus 65 anys, comen\u00e7a una nova etapa en la seua vida, i ha declarat que \u201cpodem sentir-nos molt orgullosos i satisfets, perqu\u00e8 el balan\u00e7 del seu treball ha sigut extraordinari i Torrent t\u00e9 un deute de gratitud amb ell\u201d.<\/p>\n","protected":false},"excerpt":{"rendered":"<p>Despr\u00e9s de 44 anys de servici, 36 d&#8217;ells dedicats a Torrent i una llarga traject\u00f2ria professional, passa a gaudir d&#8217;una merescuda jubilaci\u00f3 L&#8217;alcaldessa de Torrent, Amparo Folgado, ha ressaltat la labor realitzada per Eduardo Mart\u00ednez, durant 44 anys de servici a la Policia Local, 36 d&#8217;ells dedicats a la ciutat de Torrent, on residia. Llicenciat [&hellip;]<\/p>\n","protected":false},"author":2,"featured_media":68514,"comment_status":"open","ping_status":"open","sticky":false,"template":"","format":"standard","meta":{"_acf_changed":false,"footnotes":""},"categories":[127],"tags":[],"class_list":["post-68516","post","type-post","status-publish","format-standard","has-post-thumbnail","hentry","category-noticias-2"],"acf":[],"_links":{"self":[{"href":"https:\/\/infotorrent.es\/ca\/wp-json\/wp\/v2\/posts\/68516","targetHints":{"allow":["GET"]}}],"collection":[{"href":"https:\/\/infotorrent.es\/ca\/wp-json\/wp\/v2\/posts"}],"about":[{"href":"https:\/\/infotorrent.es\/ca\/wp-json\/wp\/v2\/types\/post"}],"author":[{"embeddable":true,"href":"https:\/\/infotorrent.es\/ca\/wp-json\/wp\/v2\/users\/2"}],"replies":[{"embeddable":true,"href":"https:\/\/infotorrent.es\/ca\/wp-json\/wp\/v2\/comments?post=68516"}],"version-history":[{"count":1,"href":"https:\/\/infotorrent.es\/ca\/wp-json\/wp\/v2\/posts\/68516\/revisions"}],"predecessor-version":[{"id":68518,"href":"https:\/\/infotorrent.es\/ca\/wp-json\/wp\/v2\/posts\/68516\/revisions\/68518"}],"wp:featuredmedia":[{"embeddable":true,"href":"https:\/\/infotorrent.es\/ca\/wp-json\/wp\/v2\/media\/68514"}],"wp:attachment":[{"href":"https:\/\/infotorrent.es\/ca\/wp-json\/wp\/v2\/media?parent=68516"}],"wp:term":[{"taxonomy":"category","embeddable":true,"href":"https:\/\/infotorrent.es\/ca\/wp-json\/wp\/v2\/categories?post=68516"},{"taxonomy":"post_tag","embeddable":true,"href":"https:\/\/infotorrent.es\/ca\/wp-json\/wp\/v2\/tags?post=68516"}],"curies":[{"name":"wp","href":"https:\/\/api.w.org\/{rel}","templated":true}]}}