{"id":68438,"date":"2024-06-12T08:28:23","date_gmt":"2024-06-12T08:28:23","guid":{"rendered":"https:\/\/infotorrent.es\/uncategorized\/torrent-celebra-este-sabado-el-dia-mundial-de-tejer-en-publico\/"},"modified":"2024-06-12T08:33:44","modified_gmt":"2024-06-12T08:33:44","slug":"torrent-celebra-este-sabado-el-dia-mundial-de-tejer-en-publico","status":"publish","type":"post","link":"https:\/\/infotorrent.es\/ca\/igualtat\/torrent-celebra-este-sabado-el-dia-mundial-de-tejer-en-publico\/","title":{"rendered":"Torrent celebra este dissabte el Dia Mundial de Teixir en P\u00fablico"},"content":{"rendered":"\n<h5 class=\"wp-block-heading\">La ciutat acull la 5a edici\u00f3 del Dia Mundial de Teixir en P\u00fablico en el Museu Comarcal de l&#8217;Horta Sud<\/h5>\n\n\n\n<h5 class=\"wp-block-heading\">La Casa de la Dona s&#8217;unix a la celebraci\u00f3 eixint al carrer el dijous 13 de juny amb un taller de crochet<\/h5>\n\n\n\n<p>Dissabte que ve 15 de juny, el Museu Comarcal de l&#8217;Horta Sud es convertix en l&#8217;epicentre del teixit a Torrent amb la celebraci\u00f3 de la 5a edici\u00f3 del Dia Mundial de Teixir en P\u00fablico. Un any m\u00e9s, s&#8217;ha organitzat una jornada repleta d&#8217;activitats per a tots els p\u00fablics, des de tallers i demostracions fins a xarrades i sortejos, que compta amb la col\u00b7laboraci\u00f3 de l&#8217;Ajuntament de Torrent i amb la direcci\u00f3 de Carolina Damonte com\u00a0Knitting sheep.<\/p>\n\n\n\n<p>El dissabte 8 de juny va ser el Dia Mundial de Teixir en P\u00fablico, tamb\u00e9 conegut com \u201cWorld Wide Knitting in Public Day\u201d. Este moviment mundial va n\u00e0ixer amb la intenci\u00f3 de recon\u00e9ixer el treball de fil que durant tants anys han exercit majorit\u00e0riament les dones.<\/p>\n\n\n\n<p>Les dones han cosit i teixit des de temps remots, no sols en els seus espais d&#8217;oci i temps lliure com a element fonamental de la seua sociabilitat, sin\u00f3 tamb\u00e9 en l&#8217;assumpci\u00f3 de les responsabilitats dom\u00e8stiques i de cures. No hem d&#8217;oblidar el treball en l&#8217;economia submergida, que ha rebut esc\u00e0s reconeixement social.<\/p>\n\n\n\n<p>L&#8217;Ajuntament de Torrent manifesta el seu suport i reconeixement social a este treball, al mateix temps que afici\u00f3, mitjan\u00e7ant l&#8217;organitzaci\u00f3 de diversos tallers a casa de la Dona, el suport a les dones artesanes i la celebraci\u00f3 de dies com este.<\/p>\n\n\n\n<p>La realitat \u00e9s que existix molta gent que tix, no sols dones majors. Cada vegada s\u00f3n m\u00e9s les persones joves, tant dones com homes, que s&#8217;interessen per esta t\u00e8cnica com una forma d&#8217;oci i una eixida laboral digna.<\/p>\n\n\n\n<p>La part po\u00e8tica sorgix dels lla\u00e7os que es creen entre les persones teixidores, en un aprenentatge que els embolica, enriquix i reconforta. A m\u00e9s, fer-ho en p\u00fablic genera que la ciutadania connecte entre si, fent del teixir un acte social i p\u00fablic.<\/p>\n\n\n\n<p>La regidora d&#8217;Igualtat, Amparo Chust, ha destacat la import\u00e0ncia d&#8217;este esdeveniment per a &#8220;visibilitzar el treball de les dones teixidores i reivindicar el valor d&#8217;esta artesania tradicional&#8221;. A m\u00e9s, ha animat a tota la ciutadania a participar en la jornada i &#8220;disfrutar d&#8217;un dia en comunitat entorn de l&#8217;art t\u00e8xtil&#8221;.<\/p>\n\n\n\n<p>Programaci\u00f3:<\/p>\n\n\n\n<p>&nbsp;&nbsp;&nbsp; 10.00 h.: Benvinguda.<\/p>\n\n\n\n<p>\u00a0\u00a0\u00a0 10.30 h.: Andana: Taller &#8220;Com triar el fil que millor s&#8217;adapte a la teua labor&#8221;. Tast de fils patrocinada per Coruja.<\/p>\n\n\n\n<p>&nbsp;&nbsp;&nbsp;&nbsp;&nbsp;&nbsp;&nbsp; Pati: Demostraci\u00f3 de brodat i estampaci\u00f3 amb Almudena P\u00e9rez.<\/p>\n\n\n\n<p>&nbsp;&nbsp;&nbsp; 11.00 h.: Lectura del manifest i taller per a xiquetes i xiquets.<\/p>\n\n\n\n<p>\u00a0\u00a0\u00a0 12.00 h.: Andana: Taller &#8220;La import\u00e0ncia de la Mostra de Tensi\u00f3&#8221;.<\/p>\n\n\n\n<p>\u00a0\u00a0\u00a0\u00a0\u00a0\u00a0\u00a0 Pati: Demostraci\u00f3 de teixit en teler amb Telare.<\/p>\n\n\n\n<p>&nbsp;&nbsp;&nbsp; 13.00 a 13.30 h.: Bingo i sortejos cada 30 minuts.<\/p>\n\n\n\n<p>&nbsp;&nbsp;&nbsp; 13.30 h.: Fi de festa.<\/p>\n\n\n\n<p>Per a participar en la trobada o assistir a algun dels tallers, \u00e9s necessari enviar un correu electr\u00f2nic a:&nbsp;museu@museuhortasud.com&nbsp;o trucar al tel\u00e8fon: 96 158 82 21 (en horari de 9 a 13 hores).<\/p>\n\n\n\n<p>\u201cEl crochet enva\u00efx Torrent\u201d de la m\u00e0 de la Casa de la Dona<\/p>\n\n\n\n<p>A esta causa tamb\u00e9 se suma Casa de la Dona de l&#8217;Ajuntament de Torrent, que eixir\u00e0 al carrer este dijous 13 de juny de 10.00 a 12.00 hores amb un taller de crochet. L&#8217;objectiu \u00e9s bandejar estereotips i lluitar per una societat m\u00e9s igualit\u00e0ria i sense discriminaci\u00f3 per ra\u00f3 de sexe, que visualitze els esfor\u00e7os i el protagonisme de les dones en la societat.<\/p>\n\n\n\n<p>La iniciativa tindr\u00e0 lloc en a avinguda al Vedat, a l&#8217;altura del Ficus de la pla\u00e7a Bisbe Benlloch. Entre totes les persones que es vulguen acostar es repartir\u00e0 un manifest, posant en valor les reivindicacions que amb esta activitat es presenten.<\/p>\n\n\n\n<p>Amb esta celebraci\u00f3, l&#8217;Ajuntament de Torrent reitera el seu comprom\u00eds amb la igualtat de g\u00e8nere i la valoritzaci\u00f3 del treball artesanal, conscient del paper fonamental que juguen tant dones com homes en la creaci\u00f3 d&#8217;una societat inclusiva i equitativa.<\/p>\n\n\n\n<figure class=\"wp-block-image size-large\"><img fetchpriority=\"high\" decoding=\"async\" width=\"1024\" height=\"682\" src=\"https:\/\/infotorrent.es\/wp-content\/uploads\/2024\/06\/WhatsApp-Image-2024-06-12-at-09.57.59-1024x682.jpeg\" alt=\"\" class=\"wp-image-68428\" srcset=\"https:\/\/infotorrent.es\/wp-content\/uploads\/2024\/06\/WhatsApp-Image-2024-06-12-at-09.57.59-1024x682.jpeg 1024w, https:\/\/infotorrent.es\/wp-content\/uploads\/2024\/06\/WhatsApp-Image-2024-06-12-at-09.57.59-300x200.jpeg 300w, https:\/\/infotorrent.es\/wp-content\/uploads\/2024\/06\/WhatsApp-Image-2024-06-12-at-09.57.59-768x512.jpeg 768w, https:\/\/infotorrent.es\/wp-content\/uploads\/2024\/06\/WhatsApp-Image-2024-06-12-at-09.57.59-1536x1023.jpeg 1536w, https:\/\/infotorrent.es\/wp-content\/uploads\/2024\/06\/WhatsApp-Image-2024-06-12-at-09.57.59.jpeg 1600w\" sizes=\"(max-width: 1024px) 100vw, 1024px\" \/><\/figure>\n\n\n\n<figure class=\"wp-block-image size-large\"><img decoding=\"async\" width=\"1024\" height=\"682\" src=\"https:\/\/infotorrent.es\/wp-content\/uploads\/2024\/06\/TEJER-EN-PUBLICO-4-1024x682.jpeg\" alt=\"\" class=\"wp-image-68430\" srcset=\"https:\/\/infotorrent.es\/wp-content\/uploads\/2024\/06\/TEJER-EN-PUBLICO-4-1024x682.jpeg 1024w, https:\/\/infotorrent.es\/wp-content\/uploads\/2024\/06\/TEJER-EN-PUBLICO-4-300x200.jpeg 300w, https:\/\/infotorrent.es\/wp-content\/uploads\/2024\/06\/TEJER-EN-PUBLICO-4-768x512.jpeg 768w, https:\/\/infotorrent.es\/wp-content\/uploads\/2024\/06\/TEJER-EN-PUBLICO-4-1536x1023.jpeg 1536w, https:\/\/infotorrent.es\/wp-content\/uploads\/2024\/06\/TEJER-EN-PUBLICO-4.jpeg 1600w\" sizes=\"(max-width: 1024px) 100vw, 1024px\" \/><\/figure>\n\n\n\n<figure class=\"wp-block-image size-large\"><img decoding=\"async\" width=\"1024\" height=\"682\" src=\"https:\/\/infotorrent.es\/wp-content\/uploads\/2024\/06\/TEJER-EN-PUBLICO-2-1024x682.jpeg\" alt=\"\" class=\"wp-image-68432\" srcset=\"https:\/\/infotorrent.es\/wp-content\/uploads\/2024\/06\/TEJER-EN-PUBLICO-2-1024x682.jpeg 1024w, https:\/\/infotorrent.es\/wp-content\/uploads\/2024\/06\/TEJER-EN-PUBLICO-2-300x200.jpeg 300w, https:\/\/infotorrent.es\/wp-content\/uploads\/2024\/06\/TEJER-EN-PUBLICO-2-768x512.jpeg 768w, https:\/\/infotorrent.es\/wp-content\/uploads\/2024\/06\/TEJER-EN-PUBLICO-2-1536x1023.jpeg 1536w, https:\/\/infotorrent.es\/wp-content\/uploads\/2024\/06\/TEJER-EN-PUBLICO-2.jpeg 1600w\" sizes=\"(max-width: 1024px) 100vw, 1024px\" \/><\/figure>\n\n\n\n<figure class=\"wp-block-image size-large\"><img loading=\"lazy\" decoding=\"async\" width=\"1024\" height=\"682\" src=\"https:\/\/infotorrent.es\/wp-content\/uploads\/2024\/06\/TEJER-EN-PUBLICO-1-1024x682.jpeg\" alt=\"\" class=\"wp-image-68434\" srcset=\"https:\/\/infotorrent.es\/wp-content\/uploads\/2024\/06\/TEJER-EN-PUBLICO-1-1024x682.jpeg 1024w, https:\/\/infotorrent.es\/wp-content\/uploads\/2024\/06\/TEJER-EN-PUBLICO-1-300x200.jpeg 300w, https:\/\/infotorrent.es\/wp-content\/uploads\/2024\/06\/TEJER-EN-PUBLICO-1-768x512.jpeg 768w, https:\/\/infotorrent.es\/wp-content\/uploads\/2024\/06\/TEJER-EN-PUBLICO-1-1536x1023.jpeg 1536w, https:\/\/infotorrent.es\/wp-content\/uploads\/2024\/06\/TEJER-EN-PUBLICO-1.jpeg 1600w\" sizes=\"(max-width: 1024px) 100vw, 1024px\" \/><\/figure>\n","protected":false},"excerpt":{"rendered":"<p>La ciutat acull la 5a edici\u00f3 del Dia Mundial de Teixir en P\u00fablico en el Museu Comarcal de l&#8217;Horta Sud La Casa de la Dona s&#8217;unix a la celebraci\u00f3 eixint al carrer el dijous 13 de juny amb un taller de crochet Dissabte que ve 15 de juny, el Museu Comarcal de l&#8217;Horta Sud es [&hellip;]<\/p>\n","protected":false},"author":15,"featured_media":68442,"comment_status":"open","ping_status":"open","sticky":false,"template":"","format":"standard","meta":{"_acf_changed":false,"footnotes":""},"categories":[152,1162],"tags":[],"class_list":["post-68438","post","type-post","status-publish","format-standard","has-post-thumbnail","hentry","category-igualtat","category-casa-de-la-dona-ca"],"acf":[],"_links":{"self":[{"href":"https:\/\/infotorrent.es\/ca\/wp-json\/wp\/v2\/posts\/68438","targetHints":{"allow":["GET"]}}],"collection":[{"href":"https:\/\/infotorrent.es\/ca\/wp-json\/wp\/v2\/posts"}],"about":[{"href":"https:\/\/infotorrent.es\/ca\/wp-json\/wp\/v2\/types\/post"}],"author":[{"embeddable":true,"href":"https:\/\/infotorrent.es\/ca\/wp-json\/wp\/v2\/users\/15"}],"replies":[{"embeddable":true,"href":"https:\/\/infotorrent.es\/ca\/wp-json\/wp\/v2\/comments?post=68438"}],"version-history":[{"count":1,"href":"https:\/\/infotorrent.es\/ca\/wp-json\/wp\/v2\/posts\/68438\/revisions"}],"predecessor-version":[{"id":68441,"href":"https:\/\/infotorrent.es\/ca\/wp-json\/wp\/v2\/posts\/68438\/revisions\/68441"}],"wp:featuredmedia":[{"embeddable":true,"href":"https:\/\/infotorrent.es\/ca\/wp-json\/wp\/v2\/media\/68442"}],"wp:attachment":[{"href":"https:\/\/infotorrent.es\/ca\/wp-json\/wp\/v2\/media?parent=68438"}],"wp:term":[{"taxonomy":"category","embeddable":true,"href":"https:\/\/infotorrent.es\/ca\/wp-json\/wp\/v2\/categories?post=68438"},{"taxonomy":"post_tag","embeddable":true,"href":"https:\/\/infotorrent.es\/ca\/wp-json\/wp\/v2\/tags?post=68438"}],"curies":[{"name":"wp","href":"https:\/\/api.w.org\/{rel}","templated":true}]}}