{"id":68136,"date":"2024-06-04T07:21:54","date_gmt":"2024-06-04T07:21:54","guid":{"rendered":"https:\/\/infotorrent.es\/uncategorized\/prevencion-deteccion-y-actuacion-ante-los-tca-el-cij-de-torrent-ofrecera-charlas-gratuitas-para-abordarlos\/"},"modified":"2024-06-04T07:28:38","modified_gmt":"2024-06-04T07:28:38","slug":"prevencion-deteccion-y-actuacion-ante-los-tca-el-cij-de-torrent-ofrecera-charlas-gratuitas-para-abordarlos","status":"publish","type":"post","link":"https:\/\/infotorrent.es\/ca\/juventud-ca\/prevencion-deteccion-y-actuacion-ante-los-tca-el-cij-de-torrent-ofrecera-charlas-gratuitas-para-abordarlos\/","title":{"rendered":"Prevenci\u00f3, detecci\u00f3 i actuaci\u00f3 davant els TCA: el CIJ de Torrent oferir\u00e0 xarrades gratu\u00eftes per a abordar-los"},"content":{"rendered":"\n<h5 class=\"wp-block-heading\">El CIJ de Torrent aborda els Trastorns de la Conducta Aliment\u00e0ria en unes xarrades-col\u00b7loqui<\/h5>\n\n\n\n<h5 class=\"wp-block-heading\">Tindran lloc els dies 25 i 26 de juny, de la m\u00e0 del psic\u00f2leg cl\u00ednic especialitzat en TCA Miguel \u00c1ngel San Mart\u00edn<\/h5>\n\n\n\n<p>La delegaci\u00f3 de Joventut, que dirigix Mar\u00eda Fern\u00e1ndez Aracil, ha organitzat, a trav\u00e9s del Centre d&#8217;Informaci\u00f3 Juvenil (<em>CIJ) i comptant amb la col\u00b7laboraci\u00f3 de l&#8217;Associaci\u00f3 Valenciana de Familiars i Pacients amb Trastorns de la Conducta Aliment\u00e0ria (<\/em>AVALCAB), unes xarres-col\u00b7loqui sobre els trastorns de la conducta alimentosa: com previndre&#8217;ls, senyals d&#8217;alerta i manera adequada d&#8217;actuar davant elles.<\/p>\n\n\n\n<p>L&#8217;objectiu d&#8217;estes xarrades \u00e9s oferir informaci\u00f3 i ferramentes a pares, mares, professionals de l&#8217;educaci\u00f3 i la sanitat, aix\u00ed com a qualsevol persona interessada en la tem\u00e0tica, per a previndre, detectar i actuar de manera adequada davant els trastorns de la conducta aliment\u00e0ria (TCA).<\/p>\n\n\n\n<p>Les xarrades, que seran impartides pel psic\u00f2leg cl\u00ednic especialitzat en TCA Miguel \u00c1ngel San Mart\u00edn, col\u00b7laborador de AVALCAB, abordaran els seg\u00fcents temes:<\/p>\n\n\n\n<p>\u00b7\u00a0\u00a0\u00a0\u00a0\u00a0\u00a0\u00a0\u00a0\u00a0Qu\u00e8 s\u00f3n els Trastorns de la Conducta Aliment\u00e0ria (TCA): Definici\u00f3, tipus i caracter\u00edstiques dels TCA m\u00e9s comuns (anor\u00e8xia nerviosa, bul\u00edmia nerviosa, trastorn per fartada i trastorn d&#8217;evitaci\u00f3\/restricci\u00f3 de la ingesta).<\/p>\n\n\n\n<p>\u00b7\u00a0\u00a0\u00a0\u00a0\u00a0\u00a0\u00a0\u00a0\u00a0Senyals d&#8217;alerta: Com identificar els signes i s\u00edmptomes que poden indicar la pres\u00e8ncia d&#8217;un TCA en xiquets, xiquetes i adolescents.<\/p>\n\n\n\n<p>\u00b7\u00a0\u00a0\u00a0\u00a0\u00a0\u00a0\u00a0\u00a0\u00a0Prevenci\u00f3: Estrat\u00e8gies per a previndre l&#8217;aparici\u00f3 de TCA en xiquets, xiquetes i adolescents.<\/p>\n\n\n\n<p>\u00b7\u00a0\u00a0\u00a0\u00a0\u00a0\u00a0\u00a0\u00a0\u00a0Com actuar davant un cas de TCA: Orientacions sobre com abordar la situaci\u00f3 de manera adequada i on buscar ajuda professional.<\/p>\n\n\n\n<p>Les xarrades estan dirigides a pares i mares, professionals de l&#8217;educaci\u00f3 i tamb\u00e9 de la sanitat. Amb elles es busca ajudar a detectar els senyals d&#8217;alerta i saber com actuar, aix\u00ed com millorar la manera d&#8217;atendre estes persones des dels servicis p\u00fablics.<\/p>\n\n\n\n<p>Mar\u00eda Fern\u00e1ndez Aracil, regidor de Joventut de l&#8217;Ajuntament de Torrent, ha destacat la import\u00e0ncia d&#8217;estes xarrades per a\u00a0&#8220;sensibilitzar i oferir ferramentes a la poblaci\u00f3 sobre els trastorns de la conducta aliment\u00e0ria, un problema que afecta milers de joves al nostre pa\u00eds&#8221;. Aix\u00ed mateix, ha destacat que &#8220;\u00e9s fonamental que les fam\u00edlies, els professionals de l&#8217;educaci\u00f3 i la sanitat s\u00e0pien com identificar els signes d&#8217;alerta i com actuar davant un cas de TCA&#8221;.<\/p>\n\n\n\n<p>El CIJ ha previst per a este mes de juny dos sessions:<\/p>\n\n\n\n<p>\u00b7&nbsp;&nbsp;&nbsp;&nbsp;&nbsp;&nbsp;&nbsp;&nbsp;&nbsp;Dimarts 25 de juny a les 11.00 hores: Dirigida a persones amb disponibilitat de matins.<\/p>\n\n\n\n<p>\u00b7&nbsp;&nbsp;&nbsp;&nbsp;&nbsp;&nbsp;&nbsp;&nbsp;&nbsp;Dimecres 26 de juny a les 18.00 hores: Dirigida a persones amb disponibilitat de vesprades.<\/p>\n\n\n\n<p>Les xarrades se celebraran en el Centre d&#8217;Informaci\u00f3 Juvenil (CIJ) de Torrent. La inscripci\u00f3 pr\u00e8via \u00e9s gratu\u00efta i es pot realitzar a trav\u00e9s del seg\u00fcent enlla\u00e7:\u00a0https:\/\/torrentjove.com\/charla-coloquio-sobre-trastornos-de-la-conducta-alimentaria-tca\/.<\/p>\n\n\n\n<figure class=\"wp-block-image size-large\"><img fetchpriority=\"high\" decoding=\"async\" width=\"1024\" height=\"1024\" src=\"https:\/\/infotorrent.es\/wp-content\/uploads\/2024\/06\/CIJ-TCA-1024x1024.jpeg\" alt=\"\" class=\"wp-image-68132\" srcset=\"https:\/\/infotorrent.es\/wp-content\/uploads\/2024\/06\/CIJ-TCA-1024x1024.jpeg 1024w, https:\/\/infotorrent.es\/wp-content\/uploads\/2024\/06\/CIJ-TCA-300x300.jpeg 300w, https:\/\/infotorrent.es\/wp-content\/uploads\/2024\/06\/CIJ-TCA-150x150.jpeg 150w, https:\/\/infotorrent.es\/wp-content\/uploads\/2024\/06\/CIJ-TCA-768x768.jpeg 768w, https:\/\/infotorrent.es\/wp-content\/uploads\/2024\/06\/CIJ-TCA-700x700.jpeg 700w, https:\/\/infotorrent.es\/wp-content\/uploads\/2024\/06\/CIJ-TCA.jpeg 1080w\" sizes=\"(max-width: 1024px) 100vw, 1024px\" \/><\/figure>\n","protected":false},"excerpt":{"rendered":"<p>El CIJ de Torrent aborda els Trastorns de la Conducta Aliment\u00e0ria en unes xarrades-col\u00b7loqui Tindran lloc els dies 25 i 26 de juny, de la m\u00e0 del psic\u00f2leg cl\u00ednic especialitzat en TCA Miguel \u00c1ngel San Mart\u00edn La delegaci\u00f3 de Joventut, que dirigix Mar\u00eda Fern\u00e1ndez Aracil, ha organitzat, a trav\u00e9s del Centre d&#8217;Informaci\u00f3 Juvenil (CIJ) i [&hellip;]<\/p>\n","protected":false},"author":15,"featured_media":68140,"comment_status":"open","ping_status":"open","sticky":false,"template":"","format":"standard","meta":{"_acf_changed":false,"footnotes":""},"categories":[1169],"tags":[],"class_list":["post-68136","post","type-post","status-publish","format-standard","has-post-thumbnail","hentry","category-juventud-ca"],"acf":[],"_links":{"self":[{"href":"https:\/\/infotorrent.es\/ca\/wp-json\/wp\/v2\/posts\/68136","targetHints":{"allow":["GET"]}}],"collection":[{"href":"https:\/\/infotorrent.es\/ca\/wp-json\/wp\/v2\/posts"}],"about":[{"href":"https:\/\/infotorrent.es\/ca\/wp-json\/wp\/v2\/types\/post"}],"author":[{"embeddable":true,"href":"https:\/\/infotorrent.es\/ca\/wp-json\/wp\/v2\/users\/15"}],"replies":[{"embeddable":true,"href":"https:\/\/infotorrent.es\/ca\/wp-json\/wp\/v2\/comments?post=68136"}],"version-history":[{"count":1,"href":"https:\/\/infotorrent.es\/ca\/wp-json\/wp\/v2\/posts\/68136\/revisions"}],"predecessor-version":[{"id":68139,"href":"https:\/\/infotorrent.es\/ca\/wp-json\/wp\/v2\/posts\/68136\/revisions\/68139"}],"wp:featuredmedia":[{"embeddable":true,"href":"https:\/\/infotorrent.es\/ca\/wp-json\/wp\/v2\/media\/68140"}],"wp:attachment":[{"href":"https:\/\/infotorrent.es\/ca\/wp-json\/wp\/v2\/media?parent=68136"}],"wp:term":[{"taxonomy":"category","embeddable":true,"href":"https:\/\/infotorrent.es\/ca\/wp-json\/wp\/v2\/categories?post=68136"},{"taxonomy":"post_tag","embeddable":true,"href":"https:\/\/infotorrent.es\/ca\/wp-json\/wp\/v2\/tags?post=68136"}],"curies":[{"name":"wp","href":"https:\/\/api.w.org\/{rel}","templated":true}]}}