{"id":67903,"date":"2024-05-30T10:29:54","date_gmt":"2024-05-30T10:29:54","guid":{"rendered":"https:\/\/infotorrent.es\/uncategorized\/el-ayuntamiento-de-torrent-pone-en-marcha-el-club-de-lectura-en-valenciano\/"},"modified":"2024-05-30T10:32:37","modified_gmt":"2024-05-30T10:32:37","slug":"el-ayuntamiento-de-torrent-pone-en-marcha-el-club-de-lectura-en-valenciano","status":"publish","type":"post","link":"https:\/\/infotorrent.es\/ca\/politica-linguistica-ca\/el-ayuntamiento-de-torrent-pone-en-marcha-el-club-de-lectura-en-valenciano\/","title":{"rendered":"L&#8217;Ajuntament de Torrent posa en marxa el Club de Lectura en Valenci\u00e0"},"content":{"rendered":"\n<h5 class=\"wp-block-heading\">El termini d&#8217;inscripci\u00f3 es realitzar\u00e0 en l\u00ednia de l&#8217;1 de juny fins al 30 de juliol<\/h5>\n\n\n\n<p>La Regidoria de Pol\u00edtica Ling\u00fc\u00edstica de l&#8217;Ajuntament de Torrent, que dirigix M. \u00c1ngeles Lerma, continua avant amb el Club de Lectura en Valenci\u00e0, dependent de l&#8217;Ajuntament de Torrent. Una iniciativa que es mant\u00e9 i que t\u00e9 com a objectiu fomentar la lectura en valenci\u00e0 i la creaci\u00f3 d&#8217;un espai de debat i reflexi\u00f3 entorn de la literatura valenciana.<\/p>\n\n\n\n<p>Com \u00e9s habitual, el Club de Lectura en Valenci\u00e0 es reunir\u00e0 en diferents ocasions al llarg de l&#8217;any per a comentar un llibre pr\u00e8viament llegit pels participants. El llibre s&#8217;entregar\u00e0 als inscrits al club a l&#8217;inici de cada sessi\u00f3. En algunes de les sessions, el club tindr\u00e0 l&#8217;oportunitat de comptar amb la pres\u00e8ncia dels autors dels llibres llegits, la qual cosa permetr\u00e0 als participants aprofundir en l&#8217;obra i con\u00e9ixer de primera m\u00e0 les experi\u00e8ncies i motivacions dels autors.<\/p>\n\n\n\n<p>&#8220;El Club de Lectura en Valenci\u00e0 \u00e9s una iniciativa que naix amb la intenci\u00f3 de fomentar la lectura en valenci\u00e0 i crear un espai on els amants de la literatura puguen disfrutar i compartir les seues impressions sobre diferents obres&#8221;, ha destacat M. \u00c1ngeles Lerma, regidora de Pol\u00edtica Ling\u00fc\u00edstica de l&#8217;Ajuntament de Torrent.<\/p>\n\n\n\n<p>El Club de Lectura en Valenci\u00e0 tornar\u00e0 a posar-se en marxa el mes de setembre, en eixe moment, es donar\u00e0 a con\u00e9ixer tota la informaci\u00f3 relativa al funcionament del club, el calendari de sessions i els llibres que es llegiran.<\/p>\n\n\n\n<p>Les persones interessades a participar en el Club de Lectura en Valenci\u00e0 poden inscriure&#8217;s des de l&#8217;1 de juny fins al 30 de juliol en la seg\u00fcent adre\u00e7a de correu electr\u00f2nic:\u00a0<strong>promocio.valencia@torrent.es.<\/strong><\/p>\n\n\n\n<figure class=\"wp-block-image size-large\"><img fetchpriority=\"high\" decoding=\"async\" width=\"724\" height=\"1024\" src=\"https:\/\/infotorrent.es\/wp-content\/uploads\/2024\/05\/WhatsApp-Image-2024-05-30-at-11.52.50-724x1024.jpeg\" alt=\"\" class=\"wp-image-67899\" srcset=\"https:\/\/infotorrent.es\/wp-content\/uploads\/2024\/05\/WhatsApp-Image-2024-05-30-at-11.52.50-724x1024.jpeg 724w, https:\/\/infotorrent.es\/wp-content\/uploads\/2024\/05\/WhatsApp-Image-2024-05-30-at-11.52.50-212x300.jpeg 212w, https:\/\/infotorrent.es\/wp-content\/uploads\/2024\/05\/WhatsApp-Image-2024-05-30-at-11.52.50-768x1086.jpeg 768w, https:\/\/infotorrent.es\/wp-content\/uploads\/2024\/05\/WhatsApp-Image-2024-05-30-at-11.52.50-1086x1536.jpeg 1086w, https:\/\/infotorrent.es\/wp-content\/uploads\/2024\/05\/WhatsApp-Image-2024-05-30-at-11.52.50.jpeg 1131w\" sizes=\"(max-width: 724px) 100vw, 724px\" \/><\/figure>\n","protected":false},"excerpt":{"rendered":"<p>El termini d&#8217;inscripci\u00f3 es realitzar\u00e0 en l\u00ednia de l&#8217;1 de juny fins al 30 de juliol La Regidoria de Pol\u00edtica Ling\u00fc\u00edstica de l&#8217;Ajuntament de Torrent, que dirigix M. \u00c1ngeles Lerma, continua avant amb el Club de Lectura en Valenci\u00e0, dependent de l&#8217;Ajuntament de Torrent. Una iniciativa que es mant\u00e9 i que t\u00e9 com a objectiu [&hellip;]<\/p>\n","protected":false},"author":15,"featured_media":67907,"comment_status":"open","ping_status":"open","sticky":false,"template":"","format":"standard","meta":{"_acf_changed":false,"footnotes":""},"categories":[1175],"tags":[],"class_list":["post-67903","post","type-post","status-publish","format-standard","has-post-thumbnail","hentry","category-politica-linguistica-ca"],"acf":[],"_links":{"self":[{"href":"https:\/\/infotorrent.es\/ca\/wp-json\/wp\/v2\/posts\/67903","targetHints":{"allow":["GET"]}}],"collection":[{"href":"https:\/\/infotorrent.es\/ca\/wp-json\/wp\/v2\/posts"}],"about":[{"href":"https:\/\/infotorrent.es\/ca\/wp-json\/wp\/v2\/types\/post"}],"author":[{"embeddable":true,"href":"https:\/\/infotorrent.es\/ca\/wp-json\/wp\/v2\/users\/15"}],"replies":[{"embeddable":true,"href":"https:\/\/infotorrent.es\/ca\/wp-json\/wp\/v2\/comments?post=67903"}],"version-history":[{"count":1,"href":"https:\/\/infotorrent.es\/ca\/wp-json\/wp\/v2\/posts\/67903\/revisions"}],"predecessor-version":[{"id":67906,"href":"https:\/\/infotorrent.es\/ca\/wp-json\/wp\/v2\/posts\/67903\/revisions\/67906"}],"wp:featuredmedia":[{"embeddable":true,"href":"https:\/\/infotorrent.es\/ca\/wp-json\/wp\/v2\/media\/67907"}],"wp:attachment":[{"href":"https:\/\/infotorrent.es\/ca\/wp-json\/wp\/v2\/media?parent=67903"}],"wp:term":[{"taxonomy":"category","embeddable":true,"href":"https:\/\/infotorrent.es\/ca\/wp-json\/wp\/v2\/categories?post=67903"},{"taxonomy":"post_tag","embeddable":true,"href":"https:\/\/infotorrent.es\/ca\/wp-json\/wp\/v2\/tags?post=67903"}],"curies":[{"name":"wp","href":"https:\/\/api.w.org\/{rel}","templated":true}]}}