{"id":67885,"date":"2024-05-30T08:30:07","date_gmt":"2024-05-30T08:30:07","guid":{"rendered":"https:\/\/infotorrent.es\/uncategorized\/los-mejores-perros-de-raza-se-daran-cita-en-torrent-en-diciembre\/"},"modified":"2024-05-30T08:33:37","modified_gmt":"2024-05-30T08:33:37","slug":"los-mejores-perros-de-raza-se-daran-cita-en-torrent-en-diciembre","status":"publish","type":"post","link":"https:\/\/infotorrent.es\/ca\/noticies\/benestar-animal\/los-mejores-perros-de-raza-se-daran-cita-en-torrent-en-diciembre\/","title":{"rendered":"Els millors gossos de ra\u00e7a es donaran cita a Torrent al desembre"},"content":{"rendered":"\n<p><strong>La Societat Valenciana per al Foment de les races Canines, entitat col\u00b7laboradora de la Reial Societat Canina d&#8217;Espanya i la Federaci\u00f3 Cinologia Internacional, tria l&#8217;\u00c0gora de Parc Central per a celebrar l&#8217;Exposici\u00f3 Nacional i Internacional Canina de Val\u00e8ncia 2024<\/strong><\/p>\n\n\n\n<p>La Societat Valenciana per al Foment de les races Canines, ha triat Torrent per a celebrar l&#8217;Exposici\u00f3 Nacional i Internacional Canina de Val\u00e8ncia els dies 14 i 15 de desembre d&#8217;enguany. La decisi\u00f3 s&#8217;ha pres despr\u00e9s del rotund \u00e8xit del &#8220;I Concurs Nacional Can\u00ed Ciutat de Torrent&#8221; celebrat el mes de febrer passat, que va congregar a m\u00e9s de 100 gossos de ra\u00e7a i 35 participants en el concurs amateur local.<\/p>\n\n\n\n<p>Este esdeveniment internacional reunir\u00e0 els millors exemplars de diferents races de tot el m\u00f3n, consolidant a Torrent com un referent en l&#8217;\u00e0mbit de la cinofilia. L&#8217;organitzaci\u00f3 estar\u00e0 a c\u00e0rrec la Societat Valenciana per al Foment de les Races Canines juntament amb l&#8217;Ajuntament de Torrent.<\/p>\n\n\n\n<p>Membres de l&#8217;organitzaci\u00f3 han visitat esta setmana l&#8217;espai de Parc Central, al costat de Santiago Calatayud, regidor d&#8217;Atenci\u00f3 Animal, per a mesurar, avaluar i analitzar les condicions de l&#8217;\u00c0gora i les possibilitats d&#8217;adequaci\u00f3 per a l&#8217;esdeveniment. Esta visita confirma no sols l&#8217;elecci\u00f3 de Torrent com a seu, sin\u00f3 que tamb\u00e9 posa de manifest l&#8217;inici dels preparatius i la planificaci\u00f3 de l&#8217;esdeveniment.<\/p>\n\n\n\n<p>Tal com ha assenyalat Santiago Calatayud, \u201cl&#8217;atenci\u00f3 rebuda per l&#8217;Ajuntament i la resposta ciutadana cap a esta mena d&#8217;esdeveniments han sigut determinants per a l&#8217;elecci\u00f3 de la localitat com a seu del Concurs.\u201d Aix\u00ed mateix, ha volgut destacar que \u201cl&#8217;ampli espai que oferix l&#8217;\u00c0gora, la seua f\u00e0cil accessibilitat i la bona comunicaci\u00f3 amb Val\u00e8ncia, convertixen a Torrent en el lloc perfecte per a este esdeveniment.<\/p>\n\n\n\n<p>L&#8217;Ajuntament de Torrent i la Societat Valenciana per al Foment de les Races Canines compartixen un ferm comprom\u00eds amb el benestar animal. Este comprom\u00eds es veur\u00e0 reflectit en cada detall de les Exposici\u00f3 Nacional i Internacional Canina, garantint una experi\u00e8ncia inoblidable per a tots els participants, tant per als gossos com per als seus amos i el p\u00fablic assistent.<\/p>\n\n\n\n<p>Programa de l&#8217;esdeveniment:<br>\u2022 Dissabte 14 de desembre: 84 Exposici\u00f3 Nacional Canina de Val\u00e8ncia<br>\u2022 Diumenge 15 de desembre: 85 Exposici\u00f3 Nacional i 44 Exposici\u00f3 Internacional Canina de Val\u00e8ncia<\/p>\n\n\n\n<p>En la Nacional, es posar\u00e0 en competici\u00f3 el C.A. C.-C.C.J.-C.C.V. de la Reial Societat Canina d&#8217;Espanya. En la Internacional del diumenge, es posar\u00e0 en competici\u00f3 el C.A. C.-C.C.J.-C.C.V. de la Reial Societat Canina d&#8217;Espanya i el C.A.C.I.B de la Federaci\u00f3 Cinol\u00f3gica Internacional.<\/p>\n\n\n\n<p>A m\u00e9s, en el marc d&#8217;estes jornades, se celebrar\u00e0 l&#8217;II CONCURS AMATEUR &#8211; VE\u00cfNAL dels millors gossos de Torrent. Una oportunitat perqu\u00e8 els gossos de la localitat demostren el seu talent i encant.<br>Cal destacar que en esta mena de concursos internacionals solen participar entre 800 i 1.000 gossos, amb una aflu\u00e8ncia d&#8217;unes 2.000 persones en cadascuna de les jornades.<\/p>\n","protected":false},"excerpt":{"rendered":"<p>La Societat Valenciana per al Foment de les races Canines, entitat col\u00b7laboradora de la Reial Societat Canina d&#8217;Espanya i la Federaci\u00f3 Cinologia Internacional, tria l&#8217;\u00c0gora de Parc Central per a celebrar l&#8217;Exposici\u00f3 Nacional i Internacional Canina de Val\u00e8ncia 2024 La Societat Valenciana per al Foment de les races Canines, ha triat Torrent per a celebrar [&hellip;]<\/p>\n","protected":false},"author":17,"featured_media":67883,"comment_status":"open","ping_status":"open","sticky":false,"template":"","format":"standard","meta":{"_acf_changed":false,"footnotes":""},"categories":[134,1163],"tags":[],"class_list":["post-67885","post","type-post","status-publish","format-standard","has-post-thumbnail","hentry","category-benestar-animal","category-bienestar-animal-ca"],"acf":[],"_links":{"self":[{"href":"https:\/\/infotorrent.es\/ca\/wp-json\/wp\/v2\/posts\/67885","targetHints":{"allow":["GET"]}}],"collection":[{"href":"https:\/\/infotorrent.es\/ca\/wp-json\/wp\/v2\/posts"}],"about":[{"href":"https:\/\/infotorrent.es\/ca\/wp-json\/wp\/v2\/types\/post"}],"author":[{"embeddable":true,"href":"https:\/\/infotorrent.es\/ca\/wp-json\/wp\/v2\/users\/17"}],"replies":[{"embeddable":true,"href":"https:\/\/infotorrent.es\/ca\/wp-json\/wp\/v2\/comments?post=67885"}],"version-history":[{"count":1,"href":"https:\/\/infotorrent.es\/ca\/wp-json\/wp\/v2\/posts\/67885\/revisions"}],"predecessor-version":[{"id":67887,"href":"https:\/\/infotorrent.es\/ca\/wp-json\/wp\/v2\/posts\/67885\/revisions\/67887"}],"wp:featuredmedia":[{"embeddable":true,"href":"https:\/\/infotorrent.es\/ca\/wp-json\/wp\/v2\/media\/67883"}],"wp:attachment":[{"href":"https:\/\/infotorrent.es\/ca\/wp-json\/wp\/v2\/media?parent=67885"}],"wp:term":[{"taxonomy":"category","embeddable":true,"href":"https:\/\/infotorrent.es\/ca\/wp-json\/wp\/v2\/categories?post=67885"},{"taxonomy":"post_tag","embeddable":true,"href":"https:\/\/infotorrent.es\/ca\/wp-json\/wp\/v2\/tags?post=67885"}],"curies":[{"name":"wp","href":"https:\/\/api.w.org\/{rel}","templated":true}]}}