{"id":67563,"date":"2024-05-22T10:55:32","date_gmt":"2024-05-22T10:55:32","guid":{"rendered":"https:\/\/infotorrent.es\/uncategorized\/torrent-busca-hogar-y-familia-para-mascotas-abandonadas-en-la-ii-feria-de-la-adopcion\/"},"modified":"2024-05-22T11:00:35","modified_gmt":"2024-05-22T11:00:35","slug":"torrent-busca-hogar-y-familia-para-mascotas-abandonadas-en-la-ii-feria-de-la-adopcion","status":"publish","type":"post","link":"https:\/\/infotorrent.es\/ca\/noticies\/benestar-animal\/torrent-busca-hogar-y-familia-para-mascotas-abandonadas-en-la-ii-feria-de-la-adopcion\/","title":{"rendered":"Torrent busca llar i fam\u00edlia per a mascotes abandonades en la II Fira de l&#8217;Adopci\u00f3"},"content":{"rendered":"\n<h5 class=\"wp-block-heading\">L&#8217;esdeveniment tindr\u00e0 lloc este dissabte 25 de maig, de 9.00 a 14.00 hores en l&#8217;\u00c0gora de Parc Central.<\/h5>\n\n\n\n<p>Este dissabte 25 de maig, l&#8217;\u00c0gora del Parc Central de Torrent acollir\u00e0 la II Fira de l&#8217;Adopci\u00f3 d&#8217;Animals. Una iniciativa impulsada per l&#8217;\u00e0rea de Benestar Animal de l&#8217;Ajuntament de Torrent, que dirigix Santiago Calatayud, que tindr\u00e0 lloc de 9.00 a 14.00 hores.<\/p>\n\n\n\n<p>La Fira t\u00e9 com a objectiu fomentar l&#8217;adopci\u00f3 responsable d&#8217;animals, oferint a gossos i gats sense llar l&#8217;oportunitat de trobar una nova fam\u00edlia. En la primera edici\u00f3, celebrada el mes de desembre, m\u00e9s de 15 animals van trobar una llar, i enguany s&#8217;espera superar eixa xifra.<\/p>\n\n\n\n<p>Les fam\u00edlies interessades a adoptar un nou membre pelut podran explorar diferents opcions de mascotes disponibles per a l&#8217;adopci\u00f3 durant l&#8217;esdeveniment. A m\u00e9s, els afortunats adoptants rebran un kit de regal especial com a agra\u00efment per obrir els seus cors i llars a estos animals necessitats.<\/p>\n\n\n\n<p>Com un gest addicional de suport, la fira tamb\u00e9 oferir\u00e0 el servici d&#8217;implantaci\u00f3 gratu\u00efta de xips per a les mascotes adoptades. Este servici contribuir\u00e0 a garantir la seguretat i el benestar de les noves incorporacions a les fam\u00edlies, permetent la seua r\u00e0pida identificaci\u00f3 en cas de p\u00e8rdua.<\/p>\n\n\n\n<p>La Fira comptar\u00e0 amb la col\u00b7laboraci\u00f3 de diferents entitats, entre les quals es troben Ribamontes, El meu m\u00f3n, SOS Peludetes, Acci\u00f3 Animalista Torrent, Associaci\u00f3 Defensa Animal Torrent, El gosset content, Cl\u00ednica Veterin\u00e0ria CPG, Cl\u00ednica Veterin\u00e0ria Roig, El bosc de Jack, Hipermascota, Xicotet Zoo i Jos\u00e9 Fayos ensinistrador.<\/p>\n\n\n\n<p>A m\u00e9s, com a novetat, en esta edici\u00f3 algunes de les entitats col\u00b7laboradores finan\u00e7aran el chipado dels qui estiguen interessats a tramitar una adopci\u00f3 amb ells, perqu\u00e8 el motiu econ\u00f2mic no interferisca en la decisi\u00f3.<\/p>\n\n\n\n<p>El regidor de Benestar Animal, Santiago Calatayud, anima a tots els torrentins i torrentines a participar en la Fira:\u00a0&#8220;\u00c9s una oportunitat \u00fanica per a donar-li una llar a un animal que el necessita i disfrutar d&#8217;un dia en fam\u00edlia en un entorn agradable.&#8221;.<\/p>\n\n\n\n<figure class=\"wp-block-image size-full\"><img fetchpriority=\"high\" decoding=\"async\" width=\"530\" height=\"714\" src=\"https:\/\/infotorrent.es\/wp-content\/uploads\/2024\/05\/FERIA-DE-LA-ADOPCION.jpeg\" alt=\"\" class=\"wp-image-67557\" srcset=\"https:\/\/infotorrent.es\/wp-content\/uploads\/2024\/05\/FERIA-DE-LA-ADOPCION.jpeg 530w, https:\/\/infotorrent.es\/wp-content\/uploads\/2024\/05\/FERIA-DE-LA-ADOPCION-223x300.jpeg 223w\" sizes=\"(max-width: 530px) 100vw, 530px\" \/><\/figure>\n\n\n\n<figure class=\"wp-block-image size-large\"><img decoding=\"async\" width=\"1024\" height=\"682\" src=\"https:\/\/infotorrent.es\/wp-content\/uploads\/2024\/05\/410629240_678340827773321_1806493718695748284_n-1024x682.jpg\" alt=\"\" class=\"wp-image-67559\" srcset=\"https:\/\/infotorrent.es\/wp-content\/uploads\/2024\/05\/410629240_678340827773321_1806493718695748284_n-1024x682.jpg 1024w, https:\/\/infotorrent.es\/wp-content\/uploads\/2024\/05\/410629240_678340827773321_1806493718695748284_n-300x200.jpg 300w, https:\/\/infotorrent.es\/wp-content\/uploads\/2024\/05\/410629240_678340827773321_1806493718695748284_n-768x512.jpg 768w, https:\/\/infotorrent.es\/wp-content\/uploads\/2024\/05\/410629240_678340827773321_1806493718695748284_n-1536x1023.jpg 1536w, https:\/\/infotorrent.es\/wp-content\/uploads\/2024\/05\/410629240_678340827773321_1806493718695748284_n.jpg 1600w\" sizes=\"(max-width: 1024px) 100vw, 1024px\" \/><\/figure>\n","protected":false},"excerpt":{"rendered":"<p>L&#8217;esdeveniment tindr\u00e0 lloc este dissabte 25 de maig, de 9.00 a 14.00 hores en l&#8217;\u00c0gora de Parc Central. Este dissabte 25 de maig, l&#8217;\u00c0gora del Parc Central de Torrent acollir\u00e0 la II Fira de l&#8217;Adopci\u00f3 d&#8217;Animals. Una iniciativa impulsada per l&#8217;\u00e0rea de Benestar Animal de l&#8217;Ajuntament de Torrent, que dirigix Santiago Calatayud, que tindr\u00e0 lloc [&hellip;]<\/p>\n","protected":false},"author":15,"featured_media":67567,"comment_status":"open","ping_status":"open","sticky":false,"template":"","format":"standard","meta":{"_acf_changed":false,"footnotes":""},"categories":[134],"tags":[],"class_list":["post-67563","post","type-post","status-publish","format-standard","has-post-thumbnail","hentry","category-benestar-animal"],"acf":[],"_links":{"self":[{"href":"https:\/\/infotorrent.es\/ca\/wp-json\/wp\/v2\/posts\/67563","targetHints":{"allow":["GET"]}}],"collection":[{"href":"https:\/\/infotorrent.es\/ca\/wp-json\/wp\/v2\/posts"}],"about":[{"href":"https:\/\/infotorrent.es\/ca\/wp-json\/wp\/v2\/types\/post"}],"author":[{"embeddable":true,"href":"https:\/\/infotorrent.es\/ca\/wp-json\/wp\/v2\/users\/15"}],"replies":[{"embeddable":true,"href":"https:\/\/infotorrent.es\/ca\/wp-json\/wp\/v2\/comments?post=67563"}],"version-history":[{"count":1,"href":"https:\/\/infotorrent.es\/ca\/wp-json\/wp\/v2\/posts\/67563\/revisions"}],"predecessor-version":[{"id":67566,"href":"https:\/\/infotorrent.es\/ca\/wp-json\/wp\/v2\/posts\/67563\/revisions\/67566"}],"wp:featuredmedia":[{"embeddable":true,"href":"https:\/\/infotorrent.es\/ca\/wp-json\/wp\/v2\/media\/67567"}],"wp:attachment":[{"href":"https:\/\/infotorrent.es\/ca\/wp-json\/wp\/v2\/media?parent=67563"}],"wp:term":[{"taxonomy":"category","embeddable":true,"href":"https:\/\/infotorrent.es\/ca\/wp-json\/wp\/v2\/categories?post=67563"},{"taxonomy":"post_tag","embeddable":true,"href":"https:\/\/infotorrent.es\/ca\/wp-json\/wp\/v2\/tags?post=67563"}],"curies":[{"name":"wp","href":"https:\/\/api.w.org\/{rel}","templated":true}]}}