{"id":66530,"date":"2024-04-26T08:15:45","date_gmt":"2024-04-26T08:15:45","guid":{"rendered":"https:\/\/infotorrent.es\/uncategorized\/torrent-se-vuelca-una-vez-mas-en-la-lucha-contra-el-cancer\/"},"modified":"2024-04-26T08:19:01","modified_gmt":"2024-04-26T08:19:01","slug":"torrent-se-vuelca-una-vez-mas-en-la-lucha-contra-el-cancer","status":"publish","type":"post","link":"https:\/\/infotorrent.es\/ca\/bienestar-social-2\/torrent-se-vuelca-una-vez-mas-en-la-lucha-contra-el-cancer\/","title":{"rendered":"Torrent es bolca una vegada m\u00e9s en la lluita contra el c\u00e0ncer"},"content":{"rendered":"\n<p>L&#8217;acapte anual que organitza la Junta Local de l&#8217;Associaci\u00f3 Contra el C\u00e0ncer de Torrent ha recaptat 11.162,00 \u20ac<\/p>\n\n\n\n<p>Els dies 19 i 20 d&#8217;abril va tindre lloc esta campanya d&#8217;acapte, encap\u00e7alada per Junta Local de l&#8217;Associaci\u00f3 Contra el C\u00e0ncer de Torrent, que va comptar amb la participaci\u00f3 de l&#8217;Ajuntament de Torrent, les Falleres Majors i les seues Corts d&#8217;Honor, Junta Local Fallera, Falles locals, Federaci\u00f3 de Moros i Cristians, Associacions Culturals i Socials de Torrent, aix\u00ed com amb la Reina de la Trobada i la Musa de la M\u00fasica.<\/p>\n\n\n\n<p>Amb l&#8217;objectiu de lluitar contra esta malaltia, durant tot el mat\u00ed, la ciutat es va omplir de puestecitos, amb m\u00e9s de 40 taules distribu\u00efdes pels diferents punts associats. D&#8217;esta manera, es va poder fer arribar esta campanya fins a tots els barris de la capital de l&#8217;Horta Sud.<\/p>\n\n\n\n<p>Sobre aquest tema, la presidenta de la Junta Local de la ACC Torrent, Amparo Almerich, ha volgut destacar <strong>\u2018\u2019un any m\u00e9s el comprom\u00eds dels torrentinos i torrentinas amb esta causa, aix\u00ed com el suport constant de les entitats locals a les iniciatives ben\u00e8fiques que impulsem des de l&#8217;associaci\u00f3\u2019\u2019.<\/strong> Aix\u00ed mateix ha volgut \u2018<strong>\u2019agrair la participaci\u00f3 i el suport rebut per part de les associacions culturals i socials de la localitat, que han tornat a demostrar que Torrent \u00e9s una ciutat solid\u00e0ria\u2019\u2019.<\/strong><\/p>\n\n\n\n<figure class=\"wp-block-image size-large\"><img fetchpriority=\"high\" decoding=\"async\" width=\"1024\" height=\"683\" src=\"https:\/\/infotorrent.es\/wp-content\/uploads\/2024\/04\/437712308_844591074362950_6930476442231705474_n-1024x683.jpg\" alt=\"\" class=\"wp-image-66526\" srcset=\"https:\/\/infotorrent.es\/wp-content\/uploads\/2024\/04\/437712308_844591074362950_6930476442231705474_n-1024x683.jpg 1024w, https:\/\/infotorrent.es\/wp-content\/uploads\/2024\/04\/437712308_844591074362950_6930476442231705474_n-300x200.jpg 300w, https:\/\/infotorrent.es\/wp-content\/uploads\/2024\/04\/437712308_844591074362950_6930476442231705474_n-768x512.jpg 768w, https:\/\/infotorrent.es\/wp-content\/uploads\/2024\/04\/437712308_844591074362950_6930476442231705474_n-1536x1024.jpg 1536w, https:\/\/infotorrent.es\/wp-content\/uploads\/2024\/04\/437712308_844591074362950_6930476442231705474_n.jpg 1620w\" sizes=\"(max-width: 1024px) 100vw, 1024px\" \/><\/figure>\n","protected":false},"excerpt":{"rendered":"<p>L&#8217;acapte anual que organitza la Junta Local de l&#8217;Associaci\u00f3 Contra el C\u00e0ncer de Torrent ha recaptat 11.162,00 \u20ac Els dies 19 i 20 d&#8217;abril va tindre lloc esta campanya d&#8217;acapte, encap\u00e7alada per Junta Local de l&#8217;Associaci\u00f3 Contra el C\u00e0ncer de Torrent, que va comptar amb la participaci\u00f3 de l&#8217;Ajuntament de Torrent, les Falleres Majors i [&hellip;]<\/p>\n","protected":false},"author":16,"featured_media":66531,"comment_status":"open","ping_status":"open","sticky":false,"template":"","format":"standard","meta":{"_acf_changed":false,"footnotes":""},"categories":[128,1147],"tags":[],"class_list":["post-66530","post","type-post","status-publish","format-standard","has-post-thumbnail","hentry","category-bienestar-social-2","category-solidaridad-ca"],"acf":[],"_links":{"self":[{"href":"https:\/\/infotorrent.es\/ca\/wp-json\/wp\/v2\/posts\/66530","targetHints":{"allow":["GET"]}}],"collection":[{"href":"https:\/\/infotorrent.es\/ca\/wp-json\/wp\/v2\/posts"}],"about":[{"href":"https:\/\/infotorrent.es\/ca\/wp-json\/wp\/v2\/types\/post"}],"author":[{"embeddable":true,"href":"https:\/\/infotorrent.es\/ca\/wp-json\/wp\/v2\/users\/16"}],"replies":[{"embeddable":true,"href":"https:\/\/infotorrent.es\/ca\/wp-json\/wp\/v2\/comments?post=66530"}],"version-history":[{"count":1,"href":"https:\/\/infotorrent.es\/ca\/wp-json\/wp\/v2\/posts\/66530\/revisions"}],"predecessor-version":[{"id":66533,"href":"https:\/\/infotorrent.es\/ca\/wp-json\/wp\/v2\/posts\/66530\/revisions\/66533"}],"wp:featuredmedia":[{"embeddable":true,"href":"https:\/\/infotorrent.es\/ca\/wp-json\/wp\/v2\/media\/66531"}],"wp:attachment":[{"href":"https:\/\/infotorrent.es\/ca\/wp-json\/wp\/v2\/media?parent=66530"}],"wp:term":[{"taxonomy":"category","embeddable":true,"href":"https:\/\/infotorrent.es\/ca\/wp-json\/wp\/v2\/categories?post=66530"},{"taxonomy":"post_tag","embeddable":true,"href":"https:\/\/infotorrent.es\/ca\/wp-json\/wp\/v2\/tags?post=66530"}],"curies":[{"name":"wp","href":"https:\/\/api.w.org\/{rel}","templated":true}]}}