{"id":66425,"date":"2024-04-23T11:42:43","date_gmt":"2024-04-23T11:42:43","guid":{"rendered":"https:\/\/infotorrent.es\/uncategorized\/empieza-la-setmana-de-la-llengua-de-torrent-con-jocs-tradicionals\/"},"modified":"2024-04-23T11:49:41","modified_gmt":"2024-04-23T11:49:41","slug":"empieza-la-setmana-de-la-llengua-de-torrent-con-jocs-tradicionals","status":"publish","type":"post","link":"https:\/\/infotorrent.es\/ca\/educacion-2\/empieza-la-setmana-de-la-llengua-de-torrent-con-jocs-tradicionals\/","title":{"rendered":"Comen\u00e7a la \u2018Setmana de la Llengua\u2019 de Torrent amb \u2018Jocs Tradicionals\u2019"},"content":{"rendered":"\n<p>La jornada inaugural continua este dimarts a la vesprada amb el lliurament de premis &#8216;Ciutat de Torrent&#8217;, a la Casa de la Cultura a les 19.30 hores<\/p>\n\n\n\n<p>La Regidoria de Pol\u00edtica Ling\u00fc\u00edstica de l&#8217;Ajuntament de Torrent, dirigida per M. \u00c1ngeles Lerma, ha donat el tret d&#8217;eixida a la Setmana de la Llengua. Un esdeveniment que omplir\u00e0 els carrers i espais culturals de la ciutat d&#8217;activitats per a tots els p\u00fablics.<\/p>\n\n\n\n<p>La jornada inaugural ha estat marcada pels &#8216;Jocs Tradicionals&#8217; en la Pla\u00e7a Major, on els m\u00e9s xicotets han pogut gaudir de jocs de sempre, com ara el &#8216;sambori&#8217;, les trompes, les pispes, les cordes o el mocador\u2019. Una activitat que ha comptat amb gran participaci\u00f3 per part de l&#8217;alumnat dels diferents centres escolars participants, que han pogut gaudir aprenent i jugant al carrer. A m\u00e9s, en finalitzar l&#8217;acte han rebut un diploma en reconeixement a la seua participaci\u00f3.<\/p>\n\n\n\n<p>La vesprada continua amb el lliurament dels tradicionals premis literaris &#8216;*Ciutat de Torrent&#8217;, a la Casa de la Cultura a les 19.30 hores. Les obres guanyadores, de Vicent Palacios, Josep Us\u00f3 i Marisol Gonz\u00e1lez, rebran un reconeixement a la seua qualitat i contribuci\u00f3 a la literatura valenciana.<\/p>\n\n\n\n<p>El programa continua durant tota la setmana amb activitats per a tots els p\u00fablics:<\/p>\n\n\n\n<ul class=\"wp-block-list\">\n<li>Dimecres 24 d&#8217;abril: &#8216;Contacontes&#8217; per a xiquets a la biblioteca del EMAT a les 18.00 hores.<\/li>\n\n\n\n<li>Dijous 25 d&#8217;abril: Confer\u00e8ncia sobre &#8220;La llengua valenciana en el conjunt dels lleng\u00fces rom\u00e0niques&#8221; a c\u00e0rrec de l&#8217;acad\u00e8mic de n\u00famero Miquel \u00c0ngel Lled\u00f3 Cardona a la Casa de la Cultura a les 19.30 hores.<\/li>\n\n\n\n<li>Divendres 26 d&#8217;abril: Confer\u00e8ncia sobre la vida i obra del poeta Anf\u00f3s Ramon i Garcia a c\u00e0rrec del vicepresident de Lo Rat Penat, \u00d2scar Rueda Pitarque, a la Casa de la Cultura a les 19.30 hores.<\/li>\n\n\n\n<li>Dissabte 27 d&#8217;abril: Jocs Tradicionals Valencians a gran escala en la pla\u00e7a de la Uni\u00f3 Musical durant tot el mat\u00ed. Lectura p\u00fablica del llibre &#8220;Un poble ple de contes&#8221; a les 11.00 hores.<\/li>\n<\/ul>\n\n\n\n<figure class=\"wp-block-image size-large\"><img fetchpriority=\"high\" decoding=\"async\" width=\"1024\" height=\"682\" src=\"https:\/\/infotorrent.es\/wp-content\/uploads\/2024\/04\/JOCS-TRADICIONALS-2-1024x682.jpeg\" alt=\"\" class=\"wp-image-66421\" srcset=\"https:\/\/infotorrent.es\/wp-content\/uploads\/2024\/04\/JOCS-TRADICIONALS-2-1024x682.jpeg 1024w, https:\/\/infotorrent.es\/wp-content\/uploads\/2024\/04\/JOCS-TRADICIONALS-2-300x200.jpeg 300w, https:\/\/infotorrent.es\/wp-content\/uploads\/2024\/04\/JOCS-TRADICIONALS-2-768x512.jpeg 768w, https:\/\/infotorrent.es\/wp-content\/uploads\/2024\/04\/JOCS-TRADICIONALS-2-1536x1023.jpeg 1536w, https:\/\/infotorrent.es\/wp-content\/uploads\/2024\/04\/JOCS-TRADICIONALS-2.jpeg 1600w\" sizes=\"(max-width: 1024px) 100vw, 1024px\" \/><\/figure>\n","protected":false},"excerpt":{"rendered":"<p>La jornada inaugural continua este dimarts a la vesprada amb el lliurament de premis &#8216;Ciutat de Torrent&#8217;, a la Casa de la Cultura a les 19.30 hores La Regidoria de Pol\u00edtica Ling\u00fc\u00edstica de l&#8217;Ajuntament de Torrent, dirigida per M. \u00c1ngeles Lerma, ha donat el tret d&#8217;eixida a la Setmana de la Llengua. Un esdeveniment que [&hellip;]<\/p>\n","protected":false},"author":16,"featured_media":66426,"comment_status":"open","ping_status":"open","sticky":false,"template":"","format":"standard","meta":{"_acf_changed":false,"footnotes":""},"categories":[132,1175],"tags":[],"class_list":["post-66425","post","type-post","status-publish","format-standard","has-post-thumbnail","hentry","category-educacion-2","category-politica-linguistica-ca"],"acf":[],"_links":{"self":[{"href":"https:\/\/infotorrent.es\/ca\/wp-json\/wp\/v2\/posts\/66425","targetHints":{"allow":["GET"]}}],"collection":[{"href":"https:\/\/infotorrent.es\/ca\/wp-json\/wp\/v2\/posts"}],"about":[{"href":"https:\/\/infotorrent.es\/ca\/wp-json\/wp\/v2\/types\/post"}],"author":[{"embeddable":true,"href":"https:\/\/infotorrent.es\/ca\/wp-json\/wp\/v2\/users\/16"}],"replies":[{"embeddable":true,"href":"https:\/\/infotorrent.es\/ca\/wp-json\/wp\/v2\/comments?post=66425"}],"version-history":[{"count":1,"href":"https:\/\/infotorrent.es\/ca\/wp-json\/wp\/v2\/posts\/66425\/revisions"}],"predecessor-version":[{"id":66428,"href":"https:\/\/infotorrent.es\/ca\/wp-json\/wp\/v2\/posts\/66425\/revisions\/66428"}],"wp:featuredmedia":[{"embeddable":true,"href":"https:\/\/infotorrent.es\/ca\/wp-json\/wp\/v2\/media\/66426"}],"wp:attachment":[{"href":"https:\/\/infotorrent.es\/ca\/wp-json\/wp\/v2\/media?parent=66425"}],"wp:term":[{"taxonomy":"category","embeddable":true,"href":"https:\/\/infotorrent.es\/ca\/wp-json\/wp\/v2\/categories?post=66425"},{"taxonomy":"post_tag","embeddable":true,"href":"https:\/\/infotorrent.es\/ca\/wp-json\/wp\/v2\/tags?post=66425"}],"curies":[{"name":"wp","href":"https:\/\/api.w.org\/{rel}","templated":true}]}}