{"id":66403,"date":"2024-04-23T09:12:50","date_gmt":"2024-04-23T09:12:50","guid":{"rendered":"https:\/\/infotorrent.es\/uncategorized\/alrededor-de-60-comercios-desfilaran-en-la-pasarela-comerc-de-torrent\/"},"modified":"2024-04-23T09:19:31","modified_gmt":"2024-04-23T09:19:31","slug":"alrededor-de-60-comercios-desfilaran-en-la-pasarela-comerc-de-torrent","status":"publish","type":"post","link":"https:\/\/infotorrent.es\/ca\/comercio\/alrededor-de-60-comercios-desfilaran-en-la-pasarela-comerc-de-torrent\/","title":{"rendered":"Al voltant de 60 comer\u00e7os desfilaran en la Passarel\u00b7la &#8216;Comer\u00e7 de Torrent\u2019"},"content":{"rendered":"\n<h5 class=\"wp-block-heading\">Les empreses interessades a participar en la Passarel\u00b7la &#8220;*Comer\u00e7 de Torrent&#8221; poden inscriure&#8217;s fins al diumenge 28 d&#8217;abril de 2024 a les 23.59 hores.<\/h5>\n\n\n\n<p>L&#8217;Ajuntament de Torrent, en col\u00b7laboraci\u00f3 amb <em>IDEAT, convida als comer\u00e7os locals a participar en la Passarel\u00b7la &#8220;<\/em>Comer\u00e7 de Torrent&#8221;, un esdeveniment que tindr\u00e0 lloc dissabte que ve 1 de juny en la Pla\u00e7a Major de la ciutat.<\/p>\n\n\n\n<p>La passarel\u00b7la, que t\u00e9 com a objectiu dinamitzar el comer\u00e7 local i posar en valor l&#8217;oferta comercial de Torrent, oferir\u00e0 a 15 negocis seleccionats l&#8217;oportunitat de desfilar de manera gratu\u00efta juntament amb fins a tres col\u00b7laboradors, complementant la seua participaci\u00f3. D&#8217;esta manera, la proposta pret\u00e9n donar visibilitat a al voltant de 60 comer\u00e7os de Torrent. Podran sol\u00b7licitar la participaci\u00f3 en l&#8217;esdeveniment negocis l&#8217;activitat principal dels quals siga la venda de:<\/p>\n\n\n\n<p>\u00b7&nbsp;&nbsp;&nbsp;&nbsp;&nbsp;&nbsp;&nbsp;&nbsp;&nbsp;Roba per a persones adultes i\/o joves<\/p>\n\n\n\n<p>\u00b7&nbsp;&nbsp;&nbsp;&nbsp;&nbsp;&nbsp;&nbsp;&nbsp;&nbsp;Roba Infantil (incloent comuni\u00f3 i cerim\u00f2nies)<\/p>\n\n\n\n<p>\u00b7&nbsp;&nbsp;&nbsp;&nbsp;&nbsp;&nbsp;&nbsp;&nbsp;&nbsp;Roba de cerim\u00f2nia per a adults<\/p>\n\n\n\n<p>\u00b7&nbsp;&nbsp;&nbsp;&nbsp;&nbsp;&nbsp;&nbsp;&nbsp;&nbsp;Indument\u00e0ria valenciana<\/p>\n\n\n\n<p>Podran participar com a col\u00b7laboradors negocis relacionats amb la venda de:<\/p>\n\n\n\n<p>\u00b7&nbsp;&nbsp;&nbsp;&nbsp;&nbsp;&nbsp;&nbsp;&nbsp;&nbsp;Joieria i Bijuteria<\/p>\n\n\n\n<p>\u00b7&nbsp;&nbsp;&nbsp;&nbsp;&nbsp;&nbsp;&nbsp;&nbsp;&nbsp;Complements de Moda<\/p>\n\n\n\n<p>\u00b7&nbsp;&nbsp;&nbsp;&nbsp;&nbsp;&nbsp;&nbsp;&nbsp;&nbsp;Perruqueries<\/p>\n\n\n\n<p>\u00b7&nbsp;&nbsp;&nbsp;&nbsp;&nbsp;&nbsp;&nbsp;&nbsp;&nbsp;Centres de Bellesa<\/p>\n\n\n\n<p>\u00b7&nbsp;&nbsp;&nbsp;&nbsp;&nbsp;&nbsp;&nbsp;&nbsp;&nbsp;Perruqueries Canines<\/p>\n\n\n\n<p>\u00b7&nbsp;&nbsp;&nbsp;&nbsp;&nbsp;&nbsp;&nbsp;&nbsp;&nbsp;Cal\u00e7at<\/p>\n\n\n\n<p>\u00b7&nbsp;&nbsp;&nbsp;&nbsp;&nbsp;&nbsp;&nbsp;&nbsp;&nbsp;\u00d2ptica<\/p>\n\n\n\n<p>Tal com ha assenyalat Sandra Fas, Regidora de Comer\u00e7, Mercats i Ocupaci\u00f3,\u00a0&#8220;Estem molt il\u00b7lusionats amb l&#8217;organitzaci\u00f3 d&#8217;este esdeveniment, que servir\u00e0 per a promocionar el comer\u00e7 local i posar en valor la gran varietat de productes que s&#8217;oferixen a Torrent&#8221;, aix\u00ed mateix ha convidat\u00a0&#8220;a tots els comer\u00e7os interessats a participar en esta iniciativa i a formar part d&#8217;este gran aparador del comer\u00e7 local.&#8221;<\/p>\n\n\n\n<p>Les empreses interessades a participar en la Passarel\u00b7la &#8220;Comer\u00e7 de Torrent&#8221; poden inscriure&#8217;s fins al diumenge 28 d&#8217;abril de 2024 a les 23.59 hores. Per a inscriure&#8217;s, nom\u00e9s cal completar el seg\u00fcent formulari:\u00a0https:\/\/www.instagram.com\/acotartvseries\/.<\/p>\n\n\n\n<p>L&#8217;Ajuntament de Torrent, a trav\u00e9s d&#8217;una comissi\u00f3 formada per personal de l&#8217;Ajuntament i IDEAT, seleccionar\u00e0 als 15 negocis participants, valorant criteris com l&#8217;originalitat i creativitat, varietat i qualitat de productes, experi\u00e8ncia pr\u00e8via en esdeveniments similars, aix\u00ed com la pertinen\u00e7a a l&#8217;associacionisme comercial de Torrent. La comissi\u00f3 publicar\u00e0 en la web\u00a0www.torrent.es\/ideat, en l&#8217;apartat &#8220;Comer\u00e7&#8221;, el llistat de negocis participants i suplents. A m\u00e9s, l&#8217;esdeveniment compta amb diferents sorpreses, aix\u00ed com espectacles que tindran lloc abans i durant l&#8217;acte com a part d&#8217;este aparador que posa en valor i dona visibilitat al teixit comercial de Torrent.<\/p>\n\n\n\n<figure class=\"wp-block-image size-large\"><img fetchpriority=\"high\" decoding=\"async\" width=\"724\" height=\"1024\" src=\"https:\/\/infotorrent.es\/wp-content\/uploads\/2024\/04\/PASARELA-COMERCIO-724x1024.jpeg\" alt=\"\" class=\"wp-image-66395\" srcset=\"https:\/\/infotorrent.es\/wp-content\/uploads\/2024\/04\/PASARELA-COMERCIO-724x1024.jpeg 724w, https:\/\/infotorrent.es\/wp-content\/uploads\/2024\/04\/PASARELA-COMERCIO-212x300.jpeg 212w, https:\/\/infotorrent.es\/wp-content\/uploads\/2024\/04\/PASARELA-COMERCIO-768x1086.jpeg 768w, https:\/\/infotorrent.es\/wp-content\/uploads\/2024\/04\/PASARELA-COMERCIO-1086x1536.jpeg 1086w, https:\/\/infotorrent.es\/wp-content\/uploads\/2024\/04\/PASARELA-COMERCIO.jpeg 1131w\" sizes=\"(max-width: 724px) 100vw, 724px\" \/><\/figure>\n\n\n\n<figure class=\"wp-block-image size-large\"><img decoding=\"async\" width=\"1024\" height=\"682\" src=\"https:\/\/infotorrent.es\/wp-content\/uploads\/2024\/04\/pasarela-comercio-1-1024x682.jpeg\" alt=\"\" class=\"wp-image-66397\" srcset=\"https:\/\/infotorrent.es\/wp-content\/uploads\/2024\/04\/pasarela-comercio-1-1024x682.jpeg 1024w, https:\/\/infotorrent.es\/wp-content\/uploads\/2024\/04\/pasarela-comercio-1-300x200.jpeg 300w, https:\/\/infotorrent.es\/wp-content\/uploads\/2024\/04\/pasarela-comercio-1-768x512.jpeg 768w, https:\/\/infotorrent.es\/wp-content\/uploads\/2024\/04\/pasarela-comercio-1-1536x1023.jpeg 1536w, https:\/\/infotorrent.es\/wp-content\/uploads\/2024\/04\/pasarela-comercio-1.jpeg 1600w\" sizes=\"(max-width: 1024px) 100vw, 1024px\" \/><\/figure>\n\n\n\n<figure class=\"wp-block-image size-large\"><img decoding=\"async\" width=\"1024\" height=\"682\" src=\"https:\/\/infotorrent.es\/wp-content\/uploads\/2024\/04\/pasarela-comercio-2-1024x682.jpeg\" alt=\"\" class=\"wp-image-66399\" srcset=\"https:\/\/infotorrent.es\/wp-content\/uploads\/2024\/04\/pasarela-comercio-2-1024x682.jpeg 1024w, https:\/\/infotorrent.es\/wp-content\/uploads\/2024\/04\/pasarela-comercio-2-300x200.jpeg 300w, https:\/\/infotorrent.es\/wp-content\/uploads\/2024\/04\/pasarela-comercio-2-768x512.jpeg 768w, https:\/\/infotorrent.es\/wp-content\/uploads\/2024\/04\/pasarela-comercio-2-1536x1023.jpeg 1536w, https:\/\/infotorrent.es\/wp-content\/uploads\/2024\/04\/pasarela-comercio-2.jpeg 1600w\" sizes=\"(max-width: 1024px) 100vw, 1024px\" \/><\/figure>\n","protected":false},"excerpt":{"rendered":"<p>Les empreses interessades a participar en la Passarel\u00b7la &#8220;*Comer\u00e7 de Torrent&#8221; poden inscriure&#8217;s fins al diumenge 28 d&#8217;abril de 2024 a les 23.59 hores. L&#8217;Ajuntament de Torrent, en col\u00b7laboraci\u00f3 amb IDEAT, convida als comer\u00e7os locals a participar en la Passarel\u00b7la &#8220;Comer\u00e7 de Torrent&#8221;, un esdeveniment que tindr\u00e0 lloc dissabte que ve 1 de juny en [&hellip;]<\/p>\n","protected":false},"author":15,"featured_media":66408,"comment_status":"open","ping_status":"open","sticky":false,"template":"","format":"standard","meta":{"_acf_changed":false,"footnotes":""},"categories":[1176],"tags":[],"class_list":["post-66403","post","type-post","status-publish","format-standard","has-post-thumbnail","hentry","category-comercio"],"acf":[],"_links":{"self":[{"href":"https:\/\/infotorrent.es\/ca\/wp-json\/wp\/v2\/posts\/66403","targetHints":{"allow":["GET"]}}],"collection":[{"href":"https:\/\/infotorrent.es\/ca\/wp-json\/wp\/v2\/posts"}],"about":[{"href":"https:\/\/infotorrent.es\/ca\/wp-json\/wp\/v2\/types\/post"}],"author":[{"embeddable":true,"href":"https:\/\/infotorrent.es\/ca\/wp-json\/wp\/v2\/users\/15"}],"replies":[{"embeddable":true,"href":"https:\/\/infotorrent.es\/ca\/wp-json\/wp\/v2\/comments?post=66403"}],"version-history":[{"count":1,"href":"https:\/\/infotorrent.es\/ca\/wp-json\/wp\/v2\/posts\/66403\/revisions"}],"predecessor-version":[{"id":66407,"href":"https:\/\/infotorrent.es\/ca\/wp-json\/wp\/v2\/posts\/66403\/revisions\/66407"}],"wp:featuredmedia":[{"embeddable":true,"href":"https:\/\/infotorrent.es\/ca\/wp-json\/wp\/v2\/media\/66408"}],"wp:attachment":[{"href":"https:\/\/infotorrent.es\/ca\/wp-json\/wp\/v2\/media?parent=66403"}],"wp:term":[{"taxonomy":"category","embeddable":true,"href":"https:\/\/infotorrent.es\/ca\/wp-json\/wp\/v2\/categories?post=66403"},{"taxonomy":"post_tag","embeddable":true,"href":"https:\/\/infotorrent.es\/ca\/wp-json\/wp\/v2\/tags?post=66403"}],"curies":[{"name":"wp","href":"https:\/\/api.w.org\/{rel}","templated":true}]}}