{"id":66214,"date":"2024-04-18T08:27:37","date_gmt":"2024-04-18T08:27:37","guid":{"rendered":"https:\/\/infotorrent.es\/uncategorized\/torrent-prepara-una-semana-a-la-lengua-valenciana-con-un-extenso-programa-de-actividades\/"},"modified":"2024-04-18T08:36:46","modified_gmt":"2024-04-18T08:36:46","slug":"torrent-prepara-una-semana-a-la-lengua-valenciana-con-un-extenso-programa-de-actividades","status":"publish","type":"post","link":"https:\/\/infotorrent.es\/ca\/politica-linguistica-ca\/torrent-prepara-una-semana-a-la-lengua-valenciana-con-un-extenso-programa-de-actividades\/","title":{"rendered":"Torrent prepara una setmana a la llengua valenciana amb un extens programa d&#8217;activitats"},"content":{"rendered":"\n<h5 class=\"wp-block-heading\"><strong>Del 22 al 27 d&#8217;abril, jocs tradicionals, contacontes, confer\u00e8ncies i premis literaris ompliran els carrers i espais culturals de la ciutat.<\/strong><\/h5>\n\n\n\n<p>Torrent es prepara per a celebrar la Setmana de la Llengua. Del 22 al 27 d&#8217;abril, la Regidoria de Pol\u00edtica Ling\u00fc\u00edstica de l&#8217;Ajuntament de Torrent, que dirigix M. \u00c1ngeles Lerma, ha organitzat un ampli programa d&#8217;activitats per a tots els p\u00fablics.<\/p>\n\n\n\n<p>La Setmana de la Llengua comen\u00e7ar\u00e0 el dimarts 23 d&#8217;abril amb activitats dirigides a l&#8217;alumnat dels centres educatius de la localitat. Durant tot el mat\u00ed, la Pla\u00e7a Major acollir\u00e0\u00a0\u2018Jocs Tradicionals <em>Valencians\u2019, posant en valor els jocs de sempre. Eixa mateixa vesprada tindran lloc els ja tradicionals premis literaris\u00a0\u2018<\/em>Ciutat de Torrent\u2019\u00a0on es presentaran les tres obres guanyadores, de Vicent Palacios, Josep Us\u00f3 i Marisol Gonz\u00e1lez. Un acte que tindr\u00e0 lloc a la Casa de la Cultura a les 19.30 hores.<\/p>\n\n\n\n<p>El dimecres 24 d&#8217;abril la biblioteca del <em>EMAT acull un \u2018<\/em>Contacontes\u2019 per als m\u00e9s xicotets a les 18.00 hores.\u00a0\u2018Pere l\u2019explorador\u2019, un contacontes baix el lema\u00a0\u2018Descobrint les terres valencianes\u2019.<\/p>\n\n\n\n<p>L&#8217;activitat continua el dijous 25 d&#8217;abril amb una proposta per al p\u00fablic adult. L&#8217;acad\u00e8mic Miquel \u00c0ngel Lled\u00f3 Cardona, de la Reial Acad\u00e8mia de Cultura Valenciana (RACV), oferir\u00e0 una confer\u00e8ncia sobre\u00a0\u201cLa llengua valenciana en el conjunt dels lleng\u00fces rom\u00e0niques\u2019\u2019\u00a0a les 19.30 hores a la Casa de la Cultura.<\/p>\n\n\n\n<p>De cara el fi de setmana, el vicepresident de Lo Rat Penat, \u00d2scar Rueda Pitarque s&#8217;endinsar\u00e0 en la vida i obra del centenari poeta Anf\u00f3s Ramon i Garcia, amb una confer\u00e8ncia a la Casa de la Cultura a les 19.30 hores.<\/p>\n\n\n\n<p>El plat fort de la setmana arribar\u00e0 el dissabte 27 d&#8217;abril per als m\u00e9s xicotets, que durant tot el mat\u00ed podran disfrutar de Jocs Tradicionals <em>Valencians en la pla\u00e7a de la Uni\u00f3 Musical on els jocs de sempre, com ara el\u00a0\u2018<\/em>sambori, trompes, pispes, cordes o el mocador\u2019, tornen a prendre protagonisme, esta vegada a gran escala.<\/p>\n\n\n\n<p>Tal com ha assenyalat la Regidor de Pol\u00edtica Ling\u00fc\u00edstica,\u00a0\u201cL&#8217;objectiu d&#8217;estes activitats \u00e9s promoure el coneixement i la pr\u00e0ctica dels jocs tradicionals valencians entre els xiquets i joves de la ciutat&#8221;, ha explicat Lerma.\u00a0&#8220;Estos jocs s\u00f3n una part important de la nostra cultura i patrimoni, i \u00e9s important que les noves generacions les coneguen i les disfruten&#8221;.<\/p>\n\n\n\n<p>Aix\u00ed mateix, tindr\u00e0 lloc la lectura p\u00fablica de\u00a0\u201cUn poble ple de contes\u2019\u2019, un llibre que arreplega els contes i dibuixos realitzats pels alumnes d&#8217;Antonio Machado, El Drac, Federico Maicas, Les Terretes, Lope de Vega, Mare de D\u00e9u del Rosari, Miguel Hern\u00e1ndez, Sant Pasqual, la <em>Marxadella, Mont-<\/em>Si\u00f3n, Pl\u00e9yade i Veles e Vents. Una lectura que se celebrar\u00e0 el dissabte 27 d&#8217;abril a les 11.00 hores en la Pla\u00e7a Uni\u00f3 Musical.<\/p>\n\n\n\n<p>&#8220;La Setmana de la Llengua \u00e9s una oportunitat perqu\u00e8 tots els torrentins disfruten de la llengua i cultura valenciana. Per a aconseguir-ho, hem preparat un programa d&#8217;activitats per a tots els p\u00fablics, amb jocs tradicionals, contacontes, confer\u00e8ncies i premis literaris\u201d,\u00a0afirma Lerma.<\/p>\n\n\n\n<figure class=\"wp-block-image size-large\"><img fetchpriority=\"high\" decoding=\"async\" width=\"728\" height=\"1024\" src=\"https:\/\/infotorrent.es\/wp-content\/uploads\/2024\/04\/semana-lengua-728x1024.jpg\" alt=\"\" class=\"wp-image-66207\" srcset=\"https:\/\/infotorrent.es\/wp-content\/uploads\/2024\/04\/semana-lengua-728x1024.jpg 728w, https:\/\/infotorrent.es\/wp-content\/uploads\/2024\/04\/semana-lengua-213x300.jpg 213w, https:\/\/infotorrent.es\/wp-content\/uploads\/2024\/04\/semana-lengua-768x1081.jpg 768w, https:\/\/infotorrent.es\/wp-content\/uploads\/2024\/04\/semana-lengua-1092x1536.jpg 1092w, https:\/\/infotorrent.es\/wp-content\/uploads\/2024\/04\/semana-lengua-1455x2048.jpg 1455w, https:\/\/infotorrent.es\/wp-content\/uploads\/2024\/04\/semana-lengua-scaled.jpg 1819w\" sizes=\"(max-width: 728px) 100vw, 728px\" \/><\/figure>\n","protected":false},"excerpt":{"rendered":"<p>Del 22 al 27 d&#8217;abril, jocs tradicionals, contacontes, confer\u00e8ncies i premis literaris ompliran els carrers i espais culturals de la ciutat. Torrent es prepara per a celebrar la Setmana de la Llengua. Del 22 al 27 d&#8217;abril, la Regidoria de Pol\u00edtica Ling\u00fc\u00edstica de l&#8217;Ajuntament de Torrent, que dirigix M. \u00c1ngeles Lerma, ha organitzat un ampli [&hellip;]<\/p>\n","protected":false},"author":15,"featured_media":66208,"comment_status":"open","ping_status":"open","sticky":false,"template":"","format":"standard","meta":{"_acf_changed":false,"footnotes":""},"categories":[1175],"tags":[],"class_list":["post-66214","post","type-post","status-publish","format-standard","has-post-thumbnail","hentry","category-politica-linguistica-ca"],"acf":[],"_links":{"self":[{"href":"https:\/\/infotorrent.es\/ca\/wp-json\/wp\/v2\/posts\/66214","targetHints":{"allow":["GET"]}}],"collection":[{"href":"https:\/\/infotorrent.es\/ca\/wp-json\/wp\/v2\/posts"}],"about":[{"href":"https:\/\/infotorrent.es\/ca\/wp-json\/wp\/v2\/types\/post"}],"author":[{"embeddable":true,"href":"https:\/\/infotorrent.es\/ca\/wp-json\/wp\/v2\/users\/15"}],"replies":[{"embeddable":true,"href":"https:\/\/infotorrent.es\/ca\/wp-json\/wp\/v2\/comments?post=66214"}],"version-history":[{"count":1,"href":"https:\/\/infotorrent.es\/ca\/wp-json\/wp\/v2\/posts\/66214\/revisions"}],"predecessor-version":[{"id":66231,"href":"https:\/\/infotorrent.es\/ca\/wp-json\/wp\/v2\/posts\/66214\/revisions\/66231"}],"wp:featuredmedia":[{"embeddable":true,"href":"https:\/\/infotorrent.es\/ca\/wp-json\/wp\/v2\/media\/66208"}],"wp:attachment":[{"href":"https:\/\/infotorrent.es\/ca\/wp-json\/wp\/v2\/media?parent=66214"}],"wp:term":[{"taxonomy":"category","embeddable":true,"href":"https:\/\/infotorrent.es\/ca\/wp-json\/wp\/v2\/categories?post=66214"},{"taxonomy":"post_tag","embeddable":true,"href":"https:\/\/infotorrent.es\/ca\/wp-json\/wp\/v2\/tags?post=66214"}],"curies":[{"name":"wp","href":"https:\/\/api.w.org\/{rel}","templated":true}]}}