{"id":66199,"date":"2024-04-17T10:08:50","date_gmt":"2024-04-17T10:08:50","guid":{"rendered":"https:\/\/infotorrent.es\/uncategorized\/torrent-se-prepara-para-la-3a-feria-de-la-formacion-profesional-y-formacion-para-el-empleo\/"},"modified":"2024-04-17T10:13:14","modified_gmt":"2024-04-17T10:13:14","slug":"torrent-se-prepara-para-la-3a-feria-de-la-formacion-profesional-y-formacion-para-el-empleo","status":"publish","type":"post","link":"https:\/\/infotorrent.es\/ca\/economia-es-2\/torrent-se-prepara-para-la-3a-feria-de-la-formacion-profesional-y-formacion-para-el-empleo\/","title":{"rendered":"Torrent es prepara per a la 3a Fira de la Formaci\u00f3 Professional i Formaci\u00f3 per a l&#8217;ocupaci\u00f3"},"content":{"rendered":"\n<p><strong>L&#8217;edici\u00f3 d&#8217;enguany se celebrar\u00e0 el 24 d&#8217;abril i en esta ocasi\u00f3 es despla\u00e7a a la Pla\u00e7a Major de Torrent, en horari de 9h. a 14h.<\/strong><\/p>\n\n\n\n<p>Torrent es prepara per a la celebraci\u00f3 de la III Fira de la Formaci\u00f3 Professional que se celebrar\u00e0 el 24 d&#8217;abril i en esta ocasi\u00f3 ser\u00e0 en la Pla\u00e7a Major de Torrent pel fet que es necessita m\u00e9s espai, en horari de 9h. a 14h. Quasi 30 entitats participen amb els seus estands en este esdeveniment creant una oportunitat per a explorar les opcions educatives i professionals per al pr\u00f2xim curs 2024\/2025.<\/p>\n\n\n\n<p>Esta iniciativa t\u00e9 com a objectiu principal visibilitzar i promocionar l&#8217;oferta de formaci\u00f3 professional existent a la comarca de l&#8217;Horta Sud i est\u00e0 especialment dirigida a l&#8217;alumnat de l&#8217;ESO, Batxillerat, CFGM i CFGS.<\/p>\n\n\n\n<p>L&#8217;Ajuntament de Torrent est\u00e0 conven\u00e7ut que la formaci\u00f3 professional exercix un paper crucial en l&#8217;increment del nivell d&#8217;ocupabilitat dels alumnes\/as i que respon directament a les necessitats detectades en el mercat laboral actual. Per aix\u00f2, a difer\u00e8ncia amb altres edicions anteriors s&#8217;ha obert la convocat\u00f2ria a centres de la comarca, per a tindre representades les m\u00e0ximes opcions i fam\u00edlies professionals possibles perqu\u00e8 els alumnes coneguen totes les possibilitats formatives al seu abast.<\/p>\n\n\n\n<p>En esta edici\u00f3 participen un total de 28 expositors: 5 centres de Torrent i 12 de la Comarca en Formaci\u00f3 Professional, 5 en formaci\u00f3 per a l&#8217;ocupaci\u00f3 (conduents a l&#8217;obtenci\u00f3 de certificats de professionalitat) i altres 6 entitats, tamb\u00e9 compromeses amb la formaci\u00f3 com a ferramenta de desenvolupament personal i professional: IDEA\u2019T, CIJ, EPA, EOI, LABORA i Mancomunitat Horta Sud. La Fira \u00e9s una oportunitat valuosa per a intercanviar idees i con\u00e9ixer els recursos que existixen a Torrent i comarca. Estaran representades 18 fam\u00edlies professionals i 78 cicles formatius.<\/p>\n\n\n\n<p><strong>Centres de Formaci\u00f3 per a l&#8217;ocupaci\u00f3 de Torrent:<\/strong><br>Centre Privat Beta Formaci\u00f3<br>Fundaci\u00f3 M\u00aa Auxiliadora<br>Fundaci\u00f3n Jos\u00e9 M\u00aa Haro<br>Rude<br>Fundaci\u00f3 Amigo<br>Centre Privat Mediterrani Culinary Center<\/p>\n\n\n\n<p><strong>Centres FP Comarca:<\/strong><br>Centre Privat Tobalcaide<br>Centre Integrat Public Mislata<br>IES El Mol\u00ed Del Sol<br>IES La Moreria<br>IES Faust\u00ed Barber\u00e1<br>Escola Capatassos Agr\u00edcoles<br>IES Manuel Sanchis Guarner<br>IES Enric Valor<br>Centre Integrat Faitanar<br>IES Gonzalo Anaya<br>IES Salvador Gadea<br>Centro Privat FP La Florida<\/p>\n\n\n\n<p><strong>Entitats:<\/strong><br>Mancomunitat Horta Sud<br>CIJ Torrent<br>EOI Torrent<br>GVA Labora<br>Idea\u2019t<br>EPA Torrent<\/p>\n\n\n\n<p><strong>Centres FP Torrent:<\/strong><br>IES Tirant lo Blanc<br>IES Vetles e Vents<br>IES Serra Perenxisa<br>IES La Marxadella<br>Centre Privat Mare Sacramento<\/p>\n","protected":false},"excerpt":{"rendered":"<p>L&#8217;edici\u00f3 d&#8217;enguany se celebrar\u00e0 el 24 d&#8217;abril i en esta ocasi\u00f3 es despla\u00e7a a la Pla\u00e7a Major de Torrent, en horari de 9h. a 14h. Torrent es prepara per a la celebraci\u00f3 de la III Fira de la Formaci\u00f3 Professional que se celebrar\u00e0 el 24 d&#8217;abril i en esta ocasi\u00f3 ser\u00e0 en la Pla\u00e7a Major [&hellip;]<\/p>\n","protected":false},"author":2,"featured_media":66197,"comment_status":"open","ping_status":"open","sticky":false,"template":"","format":"standard","meta":{"_acf_changed":false,"footnotes":""},"categories":[129,132],"tags":[],"class_list":["post-66199","post","type-post","status-publish","format-standard","has-post-thumbnail","hentry","category-economia-es-2","category-educacion-2"],"acf":[],"_links":{"self":[{"href":"https:\/\/infotorrent.es\/ca\/wp-json\/wp\/v2\/posts\/66199","targetHints":{"allow":["GET"]}}],"collection":[{"href":"https:\/\/infotorrent.es\/ca\/wp-json\/wp\/v2\/posts"}],"about":[{"href":"https:\/\/infotorrent.es\/ca\/wp-json\/wp\/v2\/types\/post"}],"author":[{"embeddable":true,"href":"https:\/\/infotorrent.es\/ca\/wp-json\/wp\/v2\/users\/2"}],"replies":[{"embeddable":true,"href":"https:\/\/infotorrent.es\/ca\/wp-json\/wp\/v2\/comments?post=66199"}],"version-history":[{"count":1,"href":"https:\/\/infotorrent.es\/ca\/wp-json\/wp\/v2\/posts\/66199\/revisions"}],"predecessor-version":[{"id":66201,"href":"https:\/\/infotorrent.es\/ca\/wp-json\/wp\/v2\/posts\/66199\/revisions\/66201"}],"wp:featuredmedia":[{"embeddable":true,"href":"https:\/\/infotorrent.es\/ca\/wp-json\/wp\/v2\/media\/66197"}],"wp:attachment":[{"href":"https:\/\/infotorrent.es\/ca\/wp-json\/wp\/v2\/media?parent=66199"}],"wp:term":[{"taxonomy":"category","embeddable":true,"href":"https:\/\/infotorrent.es\/ca\/wp-json\/wp\/v2\/categories?post=66199"},{"taxonomy":"post_tag","embeddable":true,"href":"https:\/\/infotorrent.es\/ca\/wp-json\/wp\/v2\/tags?post=66199"}],"curies":[{"name":"wp","href":"https:\/\/api.w.org\/{rel}","templated":true}]}}