{"id":66154,"date":"2024-04-16T10:20:47","date_gmt":"2024-04-16T10:20:47","guid":{"rendered":"https:\/\/infotorrent.es\/uncategorized\/el-emat-acoge-una-experiencia-sensorial-que-pone-el-foco-en-el-mundo-de-la-ceramica\/"},"modified":"2024-04-16T10:24:30","modified_gmt":"2024-04-16T10:24:30","slug":"el-emat-acoge-una-experiencia-sensorial-que-pone-el-foco-en-el-mundo-de-la-ceramica","status":"publish","type":"post","link":"https:\/\/infotorrent.es\/ca\/cultura-es-2\/el-emat-acoge-una-experiencia-sensorial-que-pone-el-foco-en-el-mundo-de-la-ceramica\/","title":{"rendered":"L&#8217;EMAT acull una experi\u00e8ncia sensorial que posa el focus en el m\u00f3n de la cer\u00e0mica"},"content":{"rendered":"\n<p><\/p>\n\n\n\n<p><strong>ANPEC i l&#8217;Ajuntament de Torrent presenten esta mostra, que estar\u00e0 disponible del 18 d&#8217;abril fins al 18 de juny<\/strong><\/p>\n\n\n\n<p>El calendari expositiu de l&#8217;Espai Metropolit\u00e0 d\u2019Art de Torrent no es det\u00e9. Despr\u00e9s de l&#8217;\u00e8xit de la seua \u00faltima exposici\u00f3 sota el lema \u2018Quan m\u2019entra el desfici\u2019, l&#8217;EMAT presenta el pr\u00f2xim 18 d&#8217;abril \u2018Cobalto y cobre\u2019, una mostra temporal organitzada per l&#8217;Associaci\u00f3 Nacional de Professionals de la Cer\u00e0mica (ANPEC), juntament amb l&#8217;Ajuntament de Torrent, que s&#8217;endinsa en un fascinant viatge a trav\u00e9s dels colors i la qu\u00edmica de la cer\u00e0mica.<\/p>\n\n\n\n<p>L&#8217;exposici\u00f3 compta amb una selecci\u00f3 acuradament curada de peces cer\u00e0miques originals, cadascuna destacant la import\u00e0ncia hist\u00f2rica i est\u00e8tica del Cobalt i el Coure en la cer\u00e0mica al llarg dels segles. Des de les antigues pises eg\u00edpcies fins a les porcellanes xineses de la dinastia Tang, els visitants podran apreciar la influ\u00e8ncia duradora d&#8217;estos elements en l&#8217;artesania mundial. Des del blau profund del cobalt fins a l&#8217;\u00e0mplia gamma de verds del coure, l&#8217;exposici\u00f3 convida a submergir-se en un univers de color i textures.<\/p>\n\n\n\n<p>La mostra comptar\u00e0 amb una completa secci\u00f3 did\u00e0ctica que permetr\u00e0 al visitant con\u00e9ixer les propietats d&#8217;estos \u00f2xids, el seu impacte en la cer\u00e0mica i les t\u00e8cniques utilitzades per a treballar-los.<\/p>\n\n\n\n<p>El Cobalt, amb el seu poder\u00f3s \u00f2xid colorant i la seua inalterabilitat fins i tot a altes temperatures, ha pres protagonisme dins de l&#8217;artesania de diverses cultures al llarg de la hist\u00f2ria. Un component essencial en la producci\u00f3 de cer\u00e0mica, destacant pel seu to blau caracter\u00edstic.<\/p>\n\n\n\n<p>D&#8217;altra banda, l&#8217;\u00f2xid de coure es revela com un colorant cer\u00e0mic vers\u00e0til i altament reactiu, capa\u00e7 de produir una \u00e0mplia gamma de colors depenent de la composici\u00f3 de l&#8217;esmalt i l&#8217;atmosfera de cocci\u00f3. Des d&#8217;intensos verds fins a tons porpres suaus, el coure ha sigut element clau en el treball de ceramistes al llarg de la hist\u00f2ria.<\/p>\n\n\n\n<p>A m\u00e9s de l&#8217;exhibici\u00f3 de peces, l&#8217;exposici\u00f3 oferir\u00e0 una part did\u00e0ctica dissenyada per a introduir als visitants en la hist\u00f2ria i la qu\u00edmica darrere d&#8217;estos materials. L&#8217;exposici\u00f3 ser\u00e0 inaugurada per l&#8217;Alcaldessa, Amparo Folgado i el Regidor de Cultura, Aitor S\u00e1nchez, el dijous, 18 d&#8217;abril a les 19.00 hores a la Sala EMAT, situada en la quarta planta de l&#8217;Edifici Metro (Avinguda al Vedat, 103 \u2013 TORRENT). Durant l&#8217;acte, els assistents tindran l&#8217;oportunitat de presenciar una actuaci\u00f3 i demostraci\u00f3 en directe a la m\u00e0 d&#8217;un terrissaire al torn.<\/p>\n\n\n\n<p>Esta exposici\u00f3 estar\u00e0 oberta al p\u00fablic fins al 18 de juny de 2024, de dilluns a divendres de 17 a 20 hores i dissabtes de 10 a 14 hores. Els diumenges i festius romandr\u00e0 tancada.<\/p>\n","protected":false},"excerpt":{"rendered":"<p>ANPEC i l&#8217;Ajuntament de Torrent presenten esta mostra, que estar\u00e0 disponible del 18 d&#8217;abril fins al 18 de juny El calendari expositiu de l&#8217;Espai Metropolit\u00e0 d\u2019Art de Torrent no es det\u00e9. Despr\u00e9s de l&#8217;\u00e8xit de la seua \u00faltima exposici\u00f3 sota el lema \u2018Quan m\u2019entra el desfici\u2019, l&#8217;EMAT presenta el pr\u00f2xim 18 d&#8217;abril \u2018Cobalto y cobre\u2019, [&hellip;]<\/p>\n","protected":false},"author":17,"featured_media":66152,"comment_status":"open","ping_status":"open","sticky":false,"template":"","format":"standard","meta":{"_acf_changed":false,"footnotes":""},"categories":[126],"tags":[],"class_list":["post-66154","post","type-post","status-publish","format-standard","has-post-thumbnail","hentry","category-cultura-es-2"],"acf":[],"_links":{"self":[{"href":"https:\/\/infotorrent.es\/ca\/wp-json\/wp\/v2\/posts\/66154","targetHints":{"allow":["GET"]}}],"collection":[{"href":"https:\/\/infotorrent.es\/ca\/wp-json\/wp\/v2\/posts"}],"about":[{"href":"https:\/\/infotorrent.es\/ca\/wp-json\/wp\/v2\/types\/post"}],"author":[{"embeddable":true,"href":"https:\/\/infotorrent.es\/ca\/wp-json\/wp\/v2\/users\/17"}],"replies":[{"embeddable":true,"href":"https:\/\/infotorrent.es\/ca\/wp-json\/wp\/v2\/comments?post=66154"}],"version-history":[{"count":1,"href":"https:\/\/infotorrent.es\/ca\/wp-json\/wp\/v2\/posts\/66154\/revisions"}],"predecessor-version":[{"id":66156,"href":"https:\/\/infotorrent.es\/ca\/wp-json\/wp\/v2\/posts\/66154\/revisions\/66156"}],"wp:featuredmedia":[{"embeddable":true,"href":"https:\/\/infotorrent.es\/ca\/wp-json\/wp\/v2\/media\/66152"}],"wp:attachment":[{"href":"https:\/\/infotorrent.es\/ca\/wp-json\/wp\/v2\/media?parent=66154"}],"wp:term":[{"taxonomy":"category","embeddable":true,"href":"https:\/\/infotorrent.es\/ca\/wp-json\/wp\/v2\/categories?post=66154"},{"taxonomy":"post_tag","embeddable":true,"href":"https:\/\/infotorrent.es\/ca\/wp-json\/wp\/v2\/tags?post=66154"}],"curies":[{"name":"wp","href":"https:\/\/api.w.org\/{rel}","templated":true}]}}