{"id":66018,"date":"2024-04-11T10:29:33","date_gmt":"2024-04-11T10:29:33","guid":{"rendered":"https:\/\/infotorrent.es\/uncategorized\/torrent-acoge-este-fin-de-semana-su-i-showroom-fallero\/"},"modified":"2024-04-11T10:39:56","modified_gmt":"2024-04-11T10:39:56","slug":"torrent-acoge-este-fin-de-semana-su-i-showroom-fallero","status":"publish","type":"post","link":"https:\/\/infotorrent.es\/ca\/cultura-es-2\/torrent-acoge-este-fin-de-semana-su-i-showroom-fallero\/","title":{"rendered":"Torrent acull este cap de setmana el seu I Showroom Faller"},"content":{"rendered":"\n<p><strong>La Sala C\u00edvica de l\u2019Antic Mercat reunix del 12 al 14 d&#8217;abril als millors artesans e indumentaristas valencians amb descomptes de fins al 70%<\/strong><\/p>\n\n\n\n<p>Este divendres 12 d&#8217;abril Torrent inaugura el seu I Showroom Faller. Organitzat pel Gremi Artes\u00e0 de Sastres i Modistes de la Comunitat Valenciana, en col\u00b7laboraci\u00f3 amb l&#8217;Ajuntament de Torrent i la Diputaci\u00f3 de Val\u00e8ncia. Durant tres dies, fins al diumenge 14 d&#8217;abril, la Sala C\u00edvica del Antic Mercat de Torrent, situat al carrer Cervantes, 1, al costat de l&#8217;estaci\u00f3 de metro Torrent, es convertix en l&#8217;epicentre de la indument\u00e0ria valenciana.<\/p>\n\n\n\n<p>En este innovador Showroom, el p\u00fablic assistent podr\u00e0 disfrutar de descomptes de fins al 70% en vestits, teles, mantillas, adre\u00e7os i altres complements. A m\u00e9s, es presentaran les principals novetats per a l&#8217;any 2025.<\/p>\n\n\n\n<p>La inauguraci\u00f3 oficial est\u00e0 programada per a les 18.00 hores del divendres 12 d&#8217;abril, i comptar\u00e0 amb la pres\u00e8ncia de les Falleres Majors de Torrent, Mar\u00eda Peris i Vega Rom\u00e1n, acompanyades per les seues Corts d&#8217;Honor, aix\u00ed com l&#8217;alcaldessa de la ciutat, Amparo Folgado.<\/p>\n\n\n\n<p>Respecte a l&#8217;horari d&#8217;obertura, estar\u00e0 obert al p\u00fablic des del propi divendres de 16.00 a 20.00 hores. El dissabte i el diumenge ampliar\u00e0 el seu horari de 10.00 hores a 20.00 hores. A m\u00e9s de la zona comercial, un programa complet de confer\u00e8ncies i col\u00b7loquis protagonitzats per destacats professionals del sector, incloent indumentaristas, dissenyadors, historiadors i experts en teles i teixits. Estes xarrades abordaran diversos temes d&#8217;inter\u00e9s relacionats amb la indument\u00e0ria valenciana, com l&#8217;evoluci\u00f3 del vestit regional, la import\u00e0ncia de l&#8217;artesania i les claus per a triar un bon adre\u00e7.<\/p>\n\n\n\n<p>El dissabte 13, a les 12.00 hores tindr\u00e0 lloc un taller i demostraci\u00f3 sobre com col\u00b7locar el Mocador de Pit les dones quan visten de Valenciana, a c\u00e0rrec d&#8217;Arturo <em>Torremocha, gerent de L&#8217;<\/em>Atelier de la Seda. A les 18.00 hores, s&#8217;oferir\u00e0 una xarrada sobre adre\u00e7os i pintes, a c\u00e0rrec d&#8217;Elisa Peris, gerent d&#8217;Orfebres Peris Roca.<\/p>\n\n\n\n<p>L&#8217;\u00faltima jornada, el diumenge 14, comptar\u00e0 amb un taller i demostraci\u00f3, a les 12.00 hores, sobre com s&#8217;han de posar el mocador els cavallers quan visten de Valenci\u00e0, a c\u00e0rrec de Juan Carlos <em>Ca\u00f1abate, gerent de Carlos Salvador Indument\u00e0ria. A les 18.00 hores, Rosa M\u00b0 Sanchis, gerent de L&#8217;<\/em>\u00da i Dos Indument\u00e0ria Valenciana, impartir\u00e0 una\u00a0 xarrada donant a con\u00e9ixer els diferents tipus de Mantilla de Fallera.<\/p>\n\n\n\n<p>Tota una s\u00e8rie d&#8217;empreses Torrentinas, aix\u00ed com agremiadas de renom, participen en este esdeveniment. Entre elles es troben\u00a0Vestits regionals Amparo G\u00e1lvez, Bruses Cocoliso, Empar del Remeim Andrea Indumentaria, l&#8217;\u00da i Dos Indument\u00e0ria Valenciana, El Vestidor Faller, Artesania Fidela, Alan Indumentaria, Carlos Salvador Indument\u00e0ria, Arturo Torremocha, Indumentaristes La Claum, Nicolina Merceria T\u00e8cnica, Marian Roba Valenciana i Festa, 25 Agulles Alta Costura, El <em>Tabalet i A l&#8217;<\/em>Antiga.<\/p>\n\n\n\n<p>Aix\u00ed, Torrent, amb la seua arrelada tradici\u00f3 fallera i el seu reconegut prestigi en el m\u00f3n de la indument\u00e0ria, s&#8217;erigix com l&#8217;escenari perfecte per a acollir este esdeveniment que tornar\u00e0 a reunir el m\u00f3n faller durant el segon cap de setmana d&#8217;abril.<\/p>\n\n\n\n<figure class=\"wp-block-image size-full\"><img fetchpriority=\"high\" decoding=\"async\" width=\"800\" height=\"444\" src=\"https:\/\/infotorrent.es\/wp-content\/uploads\/2024\/04\/431510725_813142200841098_7049783976656312086_n.jpg\" alt=\"\" class=\"wp-image-66010\" srcset=\"https:\/\/infotorrent.es\/wp-content\/uploads\/2024\/04\/431510725_813142200841098_7049783976656312086_n.jpg 800w, https:\/\/infotorrent.es\/wp-content\/uploads\/2024\/04\/431510725_813142200841098_7049783976656312086_n-300x167.jpg 300w, https:\/\/infotorrent.es\/wp-content\/uploads\/2024\/04\/431510725_813142200841098_7049783976656312086_n-768x426.jpg 768w\" sizes=\"(max-width: 800px) 100vw, 800px\" \/><\/figure>\n\n\n\n<figure class=\"wp-block-image size-large\"><img decoding=\"async\" width=\"819\" height=\"1024\" src=\"https:\/\/infotorrent.es\/wp-content\/uploads\/2024\/04\/PROGRAMA-819x1024.jpeg\" alt=\"\" class=\"wp-image-66012\" srcset=\"https:\/\/infotorrent.es\/wp-content\/uploads\/2024\/04\/PROGRAMA-819x1024.jpeg 819w, https:\/\/infotorrent.es\/wp-content\/uploads\/2024\/04\/PROGRAMA-240x300.jpeg 240w, https:\/\/infotorrent.es\/wp-content\/uploads\/2024\/04\/PROGRAMA-768x960.jpeg 768w, https:\/\/infotorrent.es\/wp-content\/uploads\/2024\/04\/PROGRAMA-1229x1536.jpeg 1229w, https:\/\/infotorrent.es\/wp-content\/uploads\/2024\/04\/PROGRAMA.jpeg 1280w\" sizes=\"(max-width: 819px) 100vw, 819px\" \/><\/figure>\n\n\n\n<figure class=\"wp-block-image size-large\"><img decoding=\"async\" width=\"724\" height=\"1024\" src=\"https:\/\/infotorrent.es\/wp-content\/uploads\/2024\/04\/Showroom-Fallero-1-724x1024.png\" alt=\"\" class=\"wp-image-66015\" srcset=\"https:\/\/infotorrent.es\/wp-content\/uploads\/2024\/04\/Showroom-Fallero-1-724x1024.png 724w, https:\/\/infotorrent.es\/wp-content\/uploads\/2024\/04\/Showroom-Fallero-1-212x300.png 212w, https:\/\/infotorrent.es\/wp-content\/uploads\/2024\/04\/Showroom-Fallero-1-768x1086.png 768w, https:\/\/infotorrent.es\/wp-content\/uploads\/2024\/04\/Showroom-Fallero-1-1086x1536.png 1086w, https:\/\/infotorrent.es\/wp-content\/uploads\/2024\/04\/Showroom-Fallero-1-1448x2048.png 1448w\" sizes=\"(max-width: 724px) 100vw, 724px\" \/><\/figure>\n","protected":false},"excerpt":{"rendered":"<p>La Sala C\u00edvica de l\u2019Antic Mercat reunix del 12 al 14 d&#8217;abril als millors artesans e indumentaristas valencians amb descomptes de fins al 70% Este divendres 12 d&#8217;abril Torrent inaugura el seu I Showroom Faller. Organitzat pel Gremi Artes\u00e0 de Sastres i Modistes de la Comunitat Valenciana, en col\u00b7laboraci\u00f3 amb l&#8217;Ajuntament de Torrent i la [&hellip;]<\/p>\n","protected":false},"author":15,"featured_media":66022,"comment_status":"open","ping_status":"open","sticky":false,"template":"","format":"standard","meta":{"_acf_changed":false,"footnotes":""},"categories":[126],"tags":[],"class_list":["post-66018","post","type-post","status-publish","format-standard","has-post-thumbnail","hentry","category-cultura-es-2"],"acf":[],"_links":{"self":[{"href":"https:\/\/infotorrent.es\/ca\/wp-json\/wp\/v2\/posts\/66018","targetHints":{"allow":["GET"]}}],"collection":[{"href":"https:\/\/infotorrent.es\/ca\/wp-json\/wp\/v2\/posts"}],"about":[{"href":"https:\/\/infotorrent.es\/ca\/wp-json\/wp\/v2\/types\/post"}],"author":[{"embeddable":true,"href":"https:\/\/infotorrent.es\/ca\/wp-json\/wp\/v2\/users\/15"}],"replies":[{"embeddable":true,"href":"https:\/\/infotorrent.es\/ca\/wp-json\/wp\/v2\/comments?post=66018"}],"version-history":[{"count":1,"href":"https:\/\/infotorrent.es\/ca\/wp-json\/wp\/v2\/posts\/66018\/revisions"}],"predecessor-version":[{"id":66021,"href":"https:\/\/infotorrent.es\/ca\/wp-json\/wp\/v2\/posts\/66018\/revisions\/66021"}],"wp:featuredmedia":[{"embeddable":true,"href":"https:\/\/infotorrent.es\/ca\/wp-json\/wp\/v2\/media\/66022"}],"wp:attachment":[{"href":"https:\/\/infotorrent.es\/ca\/wp-json\/wp\/v2\/media?parent=66018"}],"wp:term":[{"taxonomy":"category","embeddable":true,"href":"https:\/\/infotorrent.es\/ca\/wp-json\/wp\/v2\/categories?post=66018"},{"taxonomy":"post_tag","embeddable":true,"href":"https:\/\/infotorrent.es\/ca\/wp-json\/wp\/v2\/tags?post=66018"}],"curies":[{"name":"wp","href":"https:\/\/api.w.org\/{rel}","templated":true}]}}