{"id":65523,"date":"2024-03-21T12:28:06","date_gmt":"2024-03-21T12:28:06","guid":{"rendered":"https:\/\/infotorrent.es\/uncategorized\/el-ayuntamiento-de-torrent-instala-pasos-de-peatones-accessibles-en-el-poligono-empresarial-de-mas-del-jutge\/"},"modified":"2024-03-21T12:31:36","modified_gmt":"2024-03-21T12:31:36","slug":"el-ayuntamiento-de-torrent-instala-pasos-de-peatones-accessibles-en-el-poligono-empresarial-de-mas-del-jutge","status":"publish","type":"post","link":"https:\/\/infotorrent.es\/ca\/noticies\/urbanisme\/el-ayuntamiento-de-torrent-instala-pasos-de-peatones-accessibles-en-el-poligono-empresarial-de-mas-del-jutge\/","title":{"rendered":"L&#8217;Ajuntament de Torrent instal\u00b7la passos de vianants accessibles en el Pol\u00edgon Empresarial de Mas del Jutge"},"content":{"rendered":"\n<p><strong>S&#8217;han executat obres per a habilitar un pas per als vianants en la intersecci\u00f3 del carrer Hort de Soriano amb el carrer Corders, connectant els n\u00fameros 62 i 111 y 111<\/strong><\/p>\n\n\n\n<p><strong>Est\u00e0 prevista l&#8217;expansi\u00f3 de la xarxa de carril bici tant al carrer Mas del Jutge com al carrer Perell\u00f3<\/strong><\/p>\n\n\n\n<figure class=\"wp-block-image size-large\"><img fetchpriority=\"high\" decoding=\"async\" width=\"1024\" height=\"768\" src=\"https:\/\/infotorrent.es\/wp-content\/uploads\/2024\/03\/PASOS-CEBRA-POLIGONOS-1-1024x768.jpeg\" alt=\"\" class=\"wp-image-65519\" srcset=\"https:\/\/infotorrent.es\/wp-content\/uploads\/2024\/03\/PASOS-CEBRA-POLIGONOS-1-1024x768.jpeg 1024w, https:\/\/infotorrent.es\/wp-content\/uploads\/2024\/03\/PASOS-CEBRA-POLIGONOS-1-300x225.jpeg 300w, https:\/\/infotorrent.es\/wp-content\/uploads\/2024\/03\/PASOS-CEBRA-POLIGONOS-1-768x576.jpeg 768w, https:\/\/infotorrent.es\/wp-content\/uploads\/2024\/03\/PASOS-CEBRA-POLIGONOS-1-1536x1152.jpeg 1536w, https:\/\/infotorrent.es\/wp-content\/uploads\/2024\/03\/PASOS-CEBRA-POLIGONOS-1.jpeg 1600w\" sizes=\"(max-width: 1024px) 100vw, 1024px\" \/><\/figure>\n\n\n\n<p>En la seua aposta per promoure la mobilitat sostenible i millorar l&#8217;accessibilitat per a totes les persones en el Pol\u00edgon Empresarial de Mas del Jutge, l&#8217;Ajuntament de Torrent ha posat en marxa una s\u00e8rie d&#8217;iniciatives en col\u00b7laboraci\u00f3 amb l&#8217;Associaci\u00f3 Empresarial del Mas del Jutge.<\/p>\n\n\n\n<p>El Regidor Delegat d&#8217;Urbanisme, Jos\u00e9 Gozalvo, i representants de l&#8217;Associaci\u00f3 Empresarial, han mantingut una reuni\u00f3 de treball per a abordar mesures concretes amb vista a la millora de la mobilitat tant de vianants com d&#8217;usuaris de carril bici en l&#8217;\u00e0rea.<\/p>\n\n\n\n<p>En este context, s&#8217;ha prioritzat la millora de la permeabilitat per als vianants entre la zona nord i sud de la carretera Mes del Jutge. Com a resultat, s&#8217;han executat obres per a habilitar un pas per als vianants en la intersecci\u00f3 del carrer Hort de Soriano (enfront del restaurant Els Avets) amb el carrer Corders, connectant els n\u00fameros 62 i 111. Esta iniciativa t\u00e9 com a objectiu facilitar el despla\u00e7ament segur de vianants entre totes dues zones del pol\u00edgon.<\/p>\n\n\n\n<p>A m\u00e9s, s&#8217;ha planificat l&#8217;expansi\u00f3 de la xarxa de carril bici tant al carrer Mes del Jutge com al carrer Perell\u00f3, amb la finalitat de promoure l&#8217;\u00fas de mitjans de transport sostenibles i assegurances per als treballadors i visitants del pol\u00edgon.<\/p>\n\n\n\n<p>Les millores no es limiten al pol\u00edgon empresarial, sin\u00f3 que s&#8217;estenen a la urbanitzaci\u00f3 de la carretera Mas del Jutge, des del carrer Perellonet fins al carrer V Centenari, on es duran a terme treballs de reparaci\u00f3 per a la millora de la via. Aix\u00ed mateix, es realitzaran reparacions en la pavimentaci\u00f3 del carrer Perell\u00f3, entre els carrers Perell\u00f3 i Don Jeroni, per a millorar la qualitat de la superf\u00edcie de rodadura.<\/p>\n\n\n\n<p>L&#8217;Ajuntament de Torrent t\u00e9 previst continuar amb estes accions en els pr\u00f2xims dies, amb la instal\u00b7laci\u00f3 de m\u00e9s passos de vianants en vies adjacents per a promoure una mobilitat segura i accessible en tot l&#8217;entorn del pol\u00edgon empresarial.<\/p>\n","protected":false},"excerpt":{"rendered":"<p>S&#8217;han executat obres per a habilitar un pas per als vianants en la intersecci\u00f3 del carrer Hort de Soriano amb el carrer Corders, connectant els n\u00fameros 62 i 111 y 111 Est\u00e0 prevista l&#8217;expansi\u00f3 de la xarxa de carril bici tant al carrer Mas del Jutge com al carrer Perell\u00f3 En la seua aposta per [&hellip;]<\/p>\n","protected":false},"author":2,"featured_media":65527,"comment_status":"open","ping_status":"open","sticky":false,"template":"","format":"standard","meta":{"_acf_changed":false,"footnotes":""},"categories":[133,140,1160],"tags":[],"class_list":["post-65523","post","type-post","status-publish","format-standard","has-post-thumbnail","hentry","category-urbanisme","category-urbanismo-3","category-urbanismo-noticias-ca"],"acf":[],"_links":{"self":[{"href":"https:\/\/infotorrent.es\/ca\/wp-json\/wp\/v2\/posts\/65523","targetHints":{"allow":["GET"]}}],"collection":[{"href":"https:\/\/infotorrent.es\/ca\/wp-json\/wp\/v2\/posts"}],"about":[{"href":"https:\/\/infotorrent.es\/ca\/wp-json\/wp\/v2\/types\/post"}],"author":[{"embeddable":true,"href":"https:\/\/infotorrent.es\/ca\/wp-json\/wp\/v2\/users\/2"}],"replies":[{"embeddable":true,"href":"https:\/\/infotorrent.es\/ca\/wp-json\/wp\/v2\/comments?post=65523"}],"version-history":[{"count":1,"href":"https:\/\/infotorrent.es\/ca\/wp-json\/wp\/v2\/posts\/65523\/revisions"}],"predecessor-version":[{"id":65526,"href":"https:\/\/infotorrent.es\/ca\/wp-json\/wp\/v2\/posts\/65523\/revisions\/65526"}],"wp:featuredmedia":[{"embeddable":true,"href":"https:\/\/infotorrent.es\/ca\/wp-json\/wp\/v2\/media\/65527"}],"wp:attachment":[{"href":"https:\/\/infotorrent.es\/ca\/wp-json\/wp\/v2\/media?parent=65523"}],"wp:term":[{"taxonomy":"category","embeddable":true,"href":"https:\/\/infotorrent.es\/ca\/wp-json\/wp\/v2\/categories?post=65523"},{"taxonomy":"post_tag","embeddable":true,"href":"https:\/\/infotorrent.es\/ca\/wp-json\/wp\/v2\/tags?post=65523"}],"curies":[{"name":"wp","href":"https:\/\/api.w.org\/{rel}","templated":true}]}}