{"id":65351,"date":"2024-03-14T10:31:20","date_gmt":"2024-03-14T10:31:20","guid":{"rendered":"https:\/\/infotorrent.es\/uncategorized\/agenda-del-fin-de-semana-a-torrent-7-al-10-de-marzo-2\/"},"modified":"2024-03-14T10:44:37","modified_gmt":"2024-03-14T10:44:37","slug":"agenda-del-fin-de-semana-a-torrent-7-al-10-de-marzo-2","status":"publish","type":"post","link":"https:\/\/infotorrent.es\/ca\/agenda-2-ca\/agenda-del-fin-de-semana-a-torrent-7-al-10-de-marzo-2\/","title":{"rendered":"Agenda del cap de setmana a Torrent (14 al 19 de mar\u00e7)"},"content":{"rendered":"\n<p>No et perdes cap de les activitats que se celebren este cap de setmana a Torrent.<\/p>\n\n\n\n<p><strong>DIJOUS 14<\/strong><\/p>\n\n\n\n<p>Exposici\u00f3 &#8220;CARTES A MI&#8221; De Laura C\u00f3rdoba L&#8217;exposici\u00f3 es pot visitar fins al dia 23 de mar\u00e7, de dilluns a divendres de 9.15 ha 13.45 h i de 16.15 h a 20.15 h. Dissabtes, de 10.00 h a 13.00 h.<br>Sala d&#8217;exposicions L&#8217;Espai. Edifici Metro.<\/p>\n\n\n\n<p>Exposici\u00f3 &#8220;QUAN M&#8217;ENTRA EL DESFICI&#8221; A L&#8217;EMAT De Dilluns a Divendres, de 17.00 a 20.00 i Dissabte, de 10.00 a 14.00 h.<\/p>\n\n\n\n<p>17:00h Centre acci\u00f3 social Circule Cat\u00f2lic Crem\u00e0 de la falla; C\/Santo Domingo<\/p>\n\n\n\n<p>17:30h Imposici\u00f3 banda fallera major &#8220; Major\u00b4\u00b4 Verge de l&#8217;Olivar<\/p>\n\n\n\n<p><strong>DIVENDRES 15<\/strong><\/p>\n\n\n\n<p>Exposici\u00f3 &#8220;CARTES A MI&#8221; De Laura C\u00f3rdoba L&#8217;exposici\u00f3 es pot visitar fins al dia 23 de mar\u00e7, de dilluns a divendres de 9.15 ha 13.45 h i de 16.15 h a 20.15 h. Dissabtes, de 10.00 h a 13.00 h.<br>Sala d&#8217;exposicions L&#8217;Espai. Edifici Metre.<\/p>\n\n\n\n<p>Exposici\u00f3 &#8220;QUAN M&#8217;ENTRA EL DESFICI&#8221; A L&#8217;EMAT De Dilluns a Divendres, de 17.00 a 20.00 i Dissabte, de 10.00 a 14.00 h.<\/p>\n\n\n\n<p>11.00 a 14:<em>00h i 17.00 a 20:<\/em>00h 4a Bunyola solid\u00e0ria en Pare M\u00e9ndez 47.<\/p>\n\n\n\n<p>18:15h XXII Jornada fallera fundaci\u00f3 Mar\u00eda Auxiliadora<\/p>\n\n\n\n<p><strong>DISSABTE 16<\/strong><\/p>\n\n\n\n<p>Exposici\u00f3 &#8220;CARTES A MI&#8221; De Laura C\u00f3rdoba L&#8217;exposici\u00f3 es pot visitar fins al dia 23 de mar\u00e7, de dilluns a divendres de 9.15 ha 13.45 h i de 16.15 h a 20.15 h. Dissabtes, de 10.00 h a 13.00 h.<br>Sala d&#8217;exposicions L&#8217;Espai. Edifici Metre.<\/p>\n\n\n\n<p>14:30h Primera masclet\u00e0 Pl. Bisbe Benlloch<\/p>\n\n\n\n<p>17:00h Lectura de premis del concurs de monuments<\/p>\n\n\n\n<p>17:30h Trasllat de la mare de deu.<\/p>\n\n\n\n<p>18:00h Lliurament premis de junta local fallera.<\/p>\n\n\n\n<p><strong>DIUMENGE 17<\/strong><\/p>\n\n\n\n<p>14:30h Segona masclet\u00e0 Pl. Bisbe Benlloch<\/p>\n\n\n\n<p>17:10h Ofrena a la Mare de Deu<\/p>\n\n\n\n<p><strong>DILLUNS 18<\/strong><\/p>\n\n\n\n<p>Exposici\u00f3 &#8220;CARTES A MI&#8221; De Laura C\u00f3rdoba L&#8217;exposici\u00f3 es pot visitar fins al dia 23 de mar\u00e7, de dilluns a divendres de 9.15 ha 13.45 h i de 16.15 h a 20.15 h. Dissabtes, de 10.00 h a 13.00 h.<br>Sala d&#8217;exposicions L&#8217;Espai. Edifici Metre.<\/p>\n\n\n\n<p>14:30h Tercera masclet\u00e0 Pl. Bisbe Benlloch<\/p>\n\n\n\n<p>18:00h Dan\u00e7a I homenatge a San Jos\u00e9; Des de San Jos\u00e9<\/p>\n\n\n\n<p>DIMARTS 19<\/p>\n\n\n\n<p>12:00h Missa en honor a San Jos\u00e9; Esgl\u00e9sia San Jos\u00e9<\/p>\n\n\n\n<p>13:00h Homenatge al faller; Davant de l&#8217;est\u00e0tua del granerer<\/p>\n\n\n\n<p>14:30h Quarta masclet\u00e0 Pl. Bisbe Benlloch<\/p>\n\n\n\n<p>21:00h Crema falla infantil primer premie secci\u00f3 especial.<\/p>\n\n\n\n<p>00:00h Crema falla major primer premie secci\u00f3 especial.<\/p>\n\n\n\n<figure class=\"wp-block-image size-large\"><img fetchpriority=\"high\" decoding=\"async\" width=\"819\" height=\"1024\" src=\"https:\/\/infotorrent.es\/wp-content\/uploads\/2024\/03\/AGENDA-POST-10-819x1024.png\" alt=\"\" class=\"wp-image-65347\" srcset=\"https:\/\/infotorrent.es\/wp-content\/uploads\/2024\/03\/AGENDA-POST-10-819x1024.png 819w, https:\/\/infotorrent.es\/wp-content\/uploads\/2024\/03\/AGENDA-POST-10-240x300.png 240w, https:\/\/infotorrent.es\/wp-content\/uploads\/2024\/03\/AGENDA-POST-10-768x960.png 768w, https:\/\/infotorrent.es\/wp-content\/uploads\/2024\/03\/AGENDA-POST-10.png 1080w\" sizes=\"(max-width: 819px) 100vw, 819px\" \/><\/figure>\n\n\n\n<p><\/p>\n\n\n\n<p><\/p>\n\n\n\n<p><\/p>\n\n\n\n<p><\/p>\n\n\n\n<p><\/p>\n\n\n\n<p><\/p>\n","protected":false},"excerpt":{"rendered":"<p>No et perdes cap de les activitats que se celebren este cap de setmana a Torrent. DIJOUS 14 Exposici\u00f3 &#8220;CARTES A MI&#8221; De Laura C\u00f3rdoba L&#8217;exposici\u00f3 es pot visitar fins al dia 23 de mar\u00e7, de dilluns a divendres de 9.15 ha 13.45 h i de 16.15 h a 20.15 h. Dissabtes, de 10.00 h [&hellip;]<\/p>\n","protected":false},"author":15,"featured_media":65355,"comment_status":"open","ping_status":"open","sticky":false,"template":"","format":"standard","meta":{"_acf_changed":false,"footnotes":""},"categories":[1157],"tags":[],"class_list":["post-65351","post","type-post","status-publish","format-standard","has-post-thumbnail","hentry","category-agenda-2-ca"],"acf":[],"_links":{"self":[{"href":"https:\/\/infotorrent.es\/ca\/wp-json\/wp\/v2\/posts\/65351","targetHints":{"allow":["GET"]}}],"collection":[{"href":"https:\/\/infotorrent.es\/ca\/wp-json\/wp\/v2\/posts"}],"about":[{"href":"https:\/\/infotorrent.es\/ca\/wp-json\/wp\/v2\/types\/post"}],"author":[{"embeddable":true,"href":"https:\/\/infotorrent.es\/ca\/wp-json\/wp\/v2\/users\/15"}],"replies":[{"embeddable":true,"href":"https:\/\/infotorrent.es\/ca\/wp-json\/wp\/v2\/comments?post=65351"}],"version-history":[{"count":2,"href":"https:\/\/infotorrent.es\/ca\/wp-json\/wp\/v2\/posts\/65351\/revisions"}],"predecessor-version":[{"id":65362,"href":"https:\/\/infotorrent.es\/ca\/wp-json\/wp\/v2\/posts\/65351\/revisions\/65362"}],"wp:featuredmedia":[{"embeddable":true,"href":"https:\/\/infotorrent.es\/ca\/wp-json\/wp\/v2\/media\/65355"}],"wp:attachment":[{"href":"https:\/\/infotorrent.es\/ca\/wp-json\/wp\/v2\/media?parent=65351"}],"wp:term":[{"taxonomy":"category","embeddable":true,"href":"https:\/\/infotorrent.es\/ca\/wp-json\/wp\/v2\/categories?post=65351"},{"taxonomy":"post_tag","embeddable":true,"href":"https:\/\/infotorrent.es\/ca\/wp-json\/wp\/v2\/tags?post=65351"}],"curies":[{"name":"wp","href":"https:\/\/api.w.org\/{rel}","templated":true}]}}