{"id":65256,"date":"2024-03-12T09:25:03","date_gmt":"2024-03-12T09:25:03","guid":{"rendered":"https:\/\/infotorrent.es\/uncategorized\/programa-oficial-de-fallas-de-torrent-2024\/"},"modified":"2024-03-12T10:24:59","modified_gmt":"2024-03-12T10:24:59","slug":"programa-oficial-de-fallas-de-torrent-2024","status":"publish","type":"post","link":"https:\/\/infotorrent.es\/ca\/cultura-es-2\/programa-oficial-de-fallas-de-torrent-2024\/","title":{"rendered":"Programa Oficial de Falles de Torrent 2024"},"content":{"rendered":"\n<p>Torrent encara la recta final a la setmana gran de les Falles 2024 amb la plant\u00e0 dels monuments fallers el 15 de mar\u00e7. Pr\u00e8viament, les Falleres Majors, Mar\u00eda Peris i Vega Rom\u00e1n, al costat de les seues Corts d&#8217;Honor, tenen una agenda molt estreta de visites a diferents institucions. A m\u00e9s, tamb\u00e9 seran presents en les crem\u00e0s de les falles de diferents col\u00b7legis de la ciutat.<\/p>\n\n\n\n<p>Aix\u00ed doncs, el calendari oficial de les Falles de Torrent comen\u00e7a els seus actes oficials el dissabte 16 de mar\u00e7 amb la visita dels jurats a les 28 comissions de la ciutat per a valorar tant les falles grans com les infantils. A les 14.30 hores, la pirot\u00e8cnia Nadal Mart\u00ed disparar\u00e0 la primera masclet\u00e0 en la Pla\u00e7a Bisbe Benlloch, patrocinada per Family Cash. A les 17.00 hores tindr\u00e0 lloc la lectura p\u00fablica dels premis organitzats per l&#8217;Organisme Aut\u00f2nom de Junta Local Fallera. A les 17.30 hores donar\u00e0 principi el Trasllat de la Verge dels Desemparats, que organitza la Falla Barri Cotxera, i en el qual participen totes les comissions de la ciutat. En finalitzar el trasllat en la Pla\u00e7a de l&#8217;Esgl\u00e9sia, les comissions arreplegaran els seus premis fallers en forma de palets, en passar per la tribuna que estar\u00e0 situada a la Torre. Un acte que donar\u00e0 principi a les 18.00 hores.<\/p>\n\n\n\n<p>El 17 de mar\u00e7, a les 11.00 hores, donar\u00e0 principi la visita oficial de les Falleres Majors de Torrent i de les seues Corts d&#8217;Honor a les falles guanyadores del Primer Premi de Secci\u00f3 Especial. A les 14.30 hores tindr\u00e0 lloc la segona masclet\u00e0 de falles en la Pla\u00e7a Bisbe Benlloch, que disparar\u00e0 la pirot\u00e8cnia Aitana. A la vesprada, a partir de les 17.10 hores, comen\u00e7ar\u00e0 l&#8217;Ofrena a la Verge dels Desemparats amb el recorregut habitual, que comen\u00e7a en la Font de les Granotes fins a la Pla\u00e7a de l&#8217;Esgl\u00e9sia. A m\u00e9s de les 28 comissions falleres de Torrent, desfilaran les cases regionals. Les \u00faltimes comissions a desfilar seran II Tram i Cronista, les comissions de Vega i Mar\u00eda. Com a marca la tradici\u00f3, seran les Falleres Majors de Torrent i les seues Corts d&#8217;Honor, acompanyades per l&#8217;Alcaldessa de Torrent, Amparo Folgado i el regidor de Falles, Aitor S\u00e1nchez, els qui tanquen l&#8217;ofrena. Els vestidores de la Verge dels Desemparats, un any m\u00e9s, faran un magn\u00edfic treball durant tota la vesprada per a confeccionar el mantell de la Mare de D\u00e9u.<\/p>\n\n\n\n<p>El dilluns 18 de mar\u00e7 la cita a les 14.30 hores ser\u00e0 amb la Pirot\u00e8cnia Germans Caballer i estar\u00e0 patrocinada per Esber S.L. A la vesprada, Torrent celebrar\u00e0 l&#8217;Homenatge al patr\u00f3 San Jos\u00e9. Un acte que donar\u00e0 principi a les 18.00 hores des de la Parr\u00f2quia de San Jos\u00e9 i en direcci\u00f3 a la Pla\u00e7a de la Uni\u00f3 Musical, on se celebrar\u00e0 la tradicional Dans\u00e0.<\/p>\n\n\n\n<p>El dia gran de les Falles, el dimarts 19 de mar\u00e7, les m\u00e0ximes representants de les falles de Torrent i les seues Corts d&#8217;Honor assistiran a la Missa en la Parr\u00f2quia de San Jos\u00e9. A continuaci\u00f3, les Falles locals homenatjaran els fallers davant la figura del Granerer, en la Pla\u00e7a Corts Valencianes. Un acte que est\u00e0 previst per a les 13.00 hores. L&#8217;\u00faltima masclet\u00e0 del calendari de Falles 2024 ser\u00e0 disparada per la Pirot\u00e8cnia Vulc\u00e0 i patrocinada per Cartonatges Gamoy, com cada dia, a les 14.30 hores en la Pla\u00e7a Bisbe Benlloch. A les 19.00 hores se celebrar\u00e0 l&#8217;acte de retirada dels Ninots Indultats de les Falles 2024, previ a la Nit de la Crem\u00e0. A les 21.00 hores tindr\u00e0 lloc la Crem\u00e0 del 1r Premi de Secci\u00f3 Especial Infantil i a les 24:00 hores cremar\u00e0 la falla que haja obtingut el 1r Premi de Secci\u00f3 Especial, donant per finalitzades les Falles 2024.<\/p>\n\n\n\n<p>Torrent es prepara per a viure uns dies intensos d&#8217;activitat fren\u00e8tica als carrers, en les carpes i els casals, amb multitud d&#8217;actes, cercaviles, paelles als carrers i m\u00fasica, en les festes m\u00e9s grans del calendari festiu de la ciutat.<\/p>\n\n\n\n<figure class=\"wp-block-image size-large\"><img fetchpriority=\"high\" decoding=\"async\" width=\"775\" height=\"1024\" src=\"https:\/\/infotorrent.es\/wp-content\/uploads\/2024\/03\/WhatsApp-Image-2024-03-12-at-09.48.54-775x1024.jpeg\" alt=\"\" class=\"wp-image-65250\" srcset=\"https:\/\/infotorrent.es\/wp-content\/uploads\/2024\/03\/WhatsApp-Image-2024-03-12-at-09.48.54-775x1024.jpeg 775w, https:\/\/infotorrent.es\/wp-content\/uploads\/2024\/03\/WhatsApp-Image-2024-03-12-at-09.48.54-227x300.jpeg 227w, https:\/\/infotorrent.es\/wp-content\/uploads\/2024\/03\/WhatsApp-Image-2024-03-12-at-09.48.54-768x1015.jpeg 768w, https:\/\/infotorrent.es\/wp-content\/uploads\/2024\/03\/WhatsApp-Image-2024-03-12-at-09.48.54.jpeg 1080w\" sizes=\"(max-width: 775px) 100vw, 775px\" \/><\/figure>\n","protected":false},"excerpt":{"rendered":"<p>Torrent encara la recta final a la setmana gran de les Falles 2024 amb la plant\u00e0 dels monuments fallers el 15 de mar\u00e7. Pr\u00e8viament, les Falleres Majors, Mar\u00eda Peris i Vega Rom\u00e1n, al costat de les seues Corts d&#8217;Honor, tenen una agenda molt estreta de visites a diferents institucions. A m\u00e9s, tamb\u00e9 seran presents en [&hellip;]<\/p>\n","protected":false},"author":15,"featured_media":65260,"comment_status":"open","ping_status":"open","sticky":false,"template":"","format":"standard","meta":{"_acf_changed":false,"footnotes":""},"categories":[126,1171],"tags":[],"class_list":["post-65256","post","type-post","status-publish","format-standard","has-post-thumbnail","hentry","category-cultura-es-2","category-fallas-ca"],"acf":[],"_links":{"self":[{"href":"https:\/\/infotorrent.es\/ca\/wp-json\/wp\/v2\/posts\/65256","targetHints":{"allow":["GET"]}}],"collection":[{"href":"https:\/\/infotorrent.es\/ca\/wp-json\/wp\/v2\/posts"}],"about":[{"href":"https:\/\/infotorrent.es\/ca\/wp-json\/wp\/v2\/types\/post"}],"author":[{"embeddable":true,"href":"https:\/\/infotorrent.es\/ca\/wp-json\/wp\/v2\/users\/15"}],"replies":[{"embeddable":true,"href":"https:\/\/infotorrent.es\/ca\/wp-json\/wp\/v2\/comments?post=65256"}],"version-history":[{"count":1,"href":"https:\/\/infotorrent.es\/ca\/wp-json\/wp\/v2\/posts\/65256\/revisions"}],"predecessor-version":[{"id":65259,"href":"https:\/\/infotorrent.es\/ca\/wp-json\/wp\/v2\/posts\/65256\/revisions\/65259"}],"wp:featuredmedia":[{"embeddable":true,"href":"https:\/\/infotorrent.es\/ca\/wp-json\/wp\/v2\/media\/65260"}],"wp:attachment":[{"href":"https:\/\/infotorrent.es\/ca\/wp-json\/wp\/v2\/media?parent=65256"}],"wp:term":[{"taxonomy":"category","embeddable":true,"href":"https:\/\/infotorrent.es\/ca\/wp-json\/wp\/v2\/categories?post=65256"},{"taxonomy":"post_tag","embeddable":true,"href":"https:\/\/infotorrent.es\/ca\/wp-json\/wp\/v2\/tags?post=65256"}],"curies":[{"name":"wp","href":"https:\/\/api.w.org\/{rel}","templated":true}]}}