{"id":64591,"date":"2024-02-20T08:28:51","date_gmt":"2024-02-20T08:28:51","guid":{"rendered":"https:\/\/infotorrent.es\/uncategorized\/la-policia-local-de-torrent-participa-en-el-ii-congreso-policial-a-beneficio-de-aspanion\/"},"modified":"2024-02-20T08:31:29","modified_gmt":"2024-02-20T08:31:29","slug":"la-policia-local-de-torrent-participa-en-el-ii-congreso-policial-a-beneficio-de-aspanion","status":"publish","type":"post","link":"https:\/\/infotorrent.es\/ca\/noticies\/seguretat-ciutadana\/la-policia-local-de-torrent-participa-en-el-ii-congreso-policial-a-beneficio-de-aspanion\/","title":{"rendered":"La Policia Local de Torrent participa en el II Congr\u00e9s Policial a benefici d&#8217;Aspanion"},"content":{"rendered":"\n<p>Els 15 i 16 de febrer, membres de la Policia Local de Torrent es van unir a altres forces i cossos de seguretat per a participar en l&#8217;II Congr\u00e9s Policial a benefici de l&#8217;associaci\u00f3 ASPANION, en la seua lluita contra el c\u00e0ncer infantil.<\/p>\n\n\n\n<p>El congr\u00e9s es va centrar en la tem\u00e0tica de la falsificaci\u00f3 documental i el tr\u00e0fic il\u00b7l\u00edcit de vehicles, convocant a experts de diverses forces de seguretat com la Policia Nacional, la Gu\u00e0rdia Civil, els Mossos d&#8217;Esquadra, la Policia Foral de Navarra i Policies Locals de diferents comunitats aut\u00f2nomes. Entre els ponents es trobava un Agent del Grup Especialitzat en Documentoscopia de la Policia Local de Torrent.<\/p>\n\n\n\n<p>Quasi 300 agents provinents de tot el territori nacional i representants de diversos cossos policials, inclosos membres de la Policia de Romania i d&#8217;It\u00e0lia, es van congregar en l&#8217;esdeveniment.<\/p>\n\n\n\n<p>La recaptaci\u00f3 del congr\u00e9s va aconseguir els 18.300\u20ac, fons que seran dedicats \u00edntegrament a la lluita contra el c\u00e0ncer infantil. Els organitzadors van subratllar que este congr\u00e9s \u00e9s un tribut al company Jos\u00e9 Manuel Montes Pe\u00f1a, qui va morir en 2022 a causa d&#8217;un c\u00e0ncer. Montes Pe\u00f1a va ser un col\u00b7laborador actiu en la causa, impulsant l&#8217;organitzaci\u00f3 de formacions policials els beneficis de les quals es destinaven a ASPANION.<\/p>\n\n\n\n<figure class=\"wp-block-gallery has-nested-images columns-default is-cropped wp-block-gallery-1 is-layout-flex wp-block-gallery-is-layout-flex\">\n<figure class=\"wp-block-image size-large\"><img fetchpriority=\"high\" decoding=\"async\" width=\"1024\" height=\"577\" data-id=\"64581\" src=\"https:\/\/infotorrent.es\/wp-content\/uploads\/2024\/02\/GGdMYibXAAAbOpc-1024x577.jpg\" alt=\"\" class=\"wp-image-64581\" srcset=\"https:\/\/infotorrent.es\/wp-content\/uploads\/2024\/02\/GGdMYibXAAAbOpc-1024x577.jpg 1024w, https:\/\/infotorrent.es\/wp-content\/uploads\/2024\/02\/GGdMYibXAAAbOpc-300x169.jpg 300w, https:\/\/infotorrent.es\/wp-content\/uploads\/2024\/02\/GGdMYibXAAAbOpc-768x432.jpg 768w, https:\/\/infotorrent.es\/wp-content\/uploads\/2024\/02\/GGdMYibXAAAbOpc-1536x865.jpg 1536w, https:\/\/infotorrent.es\/wp-content\/uploads\/2024\/02\/GGdMYibXAAAbOpc.jpg 2000w\" sizes=\"(max-width: 1024px) 100vw, 1024px\" \/><\/figure>\n\n\n\n<figure class=\"wp-block-image size-large\"><img decoding=\"async\" width=\"1024\" height=\"577\" data-id=\"64583\" src=\"https:\/\/infotorrent.es\/wp-content\/uploads\/2024\/02\/GGdMYqjWsAAkept-1024x577.jpg\" alt=\"\" class=\"wp-image-64583\" srcset=\"https:\/\/infotorrent.es\/wp-content\/uploads\/2024\/02\/GGdMYqjWsAAkept-1024x577.jpg 1024w, https:\/\/infotorrent.es\/wp-content\/uploads\/2024\/02\/GGdMYqjWsAAkept-300x169.jpg 300w, https:\/\/infotorrent.es\/wp-content\/uploads\/2024\/02\/GGdMYqjWsAAkept-768x432.jpg 768w, https:\/\/infotorrent.es\/wp-content\/uploads\/2024\/02\/GGdMYqjWsAAkept-1536x865.jpg 1536w, https:\/\/infotorrent.es\/wp-content\/uploads\/2024\/02\/GGdMYqjWsAAkept.jpg 2000w\" sizes=\"(max-width: 1024px) 100vw, 1024px\" \/><\/figure>\n<\/figure>\n","protected":false},"excerpt":{"rendered":"<p>Els 15 i 16 de febrer, membres de la Policia Local de Torrent es van unir a altres forces i cossos de seguretat per a participar en l&#8217;II Congr\u00e9s Policial a benefici de l&#8217;associaci\u00f3 ASPANION, en la seua lluita contra el c\u00e0ncer infantil. El congr\u00e9s es va centrar en la tem\u00e0tica de la falsificaci\u00f3 documental [&hellip;]<\/p>\n","protected":false},"author":2,"featured_media":64595,"comment_status":"open","ping_status":"open","sticky":false,"template":"","format":"standard","meta":{"_acf_changed":false,"footnotes":""},"categories":[124,1154,142,1145],"tags":[],"class_list":["post-64591","post","type-post","status-publish","format-standard","has-post-thumbnail","hentry","category-seguretat-ciutadana","category-seguretat-ciutadana-i-mobilitat-ca","category-seguridad-ciudadana-y-mobilidad","category-seguridad-ciudadana-y-movilidad-ca"],"acf":[],"_links":{"self":[{"href":"https:\/\/infotorrent.es\/ca\/wp-json\/wp\/v2\/posts\/64591","targetHints":{"allow":["GET"]}}],"collection":[{"href":"https:\/\/infotorrent.es\/ca\/wp-json\/wp\/v2\/posts"}],"about":[{"href":"https:\/\/infotorrent.es\/ca\/wp-json\/wp\/v2\/types\/post"}],"author":[{"embeddable":true,"href":"https:\/\/infotorrent.es\/ca\/wp-json\/wp\/v2\/users\/2"}],"replies":[{"embeddable":true,"href":"https:\/\/infotorrent.es\/ca\/wp-json\/wp\/v2\/comments?post=64591"}],"version-history":[{"count":1,"href":"https:\/\/infotorrent.es\/ca\/wp-json\/wp\/v2\/posts\/64591\/revisions"}],"predecessor-version":[{"id":64594,"href":"https:\/\/infotorrent.es\/ca\/wp-json\/wp\/v2\/posts\/64591\/revisions\/64594"}],"wp:featuredmedia":[{"embeddable":true,"href":"https:\/\/infotorrent.es\/ca\/wp-json\/wp\/v2\/media\/64595"}],"wp:attachment":[{"href":"https:\/\/infotorrent.es\/ca\/wp-json\/wp\/v2\/media?parent=64591"}],"wp:term":[{"taxonomy":"category","embeddable":true,"href":"https:\/\/infotorrent.es\/ca\/wp-json\/wp\/v2\/categories?post=64591"},{"taxonomy":"post_tag","embeddable":true,"href":"https:\/\/infotorrent.es\/ca\/wp-json\/wp\/v2\/tags?post=64591"}],"curies":[{"name":"wp","href":"https:\/\/api.w.org\/{rel}","templated":true}]}}