{"id":64573,"date":"2024-02-20T07:55:17","date_gmt":"2024-02-20T07:55:17","guid":{"rendered":"https:\/\/infotorrent.es\/uncategorized\/torrent-la-historia-de-mi-ciudad-un-proyecto-educativo-para-dar-a-conocer-la-historia-de-la-localidad\/"},"modified":"2024-02-20T07:57:52","modified_gmt":"2024-02-20T07:57:52","slug":"torrent-la-historia-de-mi-ciudad-un-proyecto-educativo-para-dar-a-conocer-la-historia-de-la-localidad","status":"publish","type":"post","link":"https:\/\/infotorrent.es\/ca\/cultura-es-2\/torrent-la-historia-de-mi-ciudad-un-proyecto-educativo-para-dar-a-conocer-la-historia-de-la-localidad\/","title":{"rendered":"\u00abTorrent: la hist\u00f2ria de la meua ciutat\u00bb, un projecte educatiu per a donar a con\u00e9ixer la hist\u00f2ria de la localitat"},"content":{"rendered":"\n<p><strong>La iniciativa est\u00e0 dirigida als alumnes de 5\u00e9 de prim\u00e0ria dels centres educatius de Torrent<\/strong><\/p>\n\n\n\n<p><strong>L&#8217;objectiu \u00e9s fomentar el coneixement sobre la hist\u00f2ria i patrimoni de Torrent i promoure l&#8217;h\u00e0bit lector<\/strong><\/p>\n\n\n\n<p>L&#8217;ajuntament de Torrent, des de l&#8217;\u00e0rea de Cultura, ha posat en marxa el projecte \u00abTorrent: la hist\u00f2ria de la meua ciutat\u00bb amb l&#8217;objectiu de donar a con\u00e9ixer el patrimoni hist\u00f2ric i cultural de la localitat i posar-lo en valor. Un projecte en el qual participen els alumnes de tercer cicle de prim\u00e0ria dels centres educatius de Torrent. Amb les activitats que es posaran en marxa, l&#8217;alumnat podr\u00e0 con\u00e9ixer i comprendre la societat en la qual viu i ser conscients de la seua hist\u00f2ria, entendre el lloc on viuen i aprendre a decidir el m\u00f3n en el qual volen viure.<\/p>\n\n\n\n<p>El projecte, des del punt de vista metodol\u00f2gic, es proposa per a realitzar-se durant el curs escolar i est\u00e0 dirigit a l&#8217;alumnat de 5\u00e9 de prim\u00e0ria. Per a dur-ho a terme, es compta amb un equip t\u00e8cnic de suport al professorat, i un conjunt de recursos i activitats per a realitzar amb la classe. Entre les propostes s&#8217;est\u00e0 confeccionant el llibre \u00abBetlem Petrie i el misteri de la Torre\u00bb de l&#8217;editorial L&#8217;Orqu\u00eddia de Darwin, una aventura que arreplega, de manera divertida, elements de la hist\u00f2ria i el patrimoni de Torrent. Cada alumne\/a participant rebr\u00e0 un llibre, a m\u00e9s disposar\u00e0 de passatemps, activitats, etc. en la web. Amb el professorat es programar\u00e0 una activitat participativa de classe en el centre i, per a finalitzar, una visita guiada, amb activitats, jocs i avaluaci\u00f3 a la torre i l&#8217;entorn hist\u00f2ric.<\/p>\n\n\n\n<p>Tal com ha assenyalat el Regidor de Cultura, Aitor S\u00e1nchez, \u2018\u2019amb esta iniciativa volem fomentar el coneixement sobre la hist\u00f2ria i patrimoni de Torrent, aix\u00ed com promoure i impulsar l&#8217;h\u00e0bit lector i la comprensi\u00f3 lectora, tan importants en esta etapa educativa\u2019\u2019.<\/p>\n\n\n\n<p>Una vegada finalitzat el curs i les activitats, s&#8217;arreplegaran propostes del professorat per a incloure en el programa en el curs seg\u00fcent.<\/p>\n\n\n\n<figure class=\"wp-block-gallery has-nested-images columns-default is-cropped wp-block-gallery-1 is-layout-flex wp-block-gallery-is-layout-flex\">\n<figure class=\"wp-block-image size-large\"><img fetchpriority=\"high\" decoding=\"async\" width=\"1024\" height=\"683\" data-id=\"64567\" src=\"https:\/\/infotorrent.es\/wp-content\/uploads\/2024\/02\/PROYECTO-COLEGIOS-1-1024x683.jpeg\" alt=\"\" class=\"wp-image-64567\" srcset=\"https:\/\/infotorrent.es\/wp-content\/uploads\/2024\/02\/PROYECTO-COLEGIOS-1-1024x683.jpeg 1024w, https:\/\/infotorrent.es\/wp-content\/uploads\/2024\/02\/PROYECTO-COLEGIOS-1-300x200.jpeg 300w, https:\/\/infotorrent.es\/wp-content\/uploads\/2024\/02\/PROYECTO-COLEGIOS-1-768x512.jpeg 768w, https:\/\/infotorrent.es\/wp-content\/uploads\/2024\/02\/PROYECTO-COLEGIOS-1-1536x1024.jpeg 1536w, https:\/\/infotorrent.es\/wp-content\/uploads\/2024\/02\/PROYECTO-COLEGIOS-1.jpeg 1620w\" sizes=\"(max-width: 1024px) 100vw, 1024px\" \/><\/figure>\n\n\n\n<figure class=\"wp-block-image size-large\"><img decoding=\"async\" width=\"1024\" height=\"683\" data-id=\"64563\" src=\"https:\/\/infotorrent.es\/wp-content\/uploads\/2024\/02\/PROYECTO-COLEGIOS-5-1024x683.jpeg\" alt=\"\" class=\"wp-image-64563\" srcset=\"https:\/\/infotorrent.es\/wp-content\/uploads\/2024\/02\/PROYECTO-COLEGIOS-5-1024x683.jpeg 1024w, https:\/\/infotorrent.es\/wp-content\/uploads\/2024\/02\/PROYECTO-COLEGIOS-5-300x200.jpeg 300w, https:\/\/infotorrent.es\/wp-content\/uploads\/2024\/02\/PROYECTO-COLEGIOS-5-768x512.jpeg 768w, https:\/\/infotorrent.es\/wp-content\/uploads\/2024\/02\/PROYECTO-COLEGIOS-5-1536x1024.jpeg 1536w, https:\/\/infotorrent.es\/wp-content\/uploads\/2024\/02\/PROYECTO-COLEGIOS-5.jpeg 1620w\" sizes=\"(max-width: 1024px) 100vw, 1024px\" \/><\/figure>\n\n\n\n<figure class=\"wp-block-image size-large\"><img decoding=\"async\" width=\"1024\" height=\"683\" data-id=\"64561\" src=\"https:\/\/infotorrent.es\/wp-content\/uploads\/2024\/02\/PROYECTO-COLEGIOS-7-1024x683.jpeg\" alt=\"\" class=\"wp-image-64561\" srcset=\"https:\/\/infotorrent.es\/wp-content\/uploads\/2024\/02\/PROYECTO-COLEGIOS-7-1024x683.jpeg 1024w, https:\/\/infotorrent.es\/wp-content\/uploads\/2024\/02\/PROYECTO-COLEGIOS-7-300x200.jpeg 300w, https:\/\/infotorrent.es\/wp-content\/uploads\/2024\/02\/PROYECTO-COLEGIOS-7-768x512.jpeg 768w, https:\/\/infotorrent.es\/wp-content\/uploads\/2024\/02\/PROYECTO-COLEGIOS-7-1536x1024.jpeg 1536w, https:\/\/infotorrent.es\/wp-content\/uploads\/2024\/02\/PROYECTO-COLEGIOS-7.jpeg 1620w\" sizes=\"(max-width: 1024px) 100vw, 1024px\" \/><\/figure>\n\n\n\n<figure class=\"wp-block-image size-large\"><img loading=\"lazy\" decoding=\"async\" width=\"1024\" height=\"683\" data-id=\"64559\" src=\"https:\/\/infotorrent.es\/wp-content\/uploads\/2024\/02\/PROYECTO-COLEGIOS-8-1024x683.jpeg\" alt=\"\" class=\"wp-image-64559\" srcset=\"https:\/\/infotorrent.es\/wp-content\/uploads\/2024\/02\/PROYECTO-COLEGIOS-8-1024x683.jpeg 1024w, https:\/\/infotorrent.es\/wp-content\/uploads\/2024\/02\/PROYECTO-COLEGIOS-8-300x200.jpeg 300w, https:\/\/infotorrent.es\/wp-content\/uploads\/2024\/02\/PROYECTO-COLEGIOS-8-768x512.jpeg 768w, https:\/\/infotorrent.es\/wp-content\/uploads\/2024\/02\/PROYECTO-COLEGIOS-8-1536x1024.jpeg 1536w, https:\/\/infotorrent.es\/wp-content\/uploads\/2024\/02\/PROYECTO-COLEGIOS-8.jpeg 1620w\" sizes=\"(max-width: 1024px) 100vw, 1024px\" \/><\/figure>\n\n\n\n<figure class=\"wp-block-image size-large\"><img loading=\"lazy\" decoding=\"async\" width=\"1024\" height=\"683\" data-id=\"64557\" src=\"https:\/\/infotorrent.es\/wp-content\/uploads\/2024\/02\/PROYECTO-COLEGIOS-6-1024x683.jpeg\" alt=\"\" class=\"wp-image-64557\" srcset=\"https:\/\/infotorrent.es\/wp-content\/uploads\/2024\/02\/PROYECTO-COLEGIOS-6-1024x683.jpeg 1024w, https:\/\/infotorrent.es\/wp-content\/uploads\/2024\/02\/PROYECTO-COLEGIOS-6-300x200.jpeg 300w, https:\/\/infotorrent.es\/wp-content\/uploads\/2024\/02\/PROYECTO-COLEGIOS-6-768x512.jpeg 768w, https:\/\/infotorrent.es\/wp-content\/uploads\/2024\/02\/PROYECTO-COLEGIOS-6-1536x1024.jpeg 1536w, https:\/\/infotorrent.es\/wp-content\/uploads\/2024\/02\/PROYECTO-COLEGIOS-6.jpeg 1620w\" sizes=\"(max-width: 1024px) 100vw, 1024px\" \/><\/figure>\n\n\n\n<figure class=\"wp-block-image size-large\"><img loading=\"lazy\" decoding=\"async\" width=\"1024\" height=\"683\" data-id=\"64569\" src=\"https:\/\/infotorrent.es\/wp-content\/uploads\/2024\/02\/PROYECTO-COLEGIOS-9-1024x683.jpeg\" alt=\"\" class=\"wp-image-64569\" srcset=\"https:\/\/infotorrent.es\/wp-content\/uploads\/2024\/02\/PROYECTO-COLEGIOS-9-1024x683.jpeg 1024w, https:\/\/infotorrent.es\/wp-content\/uploads\/2024\/02\/PROYECTO-COLEGIOS-9-300x200.jpeg 300w, https:\/\/infotorrent.es\/wp-content\/uploads\/2024\/02\/PROYECTO-COLEGIOS-9-768x512.jpeg 768w, https:\/\/infotorrent.es\/wp-content\/uploads\/2024\/02\/PROYECTO-COLEGIOS-9-1536x1024.jpeg 1536w, https:\/\/infotorrent.es\/wp-content\/uploads\/2024\/02\/PROYECTO-COLEGIOS-9.jpeg 1620w\" sizes=\"(max-width: 1024px) 100vw, 1024px\" \/><\/figure>\n<\/figure>\n","protected":false},"excerpt":{"rendered":"<p>La iniciativa est\u00e0 dirigida als alumnes de 5\u00e9 de prim\u00e0ria dels centres educatius de Torrent L&#8217;objectiu \u00e9s fomentar el coneixement sobre la hist\u00f2ria i patrimoni de Torrent i promoure l&#8217;h\u00e0bit lector L&#8217;ajuntament de Torrent, des de l&#8217;\u00e0rea de Cultura, ha posat en marxa el projecte \u00abTorrent: la hist\u00f2ria de la meua ciutat\u00bb amb l&#8217;objectiu de [&hellip;]<\/p>\n","protected":false},"author":2,"featured_media":64577,"comment_status":"open","ping_status":"open","sticky":false,"template":"","format":"standard","meta":{"_acf_changed":false,"footnotes":""},"categories":[126,756],"tags":[],"class_list":["post-64573","post","type-post","status-publish","format-standard","has-post-thumbnail","hentry","category-cultura-es-2","category-cultura-noticias-2"],"acf":[],"_links":{"self":[{"href":"https:\/\/infotorrent.es\/ca\/wp-json\/wp\/v2\/posts\/64573","targetHints":{"allow":["GET"]}}],"collection":[{"href":"https:\/\/infotorrent.es\/ca\/wp-json\/wp\/v2\/posts"}],"about":[{"href":"https:\/\/infotorrent.es\/ca\/wp-json\/wp\/v2\/types\/post"}],"author":[{"embeddable":true,"href":"https:\/\/infotorrent.es\/ca\/wp-json\/wp\/v2\/users\/2"}],"replies":[{"embeddable":true,"href":"https:\/\/infotorrent.es\/ca\/wp-json\/wp\/v2\/comments?post=64573"}],"version-history":[{"count":1,"href":"https:\/\/infotorrent.es\/ca\/wp-json\/wp\/v2\/posts\/64573\/revisions"}],"predecessor-version":[{"id":64576,"href":"https:\/\/infotorrent.es\/ca\/wp-json\/wp\/v2\/posts\/64573\/revisions\/64576"}],"wp:featuredmedia":[{"embeddable":true,"href":"https:\/\/infotorrent.es\/ca\/wp-json\/wp\/v2\/media\/64577"}],"wp:attachment":[{"href":"https:\/\/infotorrent.es\/ca\/wp-json\/wp\/v2\/media?parent=64573"}],"wp:term":[{"taxonomy":"category","embeddable":true,"href":"https:\/\/infotorrent.es\/ca\/wp-json\/wp\/v2\/categories?post=64573"},{"taxonomy":"post_tag","embeddable":true,"href":"https:\/\/infotorrent.es\/ca\/wp-json\/wp\/v2\/tags?post=64573"}],"curies":[{"name":"wp","href":"https:\/\/api.w.org\/{rel}","templated":true}]}}