{"id":64073,"date":"2024-02-05T12:20:50","date_gmt":"2024-02-05T12:20:50","guid":{"rendered":"https:\/\/infotorrent.es\/uncategorized\/cuatro-atletas-de-torrent-participaran-en-el-campeonato-de-espana-absoluto-sub-23\/"},"modified":"2024-02-05T12:47:52","modified_gmt":"2024-02-05T12:47:52","slug":"cuatro-atletas-de-torrent-participaran-en-el-campeonato-de-espana-absoluto-sub-23","status":"publish","type":"post","link":"https:\/\/infotorrent.es\/ca\/noticias-2\/cuatro-atletas-de-torrent-participaran-en-el-campeonato-de-espana-absoluto-sub-23\/","title":{"rendered":"Quatre atletes de Torrent participaran en el Campionat d&#8217;Espanya Absolut Sub 23"},"content":{"rendered":"\n<p>Despr\u00e9s dels resultats en el Campionat d&#8217;Espanya sub 23 en pista coberta, Claudia, Niklas, Sara i Sergio participaran en Orense.<\/p>\n\n\n\n<p>Este cap de setmana ha tingut lloc el Campionat d&#8217;Espanya sub 23 en pista coberta, que s&#8217;ha celebrat en Antequera. Un campionat en el qual el Club d&#8217;Atletisme de Torrent ha tingut gran representaci\u00f3 en comptar amb la participaci\u00f3 de cinc destacats atletes, que van demostrar el seu talent i esfor\u00e7 en la pista.<\/p>\n\n\n\n<p>Entre els assoliments m\u00e9s destacats, Claudia Rubio es va posicionar en el quart lloc en la disciplina de triple salt, aconseguint una marca impressionant de 12.26 metres, la mateixa que la tercera classificada i a nom\u00e9s 8 cent\u00edmetres de la plata. Per part seua, Niklas Morales es va situar en el cinqu\u00e9 lloc en els 60 metres barres amb un temps de 8.08, establint la seua millor marca personal. A m\u00e9s, Sergio Carb\u00f3 va aconseguir una destacada sisena posici\u00f3 en la final dels 60 metres amb un temps de 21.80, mentre que Sara Carb\u00f3 es va posicionar com a semifinalista en els 60 metres barres amb un temps de 8.88, tamb\u00e9 establint un nou r\u00e8cord personal. Per part seua, Julia Mart\u00ednez tamb\u00e9 va mostrar la seua habilitat en la pista amb un temps de 9.45 en les eliminat\u00f2ries dels 60 metres barres.<\/p>\n\n\n\n<p>El rendiment excel\u00b7lent dels nostres atletes locals no va passar desapercebut, ja que Claudia, Niklas, Sara i Sergio van obtindre la marca m\u00ednima per a participar en el Campionat d&#8217;Espanya Absolut, que se celebrar\u00e0 a Orense dins de dues setmanes.<\/p>\n\n\n\n<figure class=\"wp-block-image size-large\"><img fetchpriority=\"high\" decoding=\"async\" width=\"768\" height=\"1024\" src=\"https:\/\/infotorrent.es\/wp-content\/uploads\/2024\/02\/ESPANA-SUB23-768x1024.jpeg\" alt=\"\" class=\"wp-image-64067\" srcset=\"https:\/\/infotorrent.es\/wp-content\/uploads\/2024\/02\/ESPANA-SUB23-768x1024.jpeg 768w, https:\/\/infotorrent.es\/wp-content\/uploads\/2024\/02\/ESPANA-SUB23-225x300.jpeg 225w, https:\/\/infotorrent.es\/wp-content\/uploads\/2024\/02\/ESPANA-SUB23-1152x1536.jpeg 1152w, https:\/\/infotorrent.es\/wp-content\/uploads\/2024\/02\/ESPANA-SUB23.jpeg 1200w\" sizes=\"(max-width: 768px) 100vw, 768px\" \/><\/figure>\n","protected":false},"excerpt":{"rendered":"<p>Despr\u00e9s dels resultats en el Campionat d&#8217;Espanya sub 23 en pista coberta, Claudia, Niklas, Sara i Sergio participaran en Orense. Este cap de setmana ha tingut lloc el Campionat d&#8217;Espanya sub 23 en pista coberta, que s&#8217;ha celebrat en Antequera. Un campionat en el qual el Club d&#8217;Atletisme de Torrent ha tingut gran representaci\u00f3 en [&hellip;]<\/p>\n","protected":false},"author":16,"featured_media":64074,"comment_status":"open","ping_status":"open","sticky":false,"template":"","format":"standard","meta":{"_acf_changed":false,"footnotes":""},"categories":[127],"tags":[],"class_list":["post-64073","post","type-post","status-publish","format-standard","has-post-thumbnail","hentry","category-noticias-2"],"acf":[],"_links":{"self":[{"href":"https:\/\/infotorrent.es\/ca\/wp-json\/wp\/v2\/posts\/64073","targetHints":{"allow":["GET"]}}],"collection":[{"href":"https:\/\/infotorrent.es\/ca\/wp-json\/wp\/v2\/posts"}],"about":[{"href":"https:\/\/infotorrent.es\/ca\/wp-json\/wp\/v2\/types\/post"}],"author":[{"embeddable":true,"href":"https:\/\/infotorrent.es\/ca\/wp-json\/wp\/v2\/users\/16"}],"replies":[{"embeddable":true,"href":"https:\/\/infotorrent.es\/ca\/wp-json\/wp\/v2\/comments?post=64073"}],"version-history":[{"count":2,"href":"https:\/\/infotorrent.es\/ca\/wp-json\/wp\/v2\/posts\/64073\/revisions"}],"predecessor-version":[{"id":64077,"href":"https:\/\/infotorrent.es\/ca\/wp-json\/wp\/v2\/posts\/64073\/revisions\/64077"}],"wp:featuredmedia":[{"embeddable":true,"href":"https:\/\/infotorrent.es\/ca\/wp-json\/wp\/v2\/media\/64074"}],"wp:attachment":[{"href":"https:\/\/infotorrent.es\/ca\/wp-json\/wp\/v2\/media?parent=64073"}],"wp:term":[{"taxonomy":"category","embeddable":true,"href":"https:\/\/infotorrent.es\/ca\/wp-json\/wp\/v2\/categories?post=64073"},{"taxonomy":"post_tag","embeddable":true,"href":"https:\/\/infotorrent.es\/ca\/wp-json\/wp\/v2\/tags?post=64073"}],"curies":[{"name":"wp","href":"https:\/\/api.w.org\/{rel}","templated":true}]}}