{"id":63492,"date":"2024-01-17T12:28:38","date_gmt":"2024-01-17T12:28:38","guid":{"rendered":"https:\/\/infotorrent.es\/uncategorized\/el-nou-espai-sant-gregori-acoge-la-exposicion-mas-alla-del-comic\/"},"modified":"2024-01-17T12:34:52","modified_gmt":"2024-01-17T12:34:52","slug":"el-nou-espai-sant-gregori-acoge-la-exposicion-mas-alla-del-comic","status":"publish","type":"post","link":"https:\/\/infotorrent.es\/ca\/noticias-2\/cultura-noticias-2\/el-nou-espai-sant-gregori-acoge-la-exposicion-mas-alla-del-comic\/","title":{"rendered":"El nou Espai Sant Gregori acull l&#8217;exposici\u00f3 \u2018M\u00e9s enll\u00e0 del c\u00f2mic"},"content":{"rendered":"\n<p>De la m\u00e0 del Museu L\u2019Iber de Val\u00e8ncia, la mostra recorre la hist\u00f2ria del c\u00f2mic a trav\u00e9s de miniatures i podr\u00e0 visitar-se de l&#8217;1 al 24 de febrer<\/p>\n\n\n\n<p>L&#8217;Ajuntament de Torrent prepara la segona exposici\u00f3 prevista per a l&#8217;acabat d&#8217;inaugurar Espai Sant Gregori. Despr\u00e9s de l&#8217;\u00e8xit de la primera, &#8220;La llum de Sorolla a les teues mans&#8221;, l&#8217;espai cultural acull ara una interessant mostra sota el lema &#8220;M\u00e9s enll\u00e0 del C\u00f2mic&#8221;. Podr\u00e0 visitar-se de l&#8217;1 al 24 de febrer, de dilluns a dissabte en horari de mercat; de 8.00 a 14.00 hores i els divendres de 17.00 a 20.00 hores al Carrer Pintor Genov\u00e9s.<\/p>\n\n\n\n<p>El projecte, liderat pel Museu L&#8217;Iber de Val\u00e8ncia, se suma a l&#8217;esfor\u00e7 per difondre la literatura a trav\u00e9s de miniatures, centrant-se en el fascinant m\u00f3n del c\u00f2mic. Historietes, c\u00f2mic, c\u00f2mic o novel\u00b7la gr\u00e0fica, s\u00f3n algunes de les denominacions que ha adquirit el 9\u00e9 art, que en esta ocasi\u00f3 es presenta en forma d&#8217;exposici\u00f3 amb peces que representen alguns dels personatges m\u00e9s emblem\u00e0tics del m\u00f3n del c\u00f2mic, tots realitzats en miniatura.<\/p>\n\n\n\n<p>La col\u00b7lecci\u00f3 exhibix les creacions de Pixi &amp; Cie, una marca reconeguda a nivell internacional, fundada per Alexis Poliakoff i Philippe-Antoine Gu\u00e9nard. Des del xicotet llogaret gal que desafia la invasi\u00f3 romana fins a l&#8217;intr\u00e8pid Lucky Luke i els inoblidables agents de la T.I.A. Mortadelo i Filem\u00f3, les miniatures capturen l&#8217;ess\u00e8ncia d&#8217;estos personatges ic\u00f2nics.<\/p>\n\n\n\n<p>A trav\u00e9s d&#8217;estes peces, xicotets i majors poden submergir-se en el m\u00f3n del c\u00f2mic, explorant la narrativa visual que ha evolucionat des de simples caricatures fins a complexes hist\u00f2ries amb s\u00e0tira social i pol\u00edtica. L&#8217;exposici\u00f3 \u00e9s una mostra de color, records, nost\u00e0lgia i animaci\u00f3, que recorda les nostres lectures infantils i actuals.<\/p>\n\n\n\n<p>El Museu L&#8217;Iber, conegut per la seua vasta col\u00b7lecci\u00f3 de miniatures, \u00e9s el resultat de la passi\u00f3 de l&#8217;empresari valenci\u00e0 \u00c1lvaro Noguera. L&#8217;exposici\u00f3 \u00e9s un tribut al seu llegat moral i cultural, que va ser honrat pel seu fill Alejandro Noguera, actual director del Museu, despr\u00e9s de la seua defunci\u00f3 en 2007.<\/p>\n\n\n\n<p>L&#8217;exposici\u00f3 &#8220;M\u00e9s enll\u00e0 del C\u00f2mic&#8221; arriba a Torrent com una oportunitat per a gaudir en fam\u00edlia i submergir-se en l&#8217;univers fascinant dels c\u00f2mics en miniatura. L&#8217;Ajuntament de la localitat convida a visitar el renovat Espai Sant Gregori i gaudir d&#8217;esta mostra \u00fanica que celebra la narrativa visual al llarg de la hist\u00f2ria.<\/p>\n\n\n\n<figure class=\"wp-block-gallery has-nested-images columns-default is-cropped wp-block-gallery-1 is-layout-flex wp-block-gallery-is-layout-flex\">\n<figure class=\"wp-block-image size-large\"><img fetchpriority=\"high\" decoding=\"async\" width=\"1024\" height=\"768\" data-id=\"63486\" src=\"https:\/\/infotorrent.es\/wp-content\/uploads\/2024\/01\/L-Iber-Museo-figuras-plomo-asterix-1-1024x768-2.jpg\" alt=\"\" class=\"wp-image-63486\" srcset=\"https:\/\/infotorrent.es\/wp-content\/uploads\/2024\/01\/L-Iber-Museo-figuras-plomo-asterix-1-1024x768-2.jpg 1024w, https:\/\/infotorrent.es\/wp-content\/uploads\/2024\/01\/L-Iber-Museo-figuras-plomo-asterix-1-1024x768-2-300x225.jpg 300w, https:\/\/infotorrent.es\/wp-content\/uploads\/2024\/01\/L-Iber-Museo-figuras-plomo-asterix-1-1024x768-2-768x576.jpg 768w\" sizes=\"(max-width: 1024px) 100vw, 1024px\" \/><\/figure>\n\n\n\n<figure class=\"wp-block-image size-large\"><img decoding=\"async\" width=\"966\" height=\"954\" data-id=\"63488\" src=\"https:\/\/infotorrent.es\/wp-content\/uploads\/2024\/01\/Captura-de-pantalla-2022-07-27-a-las-16.20.29-1.png\" alt=\"\" class=\"wp-image-63488\" srcset=\"https:\/\/infotorrent.es\/wp-content\/uploads\/2024\/01\/Captura-de-pantalla-2022-07-27-a-las-16.20.29-1.png 966w, https:\/\/infotorrent.es\/wp-content\/uploads\/2024\/01\/Captura-de-pantalla-2022-07-27-a-las-16.20.29-1-300x296.png 300w, https:\/\/infotorrent.es\/wp-content\/uploads\/2024\/01\/Captura-de-pantalla-2022-07-27-a-las-16.20.29-1-768x758.png 768w\" sizes=\"(max-width: 966px) 100vw, 966px\" \/><\/figure>\n<\/figure>\n","protected":false},"excerpt":{"rendered":"<p>De la m\u00e0 del Museu L\u2019Iber de Val\u00e8ncia, la mostra recorre la hist\u00f2ria del c\u00f2mic a trav\u00e9s de miniatures i podr\u00e0 visitar-se de l&#8217;1 al 24 de febrer L&#8217;Ajuntament de Torrent prepara la segona exposici\u00f3 prevista per a l&#8217;acabat d&#8217;inaugurar Espai Sant Gregori. Despr\u00e9s de l&#8217;\u00e8xit de la primera, &#8220;La llum de Sorolla a les [&hellip;]<\/p>\n","protected":false},"author":16,"featured_media":63496,"comment_status":"open","ping_status":"open","sticky":false,"template":"","format":"standard","meta":{"_acf_changed":false,"footnotes":""},"categories":[756],"tags":[],"class_list":["post-63492","post","type-post","status-publish","format-standard","has-post-thumbnail","hentry","category-cultura-noticias-2"],"acf":[],"_links":{"self":[{"href":"https:\/\/infotorrent.es\/ca\/wp-json\/wp\/v2\/posts\/63492","targetHints":{"allow":["GET"]}}],"collection":[{"href":"https:\/\/infotorrent.es\/ca\/wp-json\/wp\/v2\/posts"}],"about":[{"href":"https:\/\/infotorrent.es\/ca\/wp-json\/wp\/v2\/types\/post"}],"author":[{"embeddable":true,"href":"https:\/\/infotorrent.es\/ca\/wp-json\/wp\/v2\/users\/16"}],"replies":[{"embeddable":true,"href":"https:\/\/infotorrent.es\/ca\/wp-json\/wp\/v2\/comments?post=63492"}],"version-history":[{"count":1,"href":"https:\/\/infotorrent.es\/ca\/wp-json\/wp\/v2\/posts\/63492\/revisions"}],"predecessor-version":[{"id":63495,"href":"https:\/\/infotorrent.es\/ca\/wp-json\/wp\/v2\/posts\/63492\/revisions\/63495"}],"wp:featuredmedia":[{"embeddable":true,"href":"https:\/\/infotorrent.es\/ca\/wp-json\/wp\/v2\/media\/63496"}],"wp:attachment":[{"href":"https:\/\/infotorrent.es\/ca\/wp-json\/wp\/v2\/media?parent=63492"}],"wp:term":[{"taxonomy":"category","embeddable":true,"href":"https:\/\/infotorrent.es\/ca\/wp-json\/wp\/v2\/categories?post=63492"},{"taxonomy":"post_tag","embeddable":true,"href":"https:\/\/infotorrent.es\/ca\/wp-json\/wp\/v2\/tags?post=63492"}],"curies":[{"name":"wp","href":"https:\/\/api.w.org\/{rel}","templated":true}]}}