{"id":63168,"date":"2024-01-05T08:44:19","date_gmt":"2024-01-05T08:44:19","guid":{"rendered":"https:\/\/infotorrent.es\/?p=63168"},"modified":"2024-01-05T08:44:22","modified_gmt":"2024-01-05T08:44:22","slug":"15-000-persones-visiten-el-campament-reial-de-torrent-en-la-seua-primera-jornada","status":"publish","type":"post","link":"https:\/\/infotorrent.es\/ca\/cultura-ca\/15-000-persones-visiten-el-campament-reial-de-torrent-en-la-seua-primera-jornada\/","title":{"rendered":"15.000 persones visiten el Campament Reial de Torrent en la seua primera jornada"},"content":{"rendered":"\n<h5 class=\"wp-block-heading has-text-align-center\"><strong>Hui, en la segona jornada del Campament Real, que estar\u00e0 obert de 10:00h a 15:00h, encara que la cua es tancar\u00e0 a les 14.00 hores, els visitants tindran l&#8217;oportunitat de gaudir de les meravelles del campament abans que Ses Majestats emprenguen el seu recorregut per la ciutat.<\/strong><\/h5>\n\n\n\n<h5 class=\"wp-block-heading has-text-align-center\"><strong>L&#8217;\u00faltim trenet eixir\u00e0 del carrer Azor\u00edn a les 13.30 hores.<\/strong><\/h5>\n\n\n\n<p>En una espectacular jornada carregada de m\u00e0gia i emocions, el Campament Real de Torrent va obrir les seues portes per a rebre a 15.000 visitants que es van submergir en l&#8217;ensomni d&#8217;un poblat de Betlem, gr\u00e0cies a la pres\u00e8ncia de Ses Majestats els Reis Mags.<\/p>\n\n\n\n<p><em>Melchor, Gaspar i Baltasar, amb tota la seua vestimenta reial, van acampar en els jardins de l&#8217;<\/em>Hort de Tr\u00e9nor, transformant-los en un escenari digne del Nadal.<\/p>\n\n\n\n<p>Milers de xiquets i xiquetes, acompanyats dels seus familiars, van tindre l&#8217;oportunitat de viure moments inoblidables, compartir riures i somnis al costat dels Reis Mags, els qui generosament van posar per a fotos que es convertiran en records inesborrables.<\/p>\n\n\n\n<p>El recorregut tem\u00e0tic des del carrer Pare Prudencio Palmera va permetre als visitants submergir-se en la rica cultura oriental, explorant casetes i botigues que recreaven oficis antics t\u00edpics d&#8217;orient e imponents aus que reben als xiquets, a la botiga de falconeria. En la zona dels jardins, la botigues dels Reis Mags d&#8217;Orient, una granja de Betlem amb oques, cabres, un porc, els tres camells reials i dos majestuosos cavalls, van oferir als m\u00e9s xicotets una experi\u00e8ncia m\u00e0gica e interactiva.<\/p>\n\n\n\n<p>Despr\u00e9s de saludar als tres Reis i recollir la seua fotografia de record, els xiquets van rebre un detall especial com a acompte dels regals que els esperen esta nit en les seues cases, quan els Reis Mags visiten cada rac\u00f3 de la ciutat.<\/p>\n\n\n\n<p>Hui, en la segona jornada del Campament Real, que estar\u00e0 obert de 10:<em>00h a 15:<\/em>00h, encara que la cua es tancar\u00e0 a les 14.00 hores, els visitants tindran l&#8217;oportunitat de gaudir de les meravelles del campament abans que Ses Majestats emprenguen el seu recorregut per la ciutat. L&#8217;\u00faltim trenet eixir\u00e0 del carrer Azor\u00edn a les 13.30 hores.<\/p>\n\n\n\n<p>A les 15:<em>30h, portaran l&#8217;alegria a diferents resid\u00e8ncies de persones majors, mentre que la cavalcada partir\u00e0 a les 18:<\/em>30h des del carrer Genaro Palau fins a l&#8217;Ajuntament, on els Reis Mags es dirigiran als xiquets i xiquetes de Torrent.<\/p>\n\n\n\n<p>Com a sorpresa addicional, Melchor, Gaspar i Baltasar descendiran dels seus camells per a adorar al Xiquet Jes\u00fas al Betlem Monumental de Pallard\u00f3, recreant el gest que fa m\u00e9s de 2.000 anys va guiar als Reis Mags a Betlem. La m\u00e0gia i la tradici\u00f3 s&#8217;entrellacen en este dia, deixant una imatge inesborrable en la mem\u00f2ria de tots els presents.<\/p>\n\n\n\n<figure class=\"wp-block-image size-large\"><img fetchpriority=\"high\" decoding=\"async\" width=\"1024\" height=\"682\" src=\"https:\/\/infotorrent.es\/wp-content\/uploads\/2024\/01\/WhatsApp-Image-2024-01-05-at-09.19.07-1-1024x682.jpeg\" alt=\"\" class=\"wp-image-63169\" srcset=\"https:\/\/infotorrent.es\/wp-content\/uploads\/2024\/01\/WhatsApp-Image-2024-01-05-at-09.19.07-1-1024x682.jpeg 1024w, https:\/\/infotorrent.es\/wp-content\/uploads\/2024\/01\/WhatsApp-Image-2024-01-05-at-09.19.07-1-300x200.jpeg 300w, https:\/\/infotorrent.es\/wp-content\/uploads\/2024\/01\/WhatsApp-Image-2024-01-05-at-09.19.07-1-768x512.jpeg 768w, https:\/\/infotorrent.es\/wp-content\/uploads\/2024\/01\/WhatsApp-Image-2024-01-05-at-09.19.07-1-1536x1023.jpeg 1536w, https:\/\/infotorrent.es\/wp-content\/uploads\/2024\/01\/WhatsApp-Image-2024-01-05-at-09.19.07-1.jpeg 1600w\" sizes=\"(max-width: 1024px) 100vw, 1024px\" \/><\/figure>\n\n\n\n<figure class=\"wp-block-image size-large\"><img decoding=\"async\" width=\"1024\" height=\"682\" src=\"https:\/\/infotorrent.es\/wp-content\/uploads\/2024\/01\/WhatsApp-Image-2024-01-05-at-09.18.59-1-1024x682.jpeg\" alt=\"\" class=\"wp-image-63171\" srcset=\"https:\/\/infotorrent.es\/wp-content\/uploads\/2024\/01\/WhatsApp-Image-2024-01-05-at-09.18.59-1-1024x682.jpeg 1024w, https:\/\/infotorrent.es\/wp-content\/uploads\/2024\/01\/WhatsApp-Image-2024-01-05-at-09.18.59-1-300x200.jpeg 300w, https:\/\/infotorrent.es\/wp-content\/uploads\/2024\/01\/WhatsApp-Image-2024-01-05-at-09.18.59-1-768x512.jpeg 768w, https:\/\/infotorrent.es\/wp-content\/uploads\/2024\/01\/WhatsApp-Image-2024-01-05-at-09.18.59-1-1536x1023.jpeg 1536w, https:\/\/infotorrent.es\/wp-content\/uploads\/2024\/01\/WhatsApp-Image-2024-01-05-at-09.18.59-1.jpeg 1600w\" sizes=\"(max-width: 1024px) 100vw, 1024px\" \/><\/figure>\n","protected":false},"excerpt":{"rendered":"<p>Hui, en la segona jornada del Campament Real, que estar\u00e0 obert de 10:00h a 15:00h, encara que la cua es tancar\u00e0 a les 14.00 hores, els visitants tindran l&#8217;oportunitat de gaudir de les meravelles del campament abans que Ses Majestats emprenguen el seu recorregut per la ciutat. L&#8217;\u00faltim trenet eixir\u00e0 del carrer Azor\u00edn a les [&hellip;]<\/p>\n","protected":false},"author":15,"featured_media":63157,"comment_status":"open","ping_status":"open","sticky":false,"template":"","format":"standard","meta":{"_acf_changed":false,"footnotes":""},"categories":[1132],"tags":[],"class_list":["post-63168","post","type-post","status-publish","format-standard","has-post-thumbnail","hentry","category-cultura-ca"],"acf":[],"_links":{"self":[{"href":"https:\/\/infotorrent.es\/ca\/wp-json\/wp\/v2\/posts\/63168","targetHints":{"allow":["GET"]}}],"collection":[{"href":"https:\/\/infotorrent.es\/ca\/wp-json\/wp\/v2\/posts"}],"about":[{"href":"https:\/\/infotorrent.es\/ca\/wp-json\/wp\/v2\/types\/post"}],"author":[{"embeddable":true,"href":"https:\/\/infotorrent.es\/ca\/wp-json\/wp\/v2\/users\/15"}],"replies":[{"embeddable":true,"href":"https:\/\/infotorrent.es\/ca\/wp-json\/wp\/v2\/comments?post=63168"}],"version-history":[{"count":1,"href":"https:\/\/infotorrent.es\/ca\/wp-json\/wp\/v2\/posts\/63168\/revisions"}],"predecessor-version":[{"id":63174,"href":"https:\/\/infotorrent.es\/ca\/wp-json\/wp\/v2\/posts\/63168\/revisions\/63174"}],"wp:featuredmedia":[{"embeddable":true,"href":"https:\/\/infotorrent.es\/ca\/wp-json\/wp\/v2\/media\/63157"}],"wp:attachment":[{"href":"https:\/\/infotorrent.es\/ca\/wp-json\/wp\/v2\/media?parent=63168"}],"wp:term":[{"taxonomy":"category","embeddable":true,"href":"https:\/\/infotorrent.es\/ca\/wp-json\/wp\/v2\/categories?post=63168"},{"taxonomy":"post_tag","embeddable":true,"href":"https:\/\/infotorrent.es\/ca\/wp-json\/wp\/v2\/tags?post=63168"}],"curies":[{"name":"wp","href":"https:\/\/api.w.org\/{rel}","templated":true}]}}