{"id":63124,"date":"2024-01-04T09:23:51","date_gmt":"2024-01-04T09:23:51","guid":{"rendered":"https:\/\/infotorrent.es\/uncategorized\/torrent-celebra-el-tradicional-mercado-de-reyes\/"},"modified":"2024-01-04T09:27:45","modified_gmt":"2024-01-04T09:27:45","slug":"torrent-celebra-el-tradicional-mercado-de-reyes","status":"publish","type":"post","link":"https:\/\/infotorrent.es\/ca\/festes-i-tradicions-2\/torrent-celebra-el-tradicional-mercado-de-reyes\/","title":{"rendered":"Torrent celebra el tradicional Mercado de Reyes"},"content":{"rendered":"\n<p>Els dies 4 i 5 de gener, el primer tram de l&#8217;Avinguda al Vedat acull el tercer mercat ambulant d&#8217;este Nadal.<\/p>\n\n\n\n<p>La ciutat de Torrent se submergix una vegada m\u00e9s en l&#8217;esperit festiu en celebrar el tercer mercat ambulant d&#8217;este Nadal. En esta ocasi\u00f3, els dies 4 i 5 de gener, l&#8217;Avinguda al Vedat es vestir\u00e0 de m\u00e0gia per a donar lloc al tradicional Mercat de Reis, que s&#8217;estendr\u00e0 des de la pla\u00e7a Bisbe Benlloch fins al Betlem monumental situat en la Pla\u00e7a Corts Valencianes.<\/p>\n\n\n\n<p>Enguany, el Mercat de Reis amplia el nombre de llocs, oferint als visitants una major varietat de productes i regals per a gaudir de les compres d&#8217;\u00faltima hora. L&#8217;horari d&#8217;obertura tamb\u00e9 s&#8217;adapta a les necessitats dels assistents, comen\u00e7ant el dijous 4 de gener a les 16:00h i estenent-se fins a la mitjanit. El divendres 5 de gener, obrir\u00e0 les seues portes des de les 10:00h fins a la mitjanit i romandr\u00e0 obert durant la Cavalcada de Reis.<\/p>\n\n\n\n<p>Este Mercat de Reis se suma als exitosos mercats celebrats durant este Nadal a Torrent. A principis de desembre, la Pla\u00e7a Va unir Musical va acollir un bonic Mercat ambulant Nadalenc, on les activitats i la participaci\u00f3 de comer\u00e7os locals van contribuir a crear un ambient festiu inigualable. M\u00e9s tard, a mitjan desembre, la part alta de l&#8217;Avinguda al Vedat va albergar un altre mercat ambulant medieval i nadalenc, que va atraure a ve\u00efns i visitants per igual.<\/p>\n\n\n\n<p>L&#8217;Ajuntament de Torrent reitera el seu comprom\u00eds amb la dinamitzaci\u00f3 del comer\u00e7 local i la creaci\u00f3 d&#8217;un ambient nadalenc \u00fanic als carrers de la ciutat. L&#8217;aposta per la celebraci\u00f3 de mercats ambulants no sols fomenta l&#8217;activitat econ\u00f2mica, sin\u00f3 que tamb\u00e9 brinda als ciutadans l&#8217;oportunitat de gaudir d&#8217;un entorn festiu, generant un impuls positiu per al comer\u00e7 local.<\/p>\n\n\n\n<figure class=\"wp-block-image size-large\"><img fetchpriority=\"high\" decoding=\"async\" width=\"819\" height=\"1024\" src=\"https:\/\/infotorrent.es\/wp-content\/uploads\/2024\/01\/WhatsApp-Image-2024-01-04-at-10.08.17-819x1024.jpeg\" alt=\"\" class=\"wp-image-63120\" srcset=\"https:\/\/infotorrent.es\/wp-content\/uploads\/2024\/01\/WhatsApp-Image-2024-01-04-at-10.08.17-819x1024.jpeg 819w, https:\/\/infotorrent.es\/wp-content\/uploads\/2024\/01\/WhatsApp-Image-2024-01-04-at-10.08.17-240x300.jpeg 240w, https:\/\/infotorrent.es\/wp-content\/uploads\/2024\/01\/WhatsApp-Image-2024-01-04-at-10.08.17-768x960.jpeg 768w, https:\/\/infotorrent.es\/wp-content\/uploads\/2024\/01\/WhatsApp-Image-2024-01-04-at-10.08.17.jpeg 1080w\" sizes=\"(max-width: 819px) 100vw, 819px\" \/><\/figure>\n","protected":false},"excerpt":{"rendered":"<p>Els dies 4 i 5 de gener, el primer tram de l&#8217;Avinguda al Vedat acull el tercer mercat ambulant d&#8217;este Nadal. La ciutat de Torrent se submergix una vegada m\u00e9s en l&#8217;esperit festiu en celebrar el tercer mercat ambulant d&#8217;este Nadal. En esta ocasi\u00f3, els dies 4 i 5 de gener, l&#8217;Avinguda al Vedat es [&hellip;]<\/p>\n","protected":false},"author":16,"featured_media":63125,"comment_status":"open","ping_status":"open","sticky":false,"template":"","format":"standard","meta":{"_acf_changed":false,"footnotes":""},"categories":[156,1157,126,25],"tags":[],"class_list":["post-63124","post","type-post","status-publish","format-standard","has-post-thumbnail","hentry","category-festes-i-tradicions-2","category-agenda-2-ca","category-cultura-es-2","category-uncategorized"],"acf":[],"_links":{"self":[{"href":"https:\/\/infotorrent.es\/ca\/wp-json\/wp\/v2\/posts\/63124","targetHints":{"allow":["GET"]}}],"collection":[{"href":"https:\/\/infotorrent.es\/ca\/wp-json\/wp\/v2\/posts"}],"about":[{"href":"https:\/\/infotorrent.es\/ca\/wp-json\/wp\/v2\/types\/post"}],"author":[{"embeddable":true,"href":"https:\/\/infotorrent.es\/ca\/wp-json\/wp\/v2\/users\/16"}],"replies":[{"embeddable":true,"href":"https:\/\/infotorrent.es\/ca\/wp-json\/wp\/v2\/comments?post=63124"}],"version-history":[{"count":1,"href":"https:\/\/infotorrent.es\/ca\/wp-json\/wp\/v2\/posts\/63124\/revisions"}],"predecessor-version":[{"id":63127,"href":"https:\/\/infotorrent.es\/ca\/wp-json\/wp\/v2\/posts\/63124\/revisions\/63127"}],"wp:featuredmedia":[{"embeddable":true,"href":"https:\/\/infotorrent.es\/ca\/wp-json\/wp\/v2\/media\/63125"}],"wp:attachment":[{"href":"https:\/\/infotorrent.es\/ca\/wp-json\/wp\/v2\/media?parent=63124"}],"wp:term":[{"taxonomy":"category","embeddable":true,"href":"https:\/\/infotorrent.es\/ca\/wp-json\/wp\/v2\/categories?post=63124"},{"taxonomy":"post_tag","embeddable":true,"href":"https:\/\/infotorrent.es\/ca\/wp-json\/wp\/v2\/tags?post=63124"}],"curies":[{"name":"wp","href":"https:\/\/api.w.org\/{rel}","templated":true}]}}