{"id":63087,"date":"2024-01-03T09:50:58","date_gmt":"2024-01-03T09:50:58","guid":{"rendered":"https:\/\/infotorrent.es\/uncategorized\/lauditori-de-torrent-presenta-su-programacion-llena-de-grandes-figuras-del-teatro-nacional\/"},"modified":"2024-01-03T09:55:49","modified_gmt":"2024-01-03T09:55:49","slug":"lauditori-de-torrent-presenta-su-programacion-llena-de-grandes-figuras-del-teatro-nacional","status":"publish","type":"post","link":"https:\/\/infotorrent.es\/ca\/noticias-2\/cultura-noticias-2\/lauditori-de-torrent-presenta-su-programacion-llena-de-grandes-figuras-del-teatro-nacional\/","title":{"rendered":"L\u2019auditori de Torrent presenta la seua programaci\u00f3 plena de grans figures del teatre nacional"},"content":{"rendered":"\n<p>El teatre ser\u00e0 el gran protagonista amb grans int\u00e8rprets com Mar\u00eda Galiana, Lola Herrera, Miguel Rell\u00e1n, Fernando Tejero o Carmelo G\u00f3mez.<\/p>\n\n\n\n<p>Sens dubte, el teatre \u00e9s el gran protagonista en la programaci\u00f3 de l\u2019Auditori de Torrent durant els pr\u00f2xims mesos. Grans int\u00e8rprets com Mar\u00eda Galiana, Lola Herrera, Miguel Rell\u00e1n, Fernando Tejero i Carmelo G\u00f3mez, visitaran el nostre escenari per a pujar a les taules alguns dels muntatges teatrals de m\u00e9s \u00e8xit a nivell nacional. En RETORN A LA LLAR (13 de gener), Miguel Rell\u00e1n interpreta a un pare en el si d&#8217;una fam\u00edlia repleta de contradiccions i tensions, els membres de les quals es mouen per l&#8217;enveja i el menyspreu mutu.<\/p>\n\n\n\n<p>Fernando Tejero \u00e9s l&#8217;exc\u00e8ntric protagonista de CAM\u00cd AL ZOO (3 de febrer), obra simple i alhora molt enigm\u00e0tica d&#8217;Edward Albee, que tracta de l&#8217;enorme dificultat de comunicaci\u00f3 entre els \u00e9ssers humans. En LES GUERRES DELS NOSTRES AVANTPASSATS (13 d&#8217;abril) gaudirem de la superba interpretaci\u00f3 de Carmelo G\u00f3mez, que es posa en la pell de Pac\u00edfic, el protagonista de la novel\u00b7la de Miguel Delibes. Per a acabar amb esta desfilada de grans de l&#8217;escena, rebrem en el nostre escenari a dues grans dames del teatre nacional: Mar\u00eda Galiana, en LA REINA DE LA BELLESA DE LEENANE (28 d&#8217;abril), i Lola Herrera, coprotagonista d&#8217;ADDICTES (18 de maig), al costat d&#8217;Ana Labordeta i Lola Baldrich.<\/p>\n\n\n\n<p>La m\u00fasica tamb\u00e9 t\u00e9 un pes important en la programaci\u00f3 d&#8217;estos primers mesos de l&#8217;any: la divertida sarsuela EL DUO DE L&#8217;AFRICANA (17 de febrer) i la magistral NORMA de V. Bellini (4 d&#8217;abril) en l&#8217;apartat de l\u00edrica; la m\u00fasica antiga i tradicional de la m\u00e0 de Capella de Ministrers en CANTS DE LA TERRA (11 de febrer); el vent-metall del ja consolidat festival SPANISH BRASSURROUND TORRENT, que se celebrar\u00e0 del 23 al 25 de febrer; la m\u00fasica coral de Neovocalis en LAUS ET LAETITIA (24 de mar\u00e7) i la visita de luxe del QUINTET DE CORDES DE LA FILHARM\u00d2NICA DE BERL\u00cdN (20 d&#8217;abril), entre altres.<\/p>\n\n\n\n<p>L&#8217;humor no podia faltar en l&#8217;oferta cultural de l\u2019Auditori: l&#8217;\u00faltim espectacle de Imprebis HUI NO ESTRENEM (27 de gener), l&#8217;\u00faltim mon\u00f2leg del televisiu Dani Mateo PER QU\u00c8 NO CALLES? (6 d&#8217;abril), o l&#8217;humor intel\u00b7ligent de la com\u00e8dia ESTIMATS PARELLS (5 de maig) de Teatre Micalet.<\/p>\n\n\n\n<p>Per als m\u00e9s xicotets, l\u2019Auditori de Torrent ha incl\u00f2s en la seua programaci\u00f3 proposades molt atractives com a DINOSAURES I PRINCESES (10 de mar\u00e7) i el tribut a Mary Poppins VENT DE L&#8217;EST (7 d&#8217;abril); aix\u00ed com una infinitat de grans espectacles interessants per a tots els p\u00fablics, com ara TRASH! (3 de mar\u00e7), una parenceria d&#8217;humor i percussi\u00f3 de la m\u00e0 de Yllana; MACARRON POWER (23 de mar\u00e7) de Sol Va picar Cia. de Dansa, o la m\u00e0gia de Jorge Luengo i el seu \u00faltim espectacle SOMNIS (1 de juny).<\/p>\n\n\n\n<p>La programaci\u00f3 completa es pot consultar en www.auditoritorrent.com. Entrades a la venda en www.auditoritorrent.com i en les taquilles de l\u2019Auditori (dijous de 17 a 20 h, divendres d&#8217;11 a 13 h i des de 2 hores abans del comen\u00e7ament de l&#8217;espectacle).<\/p>\n\n\n\n<figure class=\"wp-block-image size-large\"><img fetchpriority=\"high\" decoding=\"async\" width=\"1024\" height=\"613\" src=\"https:\/\/infotorrent.es\/wp-content\/uploads\/2024\/01\/adictos-9-min-1024x613.jpg\" alt=\"\" class=\"wp-image-63083\" srcset=\"https:\/\/infotorrent.es\/wp-content\/uploads\/2024\/01\/adictos-9-min-1024x613.jpg 1024w, https:\/\/infotorrent.es\/wp-content\/uploads\/2024\/01\/adictos-9-min-300x180.jpg 300w, https:\/\/infotorrent.es\/wp-content\/uploads\/2024\/01\/adictos-9-min-768x460.jpg 768w, https:\/\/infotorrent.es\/wp-content\/uploads\/2024\/01\/adictos-9-min-1536x920.jpg 1536w, https:\/\/infotorrent.es\/wp-content\/uploads\/2024\/01\/adictos-9-min-2048x1226.jpg 2048w\" sizes=\"(max-width: 1024px) 100vw, 1024px\" \/><\/figure>\n","protected":false},"excerpt":{"rendered":"<p>El teatre ser\u00e0 el gran protagonista amb grans int\u00e8rprets com Mar\u00eda Galiana, Lola Herrera, Miguel Rell\u00e1n, Fernando Tejero o Carmelo G\u00f3mez. Sens dubte, el teatre \u00e9s el gran protagonista en la programaci\u00f3 de l\u2019Auditori de Torrent durant els pr\u00f2xims mesos. Grans int\u00e8rprets com Mar\u00eda Galiana, Lola Herrera, Miguel Rell\u00e1n, Fernando Tejero i Carmelo G\u00f3mez, visitaran [&hellip;]<\/p>\n","protected":false},"author":16,"featured_media":63088,"comment_status":"open","ping_status":"open","sticky":false,"template":"","format":"standard","meta":{"_acf_changed":false,"footnotes":""},"categories":[756],"tags":[],"class_list":["post-63087","post","type-post","status-publish","format-standard","has-post-thumbnail","hentry","category-cultura-noticias-2"],"acf":[],"_links":{"self":[{"href":"https:\/\/infotorrent.es\/ca\/wp-json\/wp\/v2\/posts\/63087","targetHints":{"allow":["GET"]}}],"collection":[{"href":"https:\/\/infotorrent.es\/ca\/wp-json\/wp\/v2\/posts"}],"about":[{"href":"https:\/\/infotorrent.es\/ca\/wp-json\/wp\/v2\/types\/post"}],"author":[{"embeddable":true,"href":"https:\/\/infotorrent.es\/ca\/wp-json\/wp\/v2\/users\/16"}],"replies":[{"embeddable":true,"href":"https:\/\/infotorrent.es\/ca\/wp-json\/wp\/v2\/comments?post=63087"}],"version-history":[{"count":1,"href":"https:\/\/infotorrent.es\/ca\/wp-json\/wp\/v2\/posts\/63087\/revisions"}],"predecessor-version":[{"id":63090,"href":"https:\/\/infotorrent.es\/ca\/wp-json\/wp\/v2\/posts\/63087\/revisions\/63090"}],"wp:featuredmedia":[{"embeddable":true,"href":"https:\/\/infotorrent.es\/ca\/wp-json\/wp\/v2\/media\/63088"}],"wp:attachment":[{"href":"https:\/\/infotorrent.es\/ca\/wp-json\/wp\/v2\/media?parent=63087"}],"wp:term":[{"taxonomy":"category","embeddable":true,"href":"https:\/\/infotorrent.es\/ca\/wp-json\/wp\/v2\/categories?post=63087"},{"taxonomy":"post_tag","embeddable":true,"href":"https:\/\/infotorrent.es\/ca\/wp-json\/wp\/v2\/tags?post=63087"}],"curies":[{"name":"wp","href":"https:\/\/api.w.org\/{rel}","templated":true}]}}