{"id":63019,"date":"2023-12-29T12:29:11","date_gmt":"2023-12-29T12:29:11","guid":{"rendered":"https:\/\/infotorrent.es\/uncategorized\/torrent-instala-una-nueva-camara-de-vigilancia-para-evitar-el-vertido-incontrolado-de-residuos-en-el-termino-municipal\/"},"modified":"2023-12-29T12:32:52","modified_gmt":"2023-12-29T12:32:52","slug":"torrent-instala-una-nueva-camara-de-vigilancia-para-evitar-el-vertido-incontrolado-de-residuos-en-el-termino-municipal","status":"publish","type":"post","link":"https:\/\/infotorrent.es\/ca\/noticies\/torrent-instala-una-nueva-camara-de-vigilancia-para-evitar-el-vertido-incontrolado-de-residuos-en-el-termino-municipal\/","title":{"rendered":"Torrent instal\u00b7la una nova c\u00e0mera de vigil\u00e0ncia per a evitar l&#8217;abocament incontrolat de residus en el terme municipal"},"content":{"rendered":"\n<ul class=\"wp-block-list\">\n<li>La intervenci\u00f3 s&#8217;ha realitzat en la partida de \u201cEl *Alter\u201d on s&#8217;havia detectat un problema continu d&#8217;abocaments de residus s\u00f2lids.<\/li>\n\n\n\n<li>L&#8217;objectiu de l&#8217;Ajuntament exercir una funci\u00f3 de vigil\u00e0ncia en el terme municipal al mateix temps que dissuadir als possibles infractors.<\/li>\n<\/ul>\n\n\n\n<p><\/p>\n\n\n\n<p>Les cambres seran controlades per la Policia Local en les seues instal\u00b7lacions de Central de Policia i la instal\u00b7lada en El *Alter s&#8217;afig a les 9 existents distribu\u00efdes en el terme municipal.<\/p>\n\n\n\n<p>L&#8217;Ajuntament de Torrent ha procedit esta setmana a la instal\u00b7laci\u00f3 d&#8217;una nova c\u00e0mera de vigil\u00e0ncia en la partida del *Alter on es produ\u00efen abocaments incontrolats de residus s\u00f2lids. Les actuacions s&#8217;han focalitzat esta zona on proliferen camps de cultiu abandonats i pol\u00edgons industrials pr\u00f2xims. L&#8217;ajuntament ja havia realitzat actuacions de neteja en esta zona juntament amb la instal\u00b7laci\u00f3 de cartells informatius indicant la prohibici\u00f3 d&#8217;abocaments incontrolats.<\/p>\n\n\n\n<p>D&#8217;esta manera, des del consistori es pret\u00e9n exercir una vigil\u00e0ncia dissuasiva en tot el terme municipal i utilitzar, si \u00e9s el cas, estes c\u00e0meres com a element probatori en el cas d&#8217;iniciar expedients sancionadors relatius a l&#8217;abocament de residus urbans la compet\u00e8ncia dels quals recau a l&#8217;Ajuntament.<\/p>\n\n\n\n<p><strong>\u201cLes c\u00e0meres de vigil\u00e0ncia enviaran les imatges en directe a la Central de Policia Local el que facilitar\u00e0 el control del terme municipal i, en el cas que ens ocupa, era una zona del terme que mancava d&#8217;estos recursos\u201d<\/strong>, explica el regidor de Medi Ambient Jos\u00e9 Gozalvo.<\/p>\n\n\n\n<p>A m\u00e9s, les c\u00e0meres estan dotades d&#8217;un equip de gravaci\u00f3 durant 48 hores el que facilitar\u00e0 l&#8217;actuaci\u00f3 policial en el cas detecci\u00f3 d&#8217;abocaments ja realitzats. <strong>\u201cEs tracta no sols d&#8217;exercir una actuaci\u00f3 dissuasiva si no d&#8217;emprar estos mitjans per a la implementaci\u00f3 d&#8217;expedients sancionadors i evitar la deterioraci\u00f3 del nostre medi natural. En els pr\u00f2xims mesos, s&#8217;implantaran 3 cambres m\u00e9s en zones d&#8217;aportaci\u00f3 en els disseminats de Torrent\u201d<\/strong>, afirma Gozalvo.<\/p>\n\n\n\n<p>Esta instal\u00b7laci\u00f3 ha sigut finan\u00e7ada amb fons municipals de les partides del departament de medi ambient.<\/p>\n\n\n\n<figure class=\"wp-block-image size-large\"><img fetchpriority=\"high\" decoding=\"async\" width=\"1024\" height=\"768\" src=\"https:\/\/infotorrent.es\/wp-content\/uploads\/2023\/12\/WhatsApp-Image-2023-12-29-at-13.22.55-1024x768.jpeg\" alt=\"\" class=\"wp-image-63015\" srcset=\"https:\/\/infotorrent.es\/wp-content\/uploads\/2023\/12\/WhatsApp-Image-2023-12-29-at-13.22.55-1024x768.jpeg 1024w, https:\/\/infotorrent.es\/wp-content\/uploads\/2023\/12\/WhatsApp-Image-2023-12-29-at-13.22.55-300x225.jpeg 300w, https:\/\/infotorrent.es\/wp-content\/uploads\/2023\/12\/WhatsApp-Image-2023-12-29-at-13.22.55-768x576.jpeg 768w, https:\/\/infotorrent.es\/wp-content\/uploads\/2023\/12\/WhatsApp-Image-2023-12-29-at-13.22.55-1536x1152.jpeg 1536w, https:\/\/infotorrent.es\/wp-content\/uploads\/2023\/12\/WhatsApp-Image-2023-12-29-at-13.22.55.jpeg 1600w\" sizes=\"(max-width: 1024px) 100vw, 1024px\" \/><\/figure>\n","protected":false},"excerpt":{"rendered":"<p>Les cambres seran controlades per la Policia Local en les seues instal\u00b7lacions de Central de Policia i la instal\u00b7lada en El *Alter s&#8217;afig a les 9 existents distribu\u00efdes en el terme municipal. L&#8217;Ajuntament de Torrent ha procedit esta setmana a la instal\u00b7laci\u00f3 d&#8217;una nova c\u00e0mera de vigil\u00e0ncia en la partida del *Alter on es produ\u00efen [&hellip;]<\/p>\n","protected":false},"author":16,"featured_media":63020,"comment_status":"open","ping_status":"open","sticky":false,"template":"","format":"standard","meta":{"_acf_changed":false,"footnotes":""},"categories":[116,133],"tags":[],"class_list":["post-63019","post","type-post","status-publish","format-standard","has-post-thumbnail","hentry","category-noticies","category-urbanisme"],"acf":[],"_links":{"self":[{"href":"https:\/\/infotorrent.es\/ca\/wp-json\/wp\/v2\/posts\/63019","targetHints":{"allow":["GET"]}}],"collection":[{"href":"https:\/\/infotorrent.es\/ca\/wp-json\/wp\/v2\/posts"}],"about":[{"href":"https:\/\/infotorrent.es\/ca\/wp-json\/wp\/v2\/types\/post"}],"author":[{"embeddable":true,"href":"https:\/\/infotorrent.es\/ca\/wp-json\/wp\/v2\/users\/16"}],"replies":[{"embeddable":true,"href":"https:\/\/infotorrent.es\/ca\/wp-json\/wp\/v2\/comments?post=63019"}],"version-history":[{"count":1,"href":"https:\/\/infotorrent.es\/ca\/wp-json\/wp\/v2\/posts\/63019\/revisions"}],"predecessor-version":[{"id":63022,"href":"https:\/\/infotorrent.es\/ca\/wp-json\/wp\/v2\/posts\/63019\/revisions\/63022"}],"wp:featuredmedia":[{"embeddable":true,"href":"https:\/\/infotorrent.es\/ca\/wp-json\/wp\/v2\/media\/63020"}],"wp:attachment":[{"href":"https:\/\/infotorrent.es\/ca\/wp-json\/wp\/v2\/media?parent=63019"}],"wp:term":[{"taxonomy":"category","embeddable":true,"href":"https:\/\/infotorrent.es\/ca\/wp-json\/wp\/v2\/categories?post=63019"},{"taxonomy":"post_tag","embeddable":true,"href":"https:\/\/infotorrent.es\/ca\/wp-json\/wp\/v2\/tags?post=63019"}],"curies":[{"name":"wp","href":"https:\/\/api.w.org\/{rel}","templated":true}]}}