{"id":62907,"date":"2023-12-27T12:53:11","date_gmt":"2023-12-27T12:53:11","guid":{"rendered":"https:\/\/infotorrent.es\/uncategorized\/las-canciones-de-luis-miguel-llenaran-la-plaza-mayor-de-torrent-el-proximo-29-de-diciembre\/"},"modified":"2023-12-27T12:56:07","modified_gmt":"2023-12-27T12:56:07","slug":"las-canciones-de-luis-miguel-llenaran-la-plaza-mayor-de-torrent-el-proximo-29-de-diciembre","status":"publish","type":"post","link":"https:\/\/infotorrent.es\/ca\/noticias-2\/cultura-noticias-2\/las-canciones-de-luis-miguel-llenaran-la-plaza-mayor-de-torrent-el-proximo-29-de-diciembre\/","title":{"rendered":"Les can\u00e7ons de Luis Miguel ompliran la pla\u00e7a major de Torrent el pr\u00f2xim 29 de desembre"},"content":{"rendered":"\n<h5 class=\"wp-block-heading\">El concert, Tribut a Luis Miguel, tindr\u00e0 lloc a les 20.30 hores en la carpa de Nadal de la Pla\u00e7a Major<\/h5>\n\n\n\n<p>La pla\u00e7a Major de Torrent vibrar\u00e0 al ritme de Luis Miguel el pr\u00f2xim 29 de desembre en un tribut a l&#8217;artista de la m\u00e0 de Jairo Garquez Garc\u00eda. Tindr\u00e0 lloc al costat de la Torre, on s&#8217;ha habilitat la carpa de Nadal. Un espai cobert, amb cadires, i obert per a tots els assistents, que podran gaudir d&#8217;alguns dels temes m\u00e9s coneguts de l&#8217;artista mexic\u00e0, com ara \u2018La mitjana tornada\u2019 o \u2018Per davall de la taula\u2019.<\/p>\n\n\n\n<p>Una activitat per a tots els p\u00fablics impulsada des de la Delegaci\u00f3 de Festes i Joventut de l&#8217;Ajuntament de Torrent amb l&#8217;objectiu d&#8217;omplir de m\u00fasica els carrers durant aquestes dates. El concert, Tribut a Luis Miguel, donar\u00e0 principi a les 20.30 hores.<\/p>\n\n\n\n<p>Durant m\u00e9s d&#8217;una hora, ve\u00efns i ve\u00efnes de Torrent podran gaudir de m\u00fasica en directe en aquest concert a l&#8217;aire lliure en vespres d&#8217;acomiadar l&#8217;any, que s&#8217;emmarca en el programa d&#8217;activitats preparades per a viure la m\u00e0gia del Nadal a la ciutat.<\/p>\n\n\n\n<figure class=\"wp-block-image size-large\"><img fetchpriority=\"high\" decoding=\"async\" width=\"1024\" height=\"682\" src=\"https:\/\/infotorrent.es\/wp-content\/uploads\/2023\/12\/WhatsApp-Image-2023-12-27-at-13.26.02-1024x682.jpeg\" alt=\"\" class=\"wp-image-62903\" srcset=\"https:\/\/infotorrent.es\/wp-content\/uploads\/2023\/12\/WhatsApp-Image-2023-12-27-at-13.26.02-1024x682.jpeg 1024w, https:\/\/infotorrent.es\/wp-content\/uploads\/2023\/12\/WhatsApp-Image-2023-12-27-at-13.26.02-300x200.jpeg 300w, https:\/\/infotorrent.es\/wp-content\/uploads\/2023\/12\/WhatsApp-Image-2023-12-27-at-13.26.02-768x512.jpeg 768w, https:\/\/infotorrent.es\/wp-content\/uploads\/2023\/12\/WhatsApp-Image-2023-12-27-at-13.26.02-1536x1023.jpeg 1536w, https:\/\/infotorrent.es\/wp-content\/uploads\/2023\/12\/WhatsApp-Image-2023-12-27-at-13.26.02.jpeg 1600w\" sizes=\"(max-width: 1024px) 100vw, 1024px\" \/><\/figure>\n","protected":false},"excerpt":{"rendered":"<p>El concert, Tribut a Luis Miguel, tindr\u00e0 lloc a les 20.30 hores en la carpa de Nadal de la Pla\u00e7a Major La pla\u00e7a Major de Torrent vibrar\u00e0 al ritme de Luis Miguel el pr\u00f2xim 29 de desembre en un tribut a l&#8217;artista de la m\u00e0 de Jairo Garquez Garc\u00eda. Tindr\u00e0 lloc al costat de la [&hellip;]<\/p>\n","protected":false},"author":15,"featured_media":62911,"comment_status":"open","ping_status":"open","sticky":false,"template":"","format":"standard","meta":{"_acf_changed":false,"footnotes":""},"categories":[756],"tags":[],"class_list":["post-62907","post","type-post","status-publish","format-standard","has-post-thumbnail","hentry","category-cultura-noticias-2"],"acf":[],"_links":{"self":[{"href":"https:\/\/infotorrent.es\/ca\/wp-json\/wp\/v2\/posts\/62907","targetHints":{"allow":["GET"]}}],"collection":[{"href":"https:\/\/infotorrent.es\/ca\/wp-json\/wp\/v2\/posts"}],"about":[{"href":"https:\/\/infotorrent.es\/ca\/wp-json\/wp\/v2\/types\/post"}],"author":[{"embeddable":true,"href":"https:\/\/infotorrent.es\/ca\/wp-json\/wp\/v2\/users\/15"}],"replies":[{"embeddable":true,"href":"https:\/\/infotorrent.es\/ca\/wp-json\/wp\/v2\/comments?post=62907"}],"version-history":[{"count":1,"href":"https:\/\/infotorrent.es\/ca\/wp-json\/wp\/v2\/posts\/62907\/revisions"}],"predecessor-version":[{"id":62910,"href":"https:\/\/infotorrent.es\/ca\/wp-json\/wp\/v2\/posts\/62907\/revisions\/62910"}],"wp:featuredmedia":[{"embeddable":true,"href":"https:\/\/infotorrent.es\/ca\/wp-json\/wp\/v2\/media\/62911"}],"wp:attachment":[{"href":"https:\/\/infotorrent.es\/ca\/wp-json\/wp\/v2\/media?parent=62907"}],"wp:term":[{"taxonomy":"category","embeddable":true,"href":"https:\/\/infotorrent.es\/ca\/wp-json\/wp\/v2\/categories?post=62907"},{"taxonomy":"post_tag","embeddable":true,"href":"https:\/\/infotorrent.es\/ca\/wp-json\/wp\/v2\/tags?post=62907"}],"curies":[{"name":"wp","href":"https:\/\/api.w.org\/{rel}","templated":true}]}}