{"id":62747,"date":"2023-12-19T11:55:13","date_gmt":"2023-12-19T11:55:13","guid":{"rendered":"https:\/\/infotorrent.es\/uncategorized\/torrent-amplia-su-ruta-de-arte-mural-con-la-obra-amor-eterno-del-artista-davigraff\/"},"modified":"2023-12-19T12:13:01","modified_gmt":"2023-12-19T12:13:01","slug":"torrent-amplia-su-ruta-de-arte-mural-con-la-obra-amor-eterno-del-artista-davigraff","status":"publish","type":"post","link":"https:\/\/infotorrent.es\/ca\/juventud-y-deportes-2\/torrent-amplia-su-ruta-de-arte-mural-con-la-obra-amor-eterno-del-artista-davigraff\/","title":{"rendered":"Torrent amplia la ruta d&#8217;art mural amb l&#8217;obra \u2018Amor Eterno\u2019 de l&#8217;artista Davigraff"},"content":{"rendered":"\n<p><strong>L&#8217;obra s&#8217;emmarca en la 9a edici\u00f3 de LaParetPintada, una iniciativa del Centre d&#8217;Informaci\u00f3 Juvenil (CIJ) de Torrent.<\/strong><\/p>\n\n\n\n<p><strong>La regidora de Joventut, Mar\u00eda Fern\u00e1ndez, ha volgut destacar la import\u00e0ncia d&#8217;aquesta mena de manifestacions art\u00edstiques que posen en valor als artistes locals.<\/strong><\/p>\n\n\n\n<p>Torrent continua convertint-se en una galeria d&#8217;art a peu de carrer amb la posada en marxa de la 9a edici\u00f3 de LaParetPintada. Una iniciativa impulsada des del Centre d&#8217;Informaci\u00f3 Juvenil (*CIJ). L&#8217;objectiu \u00e9s fomentar la pintura mural com a mitj\u00e0 d&#8217;expressi\u00f3 art\u00edstica.<\/p>\n\n\n\n<p>\u2018Amor Eterno\u2019, Amor Etern\u2019, se suma des d&#8217;aquesta setmana a la col\u00b7lecci\u00f3 d&#8217;art mural de Torrent. Situada al carrer Arxiprestre Navarro Nogueroles, al costat del n\u00famero 4, entre l&#8217;estaci\u00f3 de metro i l\u2019Antic Mercat, cerca ser un homenatge a l&#8217;amor antic. \u2018\u2019En els temps que vivim ara, les persones no cuidem l&#8217;amor. Les relacions s\u00f3n ef\u00edmeres, ja no duren com abans. Per aix\u00f2, jo he volgut homenatjar l&#8217;amor d&#8217;abans\u2019\u2019, destaca l&#8217;artista<\/p>\n\n\n\n<p>La regidora de Joventut, Mar\u00eda Fern\u00e1ndez, ha visitat aquest dimarts l&#8217;obra, que ha finalitzat en tan sols una setmana, i ha volgut destacar la import\u00e0ncia d&#8217;aquesta mena de manifestacions art\u00edstiques que posen en valor als artistes locals. Aix\u00ed mateix, ha mostrat el seu agra\u00efment a l&#8217;artista i anima a continuar premiant la creativitat dels artistes urbans.<\/p>\n\n\n\n<figure class=\"wp-block-image size-large\"><img fetchpriority=\"high\" decoding=\"async\" width=\"1024\" height=\"768\" src=\"https:\/\/infotorrent.es\/wp-content\/uploads\/2023\/12\/Mural-4-1024x768.jpg\" alt=\"\" class=\"wp-image-62731\" srcset=\"https:\/\/infotorrent.es\/wp-content\/uploads\/2023\/12\/Mural-4-1024x768.jpg 1024w, https:\/\/infotorrent.es\/wp-content\/uploads\/2023\/12\/Mural-4-300x225.jpg 300w, https:\/\/infotorrent.es\/wp-content\/uploads\/2023\/12\/Mural-4-768x576.jpg 768w, https:\/\/infotorrent.es\/wp-content\/uploads\/2023\/12\/Mural-4-1536x1152.jpg 1536w, https:\/\/infotorrent.es\/wp-content\/uploads\/2023\/12\/Mural-4.jpg 1712w\" sizes=\"(max-width: 1024px) 100vw, 1024px\" \/><\/figure>\n\n\n\n<figure class=\"wp-block-image size-large\"><img decoding=\"async\" width=\"1024\" height=\"683\" src=\"https:\/\/infotorrent.es\/wp-content\/uploads\/2023\/12\/Mural-7-1024x683.jpg\" alt=\"\" class=\"wp-image-62734\" srcset=\"https:\/\/infotorrent.es\/wp-content\/uploads\/2023\/12\/Mural-7-1024x683.jpg 1024w, https:\/\/infotorrent.es\/wp-content\/uploads\/2023\/12\/Mural-7-300x200.jpg 300w, https:\/\/infotorrent.es\/wp-content\/uploads\/2023\/12\/Mural-7-768x512.jpg 768w, https:\/\/infotorrent.es\/wp-content\/uploads\/2023\/12\/Mural-7-1536x1024.jpg 1536w, https:\/\/infotorrent.es\/wp-content\/uploads\/2023\/12\/Mural-7.jpg 2048w\" sizes=\"(max-width: 1024px) 100vw, 1024px\" \/><\/figure>\n\n\n\n<p><\/p>\n\n\n\n<p><\/p>\n","protected":false},"excerpt":{"rendered":"<p>L&#8217;obra s&#8217;emmarca en la 9a edici\u00f3 de LaParetPintada, una iniciativa del Centre d&#8217;Informaci\u00f3 Juvenil (CIJ) de Torrent. La regidora de Joventut, Mar\u00eda Fern\u00e1ndez, ha volgut destacar la import\u00e0ncia d&#8217;aquesta mena de manifestacions art\u00edstiques que posen en valor als artistes locals. Torrent continua convertint-se en una galeria d&#8217;art a peu de carrer amb la posada en [&hellip;]<\/p>\n","protected":false},"author":2,"featured_media":62751,"comment_status":"open","ping_status":"open","sticky":false,"template":"","format":"standard","meta":{"_acf_changed":false,"footnotes":""},"categories":[130,756,140],"tags":[],"class_list":["post-62747","post","type-post","status-publish","format-standard","has-post-thumbnail","hentry","category-juventud-y-deportes-2","category-cultura-noticias-2","category-urbanismo-3"],"acf":[],"_links":{"self":[{"href":"https:\/\/infotorrent.es\/ca\/wp-json\/wp\/v2\/posts\/62747","targetHints":{"allow":["GET"]}}],"collection":[{"href":"https:\/\/infotorrent.es\/ca\/wp-json\/wp\/v2\/posts"}],"about":[{"href":"https:\/\/infotorrent.es\/ca\/wp-json\/wp\/v2\/types\/post"}],"author":[{"embeddable":true,"href":"https:\/\/infotorrent.es\/ca\/wp-json\/wp\/v2\/users\/2"}],"replies":[{"embeddable":true,"href":"https:\/\/infotorrent.es\/ca\/wp-json\/wp\/v2\/comments?post=62747"}],"version-history":[{"count":1,"href":"https:\/\/infotorrent.es\/ca\/wp-json\/wp\/v2\/posts\/62747\/revisions"}],"predecessor-version":[{"id":62750,"href":"https:\/\/infotorrent.es\/ca\/wp-json\/wp\/v2\/posts\/62747\/revisions\/62750"}],"wp:featuredmedia":[{"embeddable":true,"href":"https:\/\/infotorrent.es\/ca\/wp-json\/wp\/v2\/media\/62751"}],"wp:attachment":[{"href":"https:\/\/infotorrent.es\/ca\/wp-json\/wp\/v2\/media?parent=62747"}],"wp:term":[{"taxonomy":"category","embeddable":true,"href":"https:\/\/infotorrent.es\/ca\/wp-json\/wp\/v2\/categories?post=62747"},{"taxonomy":"post_tag","embeddable":true,"href":"https:\/\/infotorrent.es\/ca\/wp-json\/wp\/v2\/tags?post=62747"}],"curies":[{"name":"wp","href":"https:\/\/api.w.org\/{rel}","templated":true}]}}