{"id":62706,"date":"2023-12-19T09:08:58","date_gmt":"2023-12-19T09:08:58","guid":{"rendered":"https:\/\/infotorrent.es\/uncategorized\/torrent-premia-a-la-narrativa-juvenil-y-la-poesia-en-lengua-valenciana\/"},"modified":"2023-12-19T12:38:41","modified_gmt":"2023-12-19T12:38:41","slug":"torrent-premia-a-la-narrativa-juvenil-y-la-poesia-en-lengua-valenciana","status":"publish","type":"post","link":"https:\/\/infotorrent.es\/ca\/cultura-es-2\/torrent-premia-a-la-narrativa-juvenil-y-la-poesia-en-lengua-valenciana\/","title":{"rendered":"La millor la narrativa juvenil i la poesia en llengua valenciana es premien en Torrent"},"content":{"rendered":"\n<p><strong>Josep Vicent Palacios Bellver, amb l&#8217;obra \u201cGerm\u00e0nia: Temps de revolta\u201d, \u00e9s el guanyador de la XXI edici\u00f3 del Premi de Narrativa Juvenil <\/strong><\/p>\n\n\n\n<p><strong>Marisol Gonz\u00e1lez Felip, amb l&#8217;obra<em> \u2018<\/em>Rogles\u2019, va guanyar la XIV edici\u00f3 del Premi de Poesia<\/strong><\/p>\n\n\n\n<p>Torrent va atorgar un any m\u00e9s els seus \u2018Premis Literaris Ciutat de Torrent\u2019, guardons que reconeixen el talent literari en llengua valenciana i que compten amb la col\u00b7laboraci\u00f3 i el suport del Fons Social de Caixa Rural de Torrent i l&#8217;editorial Tabarca. L&#8217;acte de lliurament es va celebrar en la vesprada d&#8217;ahir en la sala d&#8217;actes de l&#8217;Ajuntament, on van ser presents els tres autors premiats en les categories de narrativa juvenil i poesia, al costat de l&#8217;alcaldessa Amparo Folgado i la regidor responsable de l&#8217;\u00e0rea de Dinamitzaci\u00f3 Ling\u00fc\u00edstica, Mar\u00eda \u00c1ngeles Lerma, els qui van fer lliurament dels premis que certifiquen als guanyadors d&#8217;esta edici\u00f3. <\/p>\n\n\n\n<p>Josep Vicent Palacios Bellver, amb l&#8217;obra<em> \u201c<\/em>Germ\u00e0nia: Temps de revolta\u201d ha rebut el guard\u00f3 com a guanyador de la XXI edici\u00f3 del Premi de Narrativa Juvenil, que tamb\u00e9 porta associada una dotaci\u00f3 de 12.000 euros. En eixa mateixa categoria, Josep Us\u00f3 i Ma\u00f1an\u00f3s va resultar finalista amb el seu llibre \u201cN\u00faria\u201d, i rebr\u00e0 un premi per un import de 1.800. Per part seua, en la XIV edici\u00f3 del Premi de Poesia, Marisol Gonz\u00e1lez Felip va ser la guanyadora amb l&#8217;obra &#8220;Rogles&#8221; i tamb\u00e9 va recollir un xec per valor de 3.000 euros. A m\u00e9s, a l&#8217;import econ\u00f2mic que rebran estos tres autors, cal sumar el suport i la difusi\u00f3 de la qual gaudiran les seues obres ja que, gr\u00e0cies a l&#8217;editorial Tabarca, totes elles seran publicades pr\u00f2ximament.<\/p>\n\n\n\n<p>L&#8217;alcaldessa Amparo Folgado va destacar <strong>\u201cel valor literari d&#8217;estos premis, convertits any rere any en referent de la literatura escrita en llengua valenciana. A m\u00e9s promouen i atrauen el talent creatiu i l&#8217;associen al nom de Torrent, demostrant que som una ciutat que mestressa i aprecia la cultura\u201d<\/strong>.<\/p>\n\n\n\n<p><\/p>\n\n\n\n<figure class=\"wp-block-image size-large\"><img fetchpriority=\"high\" decoding=\"async\" width=\"1024\" height=\"682\" src=\"https:\/\/infotorrent.es\/wp-content\/uploads\/2023\/12\/Premis-Literaris-1-1024x682.jpeg\" alt=\"\" class=\"wp-image-62691\" srcset=\"https:\/\/infotorrent.es\/wp-content\/uploads\/2023\/12\/Premis-Literaris-1-1024x682.jpeg 1024w, https:\/\/infotorrent.es\/wp-content\/uploads\/2023\/12\/Premis-Literaris-1-300x200.jpeg 300w, https:\/\/infotorrent.es\/wp-content\/uploads\/2023\/12\/Premis-Literaris-1-768x512.jpeg 768w, https:\/\/infotorrent.es\/wp-content\/uploads\/2023\/12\/Premis-Literaris-1-1536x1023.jpeg 1536w, https:\/\/infotorrent.es\/wp-content\/uploads\/2023\/12\/Premis-Literaris-1.jpeg 1600w\" sizes=\"(max-width: 1024px) 100vw, 1024px\" \/><\/figure>\n\n\n\n<figure class=\"wp-block-image size-large\"><img decoding=\"async\" width=\"1024\" height=\"683\" src=\"https:\/\/infotorrent.es\/wp-content\/uploads\/2023\/12\/Vicent_Palacios_02-1024x683.jpg\" alt=\"\" class=\"wp-image-62693\" srcset=\"https:\/\/infotorrent.es\/wp-content\/uploads\/2023\/12\/Vicent_Palacios_02-1024x683.jpg 1024w, https:\/\/infotorrent.es\/wp-content\/uploads\/2023\/12\/Vicent_Palacios_02-300x200.jpg 300w, https:\/\/infotorrent.es\/wp-content\/uploads\/2023\/12\/Vicent_Palacios_02-768x512.jpg 768w, https:\/\/infotorrent.es\/wp-content\/uploads\/2023\/12\/Vicent_Palacios_02-1536x1024.jpg 1536w, https:\/\/infotorrent.es\/wp-content\/uploads\/2023\/12\/Vicent_Palacios_02.jpg 1620w\" sizes=\"(max-width: 1024px) 100vw, 1024px\" \/><\/figure>\n\n\n\n<figure class=\"wp-block-image size-large\"><img decoding=\"async\" width=\"1024\" height=\"683\" src=\"https:\/\/infotorrent.es\/wp-content\/uploads\/2023\/12\/Marisol-1024x683.jpg\" alt=\"\" class=\"wp-image-62695\" srcset=\"https:\/\/infotorrent.es\/wp-content\/uploads\/2023\/12\/Marisol-1024x683.jpg 1024w, https:\/\/infotorrent.es\/wp-content\/uploads\/2023\/12\/Marisol-300x200.jpg 300w, https:\/\/infotorrent.es\/wp-content\/uploads\/2023\/12\/Marisol-768x512.jpg 768w, https:\/\/infotorrent.es\/wp-content\/uploads\/2023\/12\/Marisol-1536x1024.jpg 1536w, https:\/\/infotorrent.es\/wp-content\/uploads\/2023\/12\/Marisol.jpg 1620w\" sizes=\"(max-width: 1024px) 100vw, 1024px\" \/><\/figure>\n\n\n\n<figure class=\"wp-block-image size-large\"><img loading=\"lazy\" decoding=\"async\" width=\"1024\" height=\"683\" src=\"https:\/\/infotorrent.es\/wp-content\/uploads\/2023\/12\/Marisol-1-1024x683.jpg\" alt=\"\" class=\"wp-image-62697\" srcset=\"https:\/\/infotorrent.es\/wp-content\/uploads\/2023\/12\/Marisol-1-1024x683.jpg 1024w, https:\/\/infotorrent.es\/wp-content\/uploads\/2023\/12\/Marisol-1-300x200.jpg 300w, https:\/\/infotorrent.es\/wp-content\/uploads\/2023\/12\/Marisol-1-768x512.jpg 768w, https:\/\/infotorrent.es\/wp-content\/uploads\/2023\/12\/Marisol-1-1536x1024.jpg 1536w, https:\/\/infotorrent.es\/wp-content\/uploads\/2023\/12\/Marisol-1.jpg 1620w\" sizes=\"(max-width: 1024px) 100vw, 1024px\" \/><\/figure>\n\n\n\n<figure class=\"wp-block-image size-large\"><img loading=\"lazy\" decoding=\"async\" width=\"1024\" height=\"682\" src=\"https:\/\/infotorrent.es\/wp-content\/uploads\/2023\/12\/Premis-Literaris-3-1024x682.jpeg\" alt=\"\" class=\"wp-image-62700\" srcset=\"https:\/\/infotorrent.es\/wp-content\/uploads\/2023\/12\/Premis-Literaris-3-1024x682.jpeg 1024w, https:\/\/infotorrent.es\/wp-content\/uploads\/2023\/12\/Premis-Literaris-3-300x200.jpeg 300w, https:\/\/infotorrent.es\/wp-content\/uploads\/2023\/12\/Premis-Literaris-3-768x512.jpeg 768w, https:\/\/infotorrent.es\/wp-content\/uploads\/2023\/12\/Premis-Literaris-3-1536x1023.jpeg 1536w, https:\/\/infotorrent.es\/wp-content\/uploads\/2023\/12\/Premis-Literaris-3.jpeg 1600w\" sizes=\"(max-width: 1024px) 100vw, 1024px\" \/><\/figure>\n\n\n\n<figure class=\"wp-block-image size-large\"><img loading=\"lazy\" decoding=\"async\" width=\"1024\" height=\"683\" src=\"https:\/\/infotorrent.es\/wp-content\/uploads\/2023\/12\/Vicent-Palacios-1024x683.jpg\" alt=\"\" class=\"wp-image-62702\" srcset=\"https:\/\/infotorrent.es\/wp-content\/uploads\/2023\/12\/Vicent-Palacios-1024x683.jpg 1024w, https:\/\/infotorrent.es\/wp-content\/uploads\/2023\/12\/Vicent-Palacios-300x200.jpg 300w, https:\/\/infotorrent.es\/wp-content\/uploads\/2023\/12\/Vicent-Palacios-768x512.jpg 768w, https:\/\/infotorrent.es\/wp-content\/uploads\/2023\/12\/Vicent-Palacios-1536x1024.jpg 1536w, https:\/\/infotorrent.es\/wp-content\/uploads\/2023\/12\/Vicent-Palacios.jpg 1620w\" sizes=\"(max-width: 1024px) 100vw, 1024px\" \/><\/figure>\n","protected":false},"excerpt":{"rendered":"<p>Josep Vicent Palacios Bellver, amb l&#8217;obra \u201cGerm\u00e0nia: Temps de revolta\u201d, \u00e9s el guanyador de la XXI edici\u00f3 del Premi de Narrativa Juvenil Marisol Gonz\u00e1lez Felip, amb l&#8217;obra \u2018Rogles\u2019, va guanyar la XIV edici\u00f3 del Premi de Poesia Torrent va atorgar un any m\u00e9s els seus \u2018Premis Literaris Ciutat de Torrent\u2019, guardons que reconeixen el talent [&hellip;]<\/p>\n","protected":false},"author":2,"featured_media":62707,"comment_status":"open","ping_status":"open","sticky":false,"template":"","format":"standard","meta":{"_acf_changed":false,"footnotes":""},"categories":[126,132],"tags":[],"class_list":["post-62706","post","type-post","status-publish","format-standard","has-post-thumbnail","hentry","category-cultura-es-2","category-educacion-2"],"acf":[],"_links":{"self":[{"href":"https:\/\/infotorrent.es\/ca\/wp-json\/wp\/v2\/posts\/62706","targetHints":{"allow":["GET"]}}],"collection":[{"href":"https:\/\/infotorrent.es\/ca\/wp-json\/wp\/v2\/posts"}],"about":[{"href":"https:\/\/infotorrent.es\/ca\/wp-json\/wp\/v2\/types\/post"}],"author":[{"embeddable":true,"href":"https:\/\/infotorrent.es\/ca\/wp-json\/wp\/v2\/users\/2"}],"replies":[{"embeddable":true,"href":"https:\/\/infotorrent.es\/ca\/wp-json\/wp\/v2\/comments?post=62706"}],"version-history":[{"count":5,"href":"https:\/\/infotorrent.es\/ca\/wp-json\/wp\/v2\/posts\/62706\/revisions"}],"predecessor-version":[{"id":62743,"href":"https:\/\/infotorrent.es\/ca\/wp-json\/wp\/v2\/posts\/62706\/revisions\/62743"}],"wp:featuredmedia":[{"embeddable":true,"href":"https:\/\/infotorrent.es\/ca\/wp-json\/wp\/v2\/media\/62707"}],"wp:attachment":[{"href":"https:\/\/infotorrent.es\/ca\/wp-json\/wp\/v2\/media?parent=62706"}],"wp:term":[{"taxonomy":"category","embeddable":true,"href":"https:\/\/infotorrent.es\/ca\/wp-json\/wp\/v2\/categories?post=62706"},{"taxonomy":"post_tag","embeddable":true,"href":"https:\/\/infotorrent.es\/ca\/wp-json\/wp\/v2\/tags?post=62706"}],"curies":[{"name":"wp","href":"https:\/\/api.w.org\/{rel}","templated":true}]}}