{"id":62474,"date":"2023-12-12T09:40:38","date_gmt":"2023-12-12T09:40:38","guid":{"rendered":"https:\/\/infotorrent.es\/uncategorized\/torrent-inaugurara-la-exposicion-accesible-la-luz-en-tus-manos-dedicada-a-joaquin-sorolla-en-el-nuevo-espai-sant-gregori\/"},"modified":"2023-12-12T09:48:54","modified_gmt":"2023-12-12T09:48:54","slug":"torrent-inaugurara-la-exposicion-accesible-la-luz-en-tus-manos-dedicada-a-joaquin-sorolla-en-el-nuevo-espai-sant-gregori","status":"publish","type":"post","link":"https:\/\/infotorrent.es\/ca\/cultura-es-2\/torrent-inaugurara-la-exposicion-accesible-la-luz-en-tus-manos-dedicada-a-joaquin-sorolla-en-el-nuevo-espai-sant-gregori\/","title":{"rendered":"Torrent inaugurar\u00e0 l&#8217;exposici\u00f3 accessible &#8220;La luz de tus manos&#8221; dedicada a Joaquim\u00a0Sorolla en el nou\u00a0Espai Sant Gregori"},"content":{"rendered":"\n<h5 class=\"wp-block-heading\">Un dia despr\u00e9s de la inauguraci\u00f3 de les instal\u00b7lacions, albergar\u00e0 una exposici\u00f3 revolucion\u00e0ria i accessible, en la qual els visitants podran tocar les obres de\u00a0Sorolla<\/h5>\n\n\n\n<h5 class=\"wp-block-heading\">Folgado: \u201caquest \u00e9s ja un barri tradicional de Torrent i ha estat oblidat molts anys, amb aquest\u00a0Espai Sant Gregori volem fer gaudir de la cultura als seus ve\u00efns i revitalitzar les compres en el Mercat. La cultura amb aquest nou equip de govern ha d&#8217;arribar a tots els barris i a tots els ve\u00efns\u201d<\/h5>\n\n\n\n<p> Aquest divendres 15 de desembre a les 13 hores, la ciutat de Torrent se submergeix en una experi\u00e8ncia \u00fanica amb la inauguraci\u00f3 de &#8220;La luz de tus manos&#8221;, una exposici\u00f3 revolucion\u00e0ria i accessible dedicada a l&#8217;il\u00b7lustre pintor valenci\u00e0 Joaquim\u00a0Sorolla. Aquest projecte, liderat per l&#8217;equip de\u00a0Maatk Inclusi\u00f3 i amb la col\u00b7laboraci\u00f3 del Grup ONCE i el suport de l&#8217;Ajuntament de Torrent, transforma l&#8217;art en una experi\u00e8ncia t\u00e0ctil i sensorial.<\/p>\n\n\n\n<p>La proposta de\u00a0Maatk Inclusi\u00f3 va m\u00e9s enll\u00e0 de simplement mostrar les obres de\u00a0Sorolla; cerca acostar l&#8217;art a persones amb discapacitat visual, fent que cada pe\u00e7a siga tangible. Les reproduccions exactes de les obres, realitzades en relleu, permeten als visitants tocar i explorar els detalls de l&#8217;obra mestra de\u00a0Sorolla amb les mans. L&#8217;objectiu \u00e9s derrocar barreres i fer que l&#8217;art siga accessible a tots.<\/p>\n\n\n\n<p>Cada obra en l&#8217;exposici\u00f3 ha sigut acuradament adaptada, dividint les composicions per a garantir que cada visitant, independentment de la seua capacitat visual, puga comprendre i gaudir plenament de la pe\u00e7a. A m\u00e9s, per a enriquir l&#8217;experi\u00e8ncia, s&#8217;ha implementat un sistema de suport addicional. Cada obra compta amb un text explicatiu que resumeix el seu significat, oferint una s\u00edntesi de l&#8217;obra. A m\u00e9s, es proporciona un suport auditiu a trav\u00e9s d&#8217;un codi\u00a0QR vinculat a una web, on els visitants poden accedir a guies o explicacions m\u00e9s extenses del contingut. Tamb\u00e9 s&#8217;ha incorporat un\u00a0QR amb llenguatge de signes, assegurant que l&#8217;exposici\u00f3 siga inclusiva per a persones amb diferents tipus de discapacitat.<\/p>\n\n\n\n<p>Despr\u00e9s d&#8217;una reeixida exhibici\u00f3 a Alacant, &#8220;La luz de tus manos&#8221; arriba a Torrent amb la intenci\u00f3 de portar la llum i la m\u00e0gia de\u00a0Sorolla als seus ve\u00efns i ve\u00efnes. A trav\u00e9s del tacte, els visitants podran explorar les platges i escenes dibuixades per\u00a0Sorolla, tot creat amb la destresa de les seues gemmes.<\/p>\n\n\n\n<p><strong>Espai Sant Gregori, Cultura a l&#8217;abast de tots els ve\u00efns dins del mercat<\/strong><\/p>\n\n\n\n<p>L&#8217;exposici\u00f3 estar\u00e0 allotjada en l&#8217;Espai Sant Gregori de Torrent, que s&#8217;inaugurar\u00e0 un dia abans, aquest pr\u00f2xim dijous. Una obra cofinan\u00e7ada per l&#8217;Ajuntament i els fons europeus FEDER. Un espai cultural multifuncional que connecta amb les parades del Mercat Sant Gregori. L&#8217;alcaldessa Amparo Folgado ha destacat que <strong>\u201cdes de l&#8217;Ajuntament de Torrent, volem que la cultura arribe al barri on se situa el Mercat Sant Gregori, la Parr\u00f2quia de la Sagrada Fam\u00edlia i el Centre de Salut Pintor Ribera\u201d.<\/strong><\/p>\n\n\n\n<p>A m\u00e9s, tamb\u00e9 ha assenyalat que<strong> \u201caquest \u00e9s ja un barri tradicional de Torrent i ha estat oblidat molts anys, amb aquest\u00a0Espai Sant Gregori volem fer gaudir de la cultura als seus ve\u00efns i revitalitzar les compres en el Mercat. La cultura amb aquest nou equip de govern ha d&#8217;arribar a tots els barris i a tots els ve\u00efns\u201d.<\/strong><\/p>\n\n\n\n<p>L&#8217;Espai Sant Gregori, que obrir\u00e0 les seues portes un dia despr\u00e9s de la seua inauguraci\u00f3, s&#8217;erigeix com un espai cultural i d&#8217;esdeveniments municipals per al barri, albergant despr\u00e9s de la seua inauguraci\u00f3 una exposici\u00f3 inclusiva i dedicada a\u00a0Sorolla.<\/p>\n\n\n\n<p>Aquest nou cap\u00edtol en la vida cultural de la ciutat cerca no sols il\u00b7luminar a aquest barri de Torrent amb la m\u00e0gia de l&#8217;art, sin\u00f3 tamb\u00e9 inspirar una nova apreciaci\u00f3 i comprensi\u00f3 d&#8217;aquest, sense importar les habilitats sensorials de cada individu.<\/p>\n\n\n\n<p>L&#8217;exposici\u00f3 estar\u00e0 oberta al p\u00fablic des del 15 de desembre fins al 15 de gener, durant l&#8217;horari habitual del Mercat Sant Gregori.<\/p>\n\n\n\n<figure class=\"wp-block-gallery has-nested-images columns-default is-cropped wp-block-gallery-1 is-layout-flex wp-block-gallery-is-layout-flex\">\n<figure class=\"wp-block-image size-large\"><img fetchpriority=\"high\" decoding=\"async\" width=\"703\" height=\"1024\" data-id=\"62470\" src=\"https:\/\/infotorrent.es\/wp-content\/uploads\/2023\/12\/sorolla-2-703x1024.jpeg\" alt=\"\" class=\"wp-image-62470\" srcset=\"https:\/\/infotorrent.es\/wp-content\/uploads\/2023\/12\/sorolla-2-703x1024.jpeg 703w, https:\/\/infotorrent.es\/wp-content\/uploads\/2023\/12\/sorolla-2-206x300.jpeg 206w, https:\/\/infotorrent.es\/wp-content\/uploads\/2023\/12\/sorolla-2-768x1118.jpeg 768w, https:\/\/infotorrent.es\/wp-content\/uploads\/2023\/12\/sorolla-2-1055x1536.jpeg 1055w, https:\/\/infotorrent.es\/wp-content\/uploads\/2023\/12\/sorolla-2.jpeg 1099w\" sizes=\"(max-width: 703px) 100vw, 703px\" \/><\/figure>\n<\/figure>\n","protected":false},"excerpt":{"rendered":"<p>Un dia despr\u00e9s de la inauguraci\u00f3 de les instal\u00b7lacions, albergar\u00e0 una exposici\u00f3 revolucion\u00e0ria i accessible, en la qual els visitants podran tocar les obres de\u00a0Sorolla Folgado: \u201caquest \u00e9s ja un barri tradicional de Torrent i ha estat oblidat molts anys, amb aquest\u00a0Espai Sant Gregori volem fer gaudir de la cultura als seus ve\u00efns i revitalitzar [&hellip;]<\/p>\n","protected":false},"author":2,"featured_media":62478,"comment_status":"open","ping_status":"open","sticky":false,"template":"","format":"standard","meta":{"_acf_changed":false,"footnotes":""},"categories":[126],"tags":[],"class_list":["post-62474","post","type-post","status-publish","format-standard","has-post-thumbnail","hentry","category-cultura-es-2"],"acf":[],"_links":{"self":[{"href":"https:\/\/infotorrent.es\/ca\/wp-json\/wp\/v2\/posts\/62474","targetHints":{"allow":["GET"]}}],"collection":[{"href":"https:\/\/infotorrent.es\/ca\/wp-json\/wp\/v2\/posts"}],"about":[{"href":"https:\/\/infotorrent.es\/ca\/wp-json\/wp\/v2\/types\/post"}],"author":[{"embeddable":true,"href":"https:\/\/infotorrent.es\/ca\/wp-json\/wp\/v2\/users\/2"}],"replies":[{"embeddable":true,"href":"https:\/\/infotorrent.es\/ca\/wp-json\/wp\/v2\/comments?post=62474"}],"version-history":[{"count":1,"href":"https:\/\/infotorrent.es\/ca\/wp-json\/wp\/v2\/posts\/62474\/revisions"}],"predecessor-version":[{"id":62477,"href":"https:\/\/infotorrent.es\/ca\/wp-json\/wp\/v2\/posts\/62474\/revisions\/62477"}],"wp:featuredmedia":[{"embeddable":true,"href":"https:\/\/infotorrent.es\/ca\/wp-json\/wp\/v2\/media\/62478"}],"wp:attachment":[{"href":"https:\/\/infotorrent.es\/ca\/wp-json\/wp\/v2\/media?parent=62474"}],"wp:term":[{"taxonomy":"category","embeddable":true,"href":"https:\/\/infotorrent.es\/ca\/wp-json\/wp\/v2\/categories?post=62474"},{"taxonomy":"post_tag","embeddable":true,"href":"https:\/\/infotorrent.es\/ca\/wp-json\/wp\/v2\/tags?post=62474"}],"curies":[{"name":"wp","href":"https:\/\/api.w.org\/{rel}","templated":true}]}}