{"id":62124,"date":"2023-11-27T12:16:48","date_gmt":"2023-11-27T12:16:48","guid":{"rendered":"https:\/\/infotorrent.es\/uncategorized\/torrent-entregara-un-facsimil-en-la-ultima-conferencia-por-el-775-aniversario-de-la-carta-de-poblament\/"},"modified":"2023-11-27T12:19:30","modified_gmt":"2023-11-27T12:19:30","slug":"torrent-entregara-un-facsimil-en-la-ultima-conferencia-por-el-775-aniversario-de-la-carta-de-poblament","status":"publish","type":"post","link":"https:\/\/infotorrent.es\/ca\/cultura-es-2\/torrent-entregara-un-facsimil-en-la-ultima-conferencia-por-el-775-aniversario-de-la-carta-de-poblament\/","title":{"rendered":"Torrent lliurar\u00e0 un facs\u00edmil en l&#8217;\u00faltima confer\u00e8ncia pel 775 aniversari de la Carta de\u00a0Poblament"},"content":{"rendered":"\n<h5 class=\"wp-block-heading\">La sala d&#8217;actes de l&#8217;Ajuntament, a les 19,30 hores, acollir\u00e0 l&#8217;\u00faltima confer\u00e8ncia del cicle, oferida per Adri\u00e0\u00a0Bes\u00f3. En finalitzar l&#8217;acte es far\u00e0 lliurament de l&#8217;edici\u00f3 especial del llibre amb la reproducci\u00f3 de la carta fundacional<\/h5>\n\n\n\n<p>Dem\u00e0 dimarts, 28 de novembre, Torrent posar\u00e0 punt i final als actes commemoratius de 775 aniversari de la seua Carta de\u00a0Poblament. Ho far\u00e0 amb el regal exclusiu d&#8217;una edici\u00f3 limitada d&#8217;un llibre editat per la delegaci\u00f3 d&#8217;Arxius i Biblioteques de l&#8217;Ajuntament de Torrent. Aquesta edici\u00f3 especial cont\u00e9 la reproducci\u00f3 facs\u00edmil escanejada a gran qualitat de la carta original als primers pobladors de Torrent, la seua traducci\u00f3 i un article del cronista de la ciutat, Pepe Royo, on contextualitza i explica aquest document fundacional.<\/p>\n\n\n\n<p>Aquest llibre ser\u00e0 lliurat a tots els assistents a l&#8217;\u00faltima xarrada del cicle sobre la hist\u00f2ria de Torrent, que durant aquest any s&#8217;ha celebrat en la sala d&#8217;actes de l&#8217;Ajuntament. En aquesta ocasi\u00f3, el cicle de confer\u00e8ncies el tanca Adri\u00e0\u00a0Bes\u00f3, a les 19,30 hores.<\/p>\n\n\n\n<p>Per a celebrar aquesta efem\u00e8ride l&#8217;Ajuntament ja va celebrar dissabte passat una edici\u00f3 m\u00e9s del cicle \u201cRutes del\u00a0Temps\u201d, centrada en la hist\u00f2ria i curiositats de la Torre, aix\u00ed com el passat hospitalari del municipi. A la vesprada va tenir lloc la Gala de lliurament dels XI premis Carta de\u00a0Poblament de Torrent.<\/p>\n\n\n\n<figure class=\"wp-block-gallery has-nested-images columns-default is-cropped wp-block-gallery-1 is-layout-flex wp-block-gallery-is-layout-flex\">\n<figure class=\"wp-block-image size-large\"><img fetchpriority=\"high\" decoding=\"async\" width=\"1024\" height=\"683\" data-id=\"62120\" src=\"https:\/\/infotorrent.es\/wp-content\/uploads\/2023\/11\/carta1-1-1024x683.jpg\" alt=\"\" class=\"wp-image-62120\" srcset=\"https:\/\/infotorrent.es\/wp-content\/uploads\/2023\/11\/carta1-1-1024x683.jpg 1024w, https:\/\/infotorrent.es\/wp-content\/uploads\/2023\/11\/carta1-1-300x200.jpg 300w, https:\/\/infotorrent.es\/wp-content\/uploads\/2023\/11\/carta1-1-768x512.jpg 768w, https:\/\/infotorrent.es\/wp-content\/uploads\/2023\/11\/carta1-1-1536x1024.jpg 1536w, https:\/\/infotorrent.es\/wp-content\/uploads\/2023\/11\/carta1-1.jpg 1620w\" sizes=\"(max-width: 1024px) 100vw, 1024px\" \/><\/figure>\n<\/figure>\n","protected":false},"excerpt":{"rendered":"<p>La sala d&#8217;actes de l&#8217;Ajuntament, a les 19,30 hores, acollir\u00e0 l&#8217;\u00faltima confer\u00e8ncia del cicle, oferida per Adri\u00e0\u00a0Bes\u00f3. En finalitzar l&#8217;acte es far\u00e0 lliurament de l&#8217;edici\u00f3 especial del llibre amb la reproducci\u00f3 de la carta fundacional Dem\u00e0 dimarts, 28 de novembre, Torrent posar\u00e0 punt i final als actes commemoratius de 775 aniversari de la seua Carta [&hellip;]<\/p>\n","protected":false},"author":2,"featured_media":62128,"comment_status":"open","ping_status":"open","sticky":false,"template":"","format":"standard","meta":{"_acf_changed":false,"footnotes":""},"categories":[126],"tags":[],"class_list":["post-62124","post","type-post","status-publish","format-standard","has-post-thumbnail","hentry","category-cultura-es-2"],"acf":[],"_links":{"self":[{"href":"https:\/\/infotorrent.es\/ca\/wp-json\/wp\/v2\/posts\/62124","targetHints":{"allow":["GET"]}}],"collection":[{"href":"https:\/\/infotorrent.es\/ca\/wp-json\/wp\/v2\/posts"}],"about":[{"href":"https:\/\/infotorrent.es\/ca\/wp-json\/wp\/v2\/types\/post"}],"author":[{"embeddable":true,"href":"https:\/\/infotorrent.es\/ca\/wp-json\/wp\/v2\/users\/2"}],"replies":[{"embeddable":true,"href":"https:\/\/infotorrent.es\/ca\/wp-json\/wp\/v2\/comments?post=62124"}],"version-history":[{"count":1,"href":"https:\/\/infotorrent.es\/ca\/wp-json\/wp\/v2\/posts\/62124\/revisions"}],"predecessor-version":[{"id":62127,"href":"https:\/\/infotorrent.es\/ca\/wp-json\/wp\/v2\/posts\/62124\/revisions\/62127"}],"wp:featuredmedia":[{"embeddable":true,"href":"https:\/\/infotorrent.es\/ca\/wp-json\/wp\/v2\/media\/62128"}],"wp:attachment":[{"href":"https:\/\/infotorrent.es\/ca\/wp-json\/wp\/v2\/media?parent=62124"}],"wp:term":[{"taxonomy":"category","embeddable":true,"href":"https:\/\/infotorrent.es\/ca\/wp-json\/wp\/v2\/categories?post=62124"},{"taxonomy":"post_tag","embeddable":true,"href":"https:\/\/infotorrent.es\/ca\/wp-json\/wp\/v2\/tags?post=62124"}],"curies":[{"name":"wp","href":"https:\/\/api.w.org\/{rel}","templated":true}]}}