{"id":61569,"date":"2023-11-09T12:21:05","date_gmt":"2023-11-09T12:21:05","guid":{"rendered":"https:\/\/infotorrent.es\/?p=61569"},"modified":"2023-11-09T12:28:14","modified_gmt":"2023-11-09T12:28:14","slug":"el-jurado-hace-publicos-los-premiados-con-los-carta-de-poblament-de-torrent-2023","status":"publish","type":"post","link":"https:\/\/infotorrent.es\/ca\/cultura-ca\/el-jurado-hace-publicos-los-premiados-con-los-carta-de-poblament-de-torrent-2023\/","title":{"rendered":"El jurat fa p\u00fablics els premiats amb els Carta de \u00a0Poblament de Torrent 2023"},"content":{"rendered":"\n<p><strong>Carmen Romero Mart\u00ed, \u00d3scar Jos\u00e9 Pellicer Valero, la Uni\u00f3 Musical de Torrent, Alberto Jos\u00e9 \u00a0Ses\u00e9 Abad i Cartonatges \u00a0Gamoy rebran els guardons de la ciutat de Torrent<\/strong><\/p>\n\n\n\n<p>L&#8217;Ajuntament de Torrent ha revelat el nom dels premiats en la XI edici\u00f3 dels Premis Carta de \u00a0Poblament, despr\u00e9s de la decisi\u00f3 del jurat que es va reunir ahir tard. Els Carta de \u00a0Poblament s\u00f3n iniciativa que reconeix el treball, esfor\u00e7 i dedicaci\u00f3 de les persones o entitats \u00a0torrentinas que milloren de manera significativa la societat, tant en la seua labor social com professional. Els premiats d&#8217;enguany s\u00f3n Carmen Romero Mart\u00ed, \u00d3scar Jos\u00e9 Pellicer Valero, la Uni\u00f3 Musical de Torrent, Alberto Jos\u00e9\u00a0Ses\u00e9 Abad i Cartonatges \u00a0Gamoy.<\/p>\n\n\n\n<p>L&#8217;alcaldessa de la ciutat, Amparo Folgado ha afirmat que \u201ctots els premiats d&#8217;esta edici\u00f3 s\u00f3n mereixedors del reconeixement de la ciutat de Torrent per la seua traject\u00f2ria professional, per fer m\u00e9s gran el nom de la nostra ciutat i per la seua aportaci\u00f3 a la societat, s\u00f3n un exemple per a tots\u201d. Per part seua, el regidor de Cultura Aitor S\u00e1nchez destaca la import\u00e0ncia d&#8217;estos guardons per a Torrent ja que \u201cs\u00f3n l&#8217;evid\u00e8ncia i la prova que la nostra ciutat \u00e9s un lloc actiu, amb gent que t\u00e9 inquietuds i est\u00e0 disposada a col\u00b7laborar i aportar perqu\u00e8 tota la nostra societat avance i progresse\u201d.<\/p>\n\n\n\n<p>El jurat d&#8217;esta edici\u00f3 est\u00e0 format pel m\u00fasic Jos\u00e9 &nbsp;Ort\u00ed Soriano, nomenat fill predilecte de la ciutat l&#8217;any 1984; el futbolista Pedro Jos\u00e9 L\u00f3pez Mu\u00f1oz, &nbsp;Premi Carta de &nbsp;Poblament 2014 en la modalitat d&#8217;Arts, Lletres i Esports; Mar\u00eda Isabel Mart\u00ednez &nbsp;Esteso, escultora ceramista i presidenta de la Fundaci\u00f3 Isabel &nbsp;FCV; Ana &nbsp;Almerich Chuli\u00e1, enginyera industrial i m\u00e0ster en conservaci\u00f3 del patrimoni arquitect\u00f2nic per la Universitat Polit\u00e8cnica de Val\u00e8ncia; Amparo Fandos Miquel, &nbsp;Premi Carta de &nbsp;Poblament 2012 en la modalitat d&#8217;Arts, Lletres i Esports; i Jos\u00e9 Royo Mart\u00ednez, historiador i cronista oficial de Torrent, que exercir\u00e0 de secretari.<\/p>\n\n\n\n<h5 class=\"wp-block-heading\">Els premiats en esta edici\u00f3 s\u00f3n:<\/h5>\n\n\n\n<p><strong>Categoria Arts, Lletres i Esports: CARMEN ROMERO MART\u00cd<\/strong><\/p>\n\n\n\n<p>Carmen Romero \u00e9s una &nbsp;torrentina, llicenciada en Belles arts per la UPV. La seua experi\u00e8ncia professional \u00e9s molt \u00e0mplia i fructuosa. Va comen\u00e7ar treballant en el taller de l&#8217;escultor &nbsp;torrentino, Vicent Pallard\u00f3, on va comen\u00e7ar a cultivar els fruits del que es dedicaria tota la seua vida, l&#8217;art, i especialment, l&#8217;escultura. Ha exposat en m\u00faltiples ciutats i part de la seua obra est\u00e0 repartida en la Caixa Rural de Torrent, la Fundaci\u00f3 Bancaixa, Sagunt, Picanya, Ajuntament de Val\u00e8ncia, Obra Social d&#8217;Ibercaja a Val\u00e8ncia, Caixa Rural d&#8217;Almendralejo, Associaci\u00f3 &nbsp;Brossart, Escaldes-Andorra, CAM en la &nbsp;Llotgeta a Val\u00e8ncia.<\/p>\n\n\n\n<p>En 2006 va inaugurar a la ciutat de Torrent, l&#8217;escultura \u201cTorre-far\u201d en l&#8217;Avinguda al &nbsp;Vedat i de 6 metres d&#8217;altura, amb els quals Carmen Romero homenatja la Torre de la ciutat. En 2017 va ser seleccionada per a exhibir les seues obres en la Biennal de Flor\u00e8ncia on va acudir per a exhibir les seues escultures. El &nbsp;EMAT de la nostra ciutat tamb\u00e9 ha acollit una exposici\u00f3 seua en la qual va realitzar una retrospectiva de totes les seues obres.<\/p>\n\n\n\n<p><strong>Categoria Ci\u00e8ncia, Tecnologia i Medi Ambient: \u00d3SCAR JOS\u00c9 PELLICER VALERO.<\/strong><\/p>\n\n\n\n<p>\u00d3scar Pellicer \u00e9s un investigador molt jove i candidat en 2023 als Premis Jaume I, presentant una brillant traject\u00f2ria cient\u00edfica. En la seua tesi doctoral proposava l&#8217;\u00fas de la Intel\u00b7lig\u00e8ncia Artificial ( IA) per a analitzar imatges de pr\u00f2stata (resson\u00e0ncia magn\u00e8tica, \u00a0RM i ultrasons, \u00a0US) i millorar aix\u00ed l&#8217;efici\u00e8ncia i precisi\u00f3 en el diagn\u00f2stic, bi\u00f2psia i tractament del c\u00e0ncer de pr\u00f2stata ( CaP), incloent: segmentaci\u00f3 autom\u00e0tica de la pr\u00f2stata, detecci\u00f3 i classificaci\u00f3 autom\u00e0tica de lesions de \u00a0CaP, i registre autom\u00e0tic en \u00a0RM-US. A m\u00e9s, nom\u00e9s durant els seus quatre anys de doctorat ja ha publicat m\u00e9s de 40 contribucions en revistes de prestigi, amb especial recalcament en l&#8217;an\u00e0lisi de dades post- COVID. El seu treball m\u00e9s citat \u00e9s un estudi de 2022 que correlaciona els s\u00edmptomes post- COVID 19 a llarg termini amb el sexe femen\u00ed. En l&#8217;actualitat, a m\u00e9s de projectes de biomedicina, investiga en aplicacions d&#8217;Intel\u00b7lig\u00e8ncia Artificial per a estudiar els efectes del canvi clim\u00e0tic.<\/p>\n\n\n\n<p><strong>Categoria Societat i Conc\u00f2rdia: UNI\u00d3 MUSICAL DE TORRENT.<\/strong><\/p>\n\n\n\n<p>La Uni\u00f3 Musical de Torrent, fundada en 1973 ha complit els seus 50 anys, fruit de la fusi\u00f3 de la Banda del Patronat de Joventuts Obreres de 1948 i de la Societat Musical La Cl\u00e0ssica de 1965. Des de llavors, m\u00e9s de 400 concerts, actuant en sales importants com la Sala Mozart de Saragossa, i participant en m\u00e9s de 60 festivals per tota la geografia espanyola. Com a discografia, compte en el seu haver amb la gravaci\u00f3 d&#8217;un single i dos LP\u2019s de m\u00fasica valenciana. Com a efem\u00e8rides m\u00e9s destacades es ressalta la participaci\u00f3 freq\u00fcent en el Certamen Internacional de Bandes de M\u00fasica \u201c Ciutat de Val\u00e8ncia\u201d, obtenint 6 primers premis en la Secci\u00f3 d&#8217;Honor i altres primers premis en la Secci\u00f3 Especial B. En 2015 aconsegueix fer hist\u00f2ria en el Certamen Internacional \u201cVila d\u2019Altea\u201d aconseguint la m\u00e0xima puntuaci\u00f3 fins al moment.<\/p>\n\n\n\n<p>Enguany ha fet hist\u00f2ria en obtindre el Primer Premi de la Secci\u00f3 d&#8217;Honor del 135 Certamen Internacional de Bandes de M\u00fasica \u201c Ciutat de Val\u00e8ncia\u201d, el primer premi a Millor Interpretaci\u00f3 d&#8217;Obra Lliure, el primer premi Solista de Metall, que va rebre Ra\u00fal Junquera, i el premi a Millor Banda de la Comunitat Valenciana<\/p>\n\n\n\n<p>La &nbsp;UMT \u00e9s una entitat difusora de cultura a la ciutat de Torrent, indispensable en els seus actes festius i compta amb uns 400 alumnes a la seua escola. Col\u00b7labora habitualment amb entitats ben\u00e8fiques de Torrent i \u00e9s l&#8217;origen de grans m\u00fasics que han portat el nom de Torrent per tot el m\u00f3n.<\/p>\n\n\n\n<h5 class=\"wp-block-heading\">Categoria Traject\u00f2ria Professional:<\/h5>\n\n\n\n<p><strong>ALBERTO JOS\u00c9 \u00a0SES\u00c9 ABAD<\/strong><\/p>\n\n\n\n<p>Alberto &nbsp;Ses\u00e9 ( MD i &nbsp;PhD) \u00e9s Catedr\u00e0tic del Departament de Psicologia de la Universitat de les Illes Balears (UIB). Ha ocupat diversos c\u00e0rrecs acad\u00e8mics entre els quals destaca haver sigut Deg\u00e0 de la Facultat. La seua \u00e0rea acad\u00e8mica \u00e9s la Metodologia de les Ci\u00e8ncies del Comportament, Socials i de la Salut; espec\u00edficament, Psicometria.<\/p>\n\n\n\n<p>Ses\u00e9 imparteix doc\u00e8ncia a nivell de Grau, M\u00e0ster i Doctorat en assignatures relacionades amb l&#8217;estad\u00edstica avan\u00e7ada, fonaments dels dissenys metodol\u00f2gics, i per descomptat, psicometria b\u00e0sica avan\u00e7ada.<\/p>\n\n\n\n<p>Ha obtingut diferents premis al llarg de la seua carrera entre els quals destaquen el tercer Premi Nacional en Psicologia en 1995, el premi extraordinari de doctorat en 2004. Tamb\u00e9 ha rebut el premi internacional d&#8217;investigaci\u00f3 \u2018 Early \u00a0Career \u00a0Award \u00a0of \u00a0the \u00a0Stress \u00a0and \u00a0Anxiety \u00a0Research \u00a0Society ( STAR)\u2019. Recentment ha estat nominat a millor psic\u00f2leg d&#8217;Espanya de l&#8217;any 2016. Tamb\u00e9 ostenta el \u00a0STAR \u00a0Lifetime \u00a0Career Award atorgat al juliol de 2020.<\/p>\n\n\n\n<p>La seua dedicaci\u00f3 actual se centra en l&#8217;estudi de l&#8217;ansietat i l&#8217;acompliment en el context educatiu, a la pr\u00e0ctica basada en l&#8217;evid\u00e8ncia en Psicologia, als riscos laborals i al consum de drogues per part dels adolescents.<\/p>\n\n\n\n<p>Alberto &nbsp;Ses\u00e9 \u00e9s &nbsp;Past &nbsp;President de la &nbsp;STAR, president de la &nbsp;European &nbsp;Association &nbsp;of &nbsp;Methodology &nbsp;of &nbsp;Behavioral &nbsp;Sciences ( EAM) i membre de la &nbsp;International Test &nbsp;Commission i la Royal &nbsp;Psychometric &nbsp;Society.<\/p>\n\n\n\n<p><strong>CARTONATGES \u00a0GAMOY<\/strong><\/p>\n\n\n\n<p>Gamoy S.L. est\u00e0 fundada al novembre de 1982 per \u00a0Froil\u00e1n Moya, Juan Garc\u00eda i Jos\u00e9 Ros, iniciant la seua activitat com a fabricant d&#8217;embalatges de cart\u00f3 senzills. En els seus inicis, van comen\u00e7ar en una xicoteta nau industrial de 700m2 a Picanya i una plantilla de nom\u00e9s 7 empleats.<\/p>\n\n\n\n<p>Quatre d\u00e8cades despr\u00e9s, s&#8217;ha convertit en una potent companyia de fabricaci\u00f3 d&#8217;embalatges de cart\u00f3 ondulat, amb un creixement basat en la innovaci\u00f3 i la incorporaci\u00f3 de nova tecnologia per a fer front als constants canvis en un sector en cont\u00ednua transformaci\u00f3 i amb una gran concentraci\u00f3 de grans grups empresarials. En 1991 s&#8217;incorpora Diego Revert i naix el Grup d&#8217;Empreses ONDUMED, amb la matriu \u00a0Gamoy, aconseguint un cicle integral: Ondulat, Confecci\u00f3 i Distribuci\u00f3, cobrint tot l&#8217;\u00e0mbit nacional. El seu negoci est\u00e0 focalitzat en l&#8217;elaboraci\u00f3 d&#8217;envasos xicotets de diversos sistemes de muntatge fins a grans embalatges per a productes de gran volum. Aix\u00ed, entre els seus clients hi ha grans companyies del sector cer\u00e0mic i de l&#8217;alimentaci\u00f3 com \u00a0Grefusa, C\u00e1rnicas Serrano o Rosegue Grup, entre altres.<\/p>\n\n\n\n<p>En l&#8217;actualitat, les seues instal\u00b7lacions en el Pol\u00edgon Industrial Mes del &nbsp;Jutge, compta amb una superf\u00edcie en propietat de 18.000 m\u00b2 i una reserva de s\u00f2l de 8. 000m2 per a futures ampliacions. La seua plantilla \u00e9s de 110 empleats qualificats i ha aconseguit una facturaci\u00f3 en 2022 de 40 milions d&#8217;euros. Morts recentment &nbsp;Froil\u00e1n Moya i Juan Garc\u00eda, el grup continua el seu desenvolupament liderat pels seus descendents i per Jos\u00e9 Ros &nbsp;Ll\u00f3pes.<\/p>\n\n\n\n<p>Cartonatges &nbsp;Gamoy ha resistit tota classe de crisi en un dels sectors que ha sigut dels m\u00e9s potents a Torrent i malgrat la concentraci\u00f3 d&#8217;empreses i grans multinacionals, continuen tenint clar que la independ\u00e8ncia i tradici\u00f3 familiar forma part del seu ADN.<\/p>\n\n\n\n<figure class=\"wp-block-image size-large\"><img fetchpriority=\"high\" decoding=\"async\" width=\"1024\" height=\"683\" src=\"https:\/\/infotorrent.es\/wp-content\/uploads\/2023\/11\/Carta_Poblament-1024x683.jpg\" alt=\"\" class=\"wp-image-61570\" srcset=\"https:\/\/infotorrent.es\/wp-content\/uploads\/2023\/11\/Carta_Poblament-1024x683.jpg 1024w, https:\/\/infotorrent.es\/wp-content\/uploads\/2023\/11\/Carta_Poblament-300x200.jpg 300w, https:\/\/infotorrent.es\/wp-content\/uploads\/2023\/11\/Carta_Poblament-768x512.jpg 768w, https:\/\/infotorrent.es\/wp-content\/uploads\/2023\/11\/Carta_Poblament-1536x1024.jpg 1536w, https:\/\/infotorrent.es\/wp-content\/uploads\/2023\/11\/Carta_Poblament.jpg 1620w\" sizes=\"(max-width: 1024px) 100vw, 1024px\" \/><\/figure>\n","protected":false},"excerpt":{"rendered":"<p>Carmen Romero Mart\u00ed, \u00d3scar Jos\u00e9 Pellicer Valero, la Uni\u00f3 Musical de Torrent, Alberto Jos\u00e9 \u00a0Ses\u00e9 Abad i Cartonatges \u00a0Gamoy rebran els guardons de la ciutat de Torrent L&#8217;Ajuntament de Torrent ha revelat el nom dels premiats en la XI edici\u00f3 dels Premis Carta de \u00a0Poblament, despr\u00e9s de la decisi\u00f3 del jurat que es va reunir [&hellip;]<\/p>\n","protected":false},"author":2,"featured_media":61570,"comment_status":"open","ping_status":"open","sticky":false,"template":"","format":"standard","meta":{"_acf_changed":false,"footnotes":""},"categories":[1132],"tags":[],"class_list":["post-61569","post","type-post","status-publish","format-standard","has-post-thumbnail","hentry","category-cultura-ca"],"acf":[],"_links":{"self":[{"href":"https:\/\/infotorrent.es\/ca\/wp-json\/wp\/v2\/posts\/61569","targetHints":{"allow":["GET"]}}],"collection":[{"href":"https:\/\/infotorrent.es\/ca\/wp-json\/wp\/v2\/posts"}],"about":[{"href":"https:\/\/infotorrent.es\/ca\/wp-json\/wp\/v2\/types\/post"}],"author":[{"embeddable":true,"href":"https:\/\/infotorrent.es\/ca\/wp-json\/wp\/v2\/users\/2"}],"replies":[{"embeddable":true,"href":"https:\/\/infotorrent.es\/ca\/wp-json\/wp\/v2\/comments?post=61569"}],"version-history":[{"count":4,"href":"https:\/\/infotorrent.es\/ca\/wp-json\/wp\/v2\/posts\/61569\/revisions"}],"predecessor-version":[{"id":61582,"href":"https:\/\/infotorrent.es\/ca\/wp-json\/wp\/v2\/posts\/61569\/revisions\/61582"}],"wp:featuredmedia":[{"embeddable":true,"href":"https:\/\/infotorrent.es\/ca\/wp-json\/wp\/v2\/media\/61570"}],"wp:attachment":[{"href":"https:\/\/infotorrent.es\/ca\/wp-json\/wp\/v2\/media?parent=61569"}],"wp:term":[{"taxonomy":"category","embeddable":true,"href":"https:\/\/infotorrent.es\/ca\/wp-json\/wp\/v2\/categories?post=61569"},{"taxonomy":"post_tag","embeddable":true,"href":"https:\/\/infotorrent.es\/ca\/wp-json\/wp\/v2\/tags?post=61569"}],"curies":[{"name":"wp","href":"https:\/\/api.w.org\/{rel}","templated":true}]}}