{"id":61495,"date":"2023-11-08T12:18:03","date_gmt":"2023-11-08T12:18:03","guid":{"rendered":"https:\/\/infotorrent.es\/uncategorized\/retirados-mas-de-3-000-kg-de-tierra-y-residuos-del-cami-de-tizon-y-el-cami-de-santo-domingo\/"},"modified":"2023-11-08T12:22:04","modified_gmt":"2023-11-08T12:22:04","slug":"retirados-mas-de-3-000-kg-de-tierra-y-residuos-del-cami-de-tizon-y-el-cami-de-santo-domingo","status":"publish","type":"post","link":"https:\/\/infotorrent.es\/ca\/gestio-ciutat\/retirados-mas-de-3-000-kg-de-tierra-y-residuos-del-cami-de-tizon-y-el-cami-de-santo-domingo\/","title":{"rendered":"Retirats m\u00e9s de 3.000 kg de terra i residus del\u00a0Cam\u00ed de Tiz\u00f3n i el\u00a0Cam\u00ed de Santo Domingo"},"content":{"rendered":"\n<h5 class=\"wp-block-heading\">Els operaris de l&#8217;Ajuntament de Torrent han intensificat en les \u00faltimes hores les tasques d&#8217;adequaci\u00f3 i neteja dels camins del terme<\/h5>\n\n\n\n<p> L&#8217;Ajuntament de Torrent ha intensificat en les \u00faltimes hores les tasques d&#8217;adequaci\u00f3 i neteja dels camins del terme municipal, en ordre amb la pol\u00edtica de l&#8217;Equip de Govern de refor\u00e7ar el manteniment d&#8217;aquestes vies per a preservar-les en bon estat i garantir, aix\u00ed, la seguretat dels ve\u00efns al seu pas per aquestes.<\/p>\n\n\n\n<p>En aquesta l\u00ednia, els operaris del consistori han escom\u00e8s la retirada de m\u00e9s de 3.000 quilos de terra i residus varis de les cunetes del\u00a0Cam\u00ed de Tiz\u00f3n -tamb\u00e9 conegut com a cam\u00ed de\u00a0Calicanto- i el\u00a0Cam\u00ed de Santo Domingo, evitant que es produ\u00efsquen inundacions en la via en cas de pluges, aix\u00ed com el conseg\u00fcent desgast del paviment que provoquen.<\/p>\n\n\n\n<p><strong>\u201cAmb aquestes actuacions estarem preparats davant l&#8217;arribada de les precipitacions tardorenques, ja que les cunetes, buidades i netes, facilitaran el pas de l&#8217;aigua i aquesta no s&#8217;acumular\u00e0 fins al punt d&#8217;inundar el cam\u00ed<\/strong>\u201d, explica el regidor de Medi Ambient, Jos\u00e9 Francisco\u00a0Gozalvo, qui tamb\u00e9 destaca que <strong>\u201cfeia anys que no es feien aquests treballs en alguns punts del terme, acumulant-se, d&#8217;aquesta manera, tones de terra i residus. Per esta ra\u00f3, era d&#8217;imperiosa necessitat que ens pos\u00e0rem a la feina per a evitar situacions que pogueren derivar en un perill real per a la nostra ciutadania\u201d.<\/strong><\/p>\n\n\n\n<figure class=\"wp-block-gallery has-nested-images columns-default is-cropped wp-block-gallery-1 is-layout-flex wp-block-gallery-is-layout-flex\">\n<figure class=\"wp-block-image size-large\"><img fetchpriority=\"high\" decoding=\"async\" width=\"1024\" height=\"768\" data-id=\"61491\" src=\"https:\/\/infotorrent.es\/wp-content\/uploads\/2023\/11\/caminos-5-1024x768.jpeg\" alt=\"\" class=\"wp-image-61491\" srcset=\"https:\/\/infotorrent.es\/wp-content\/uploads\/2023\/11\/caminos-5-1024x768.jpeg 1024w, https:\/\/infotorrent.es\/wp-content\/uploads\/2023\/11\/caminos-5-300x225.jpeg 300w, https:\/\/infotorrent.es\/wp-content\/uploads\/2023\/11\/caminos-5-768x576.jpeg 768w, https:\/\/infotorrent.es\/wp-content\/uploads\/2023\/11\/caminos-5-1536x1152.jpeg 1536w, https:\/\/infotorrent.es\/wp-content\/uploads\/2023\/11\/caminos-5.jpeg 2000w\" sizes=\"(max-width: 1024px) 100vw, 1024px\" \/><\/figure>\n\n\n\n<figure class=\"wp-block-image size-large\"><img decoding=\"async\" width=\"1024\" height=\"768\" data-id=\"61487\" src=\"https:\/\/infotorrent.es\/wp-content\/uploads\/2023\/11\/caminos-3-1024x768.jpeg\" alt=\"\" class=\"wp-image-61487\" srcset=\"https:\/\/infotorrent.es\/wp-content\/uploads\/2023\/11\/caminos-3-1024x768.jpeg 1024w, https:\/\/infotorrent.es\/wp-content\/uploads\/2023\/11\/caminos-3-300x225.jpeg 300w, https:\/\/infotorrent.es\/wp-content\/uploads\/2023\/11\/caminos-3-768x576.jpeg 768w, https:\/\/infotorrent.es\/wp-content\/uploads\/2023\/11\/caminos-3-1536x1152.jpeg 1536w, https:\/\/infotorrent.es\/wp-content\/uploads\/2023\/11\/caminos-3.jpeg 1600w\" sizes=\"(max-width: 1024px) 100vw, 1024px\" \/><\/figure>\n\n\n\n<figure class=\"wp-block-image size-large\"><img decoding=\"async\" width=\"1024\" height=\"768\" data-id=\"61485\" src=\"https:\/\/infotorrent.es\/wp-content\/uploads\/2023\/11\/caminos-2-1024x768.jpeg\" alt=\"\" class=\"wp-image-61485\" srcset=\"https:\/\/infotorrent.es\/wp-content\/uploads\/2023\/11\/caminos-2-1024x768.jpeg 1024w, https:\/\/infotorrent.es\/wp-content\/uploads\/2023\/11\/caminos-2-300x225.jpeg 300w, https:\/\/infotorrent.es\/wp-content\/uploads\/2023\/11\/caminos-2-768x576.jpeg 768w, https:\/\/infotorrent.es\/wp-content\/uploads\/2023\/11\/caminos-2-1536x1152.jpeg 1536w, https:\/\/infotorrent.es\/wp-content\/uploads\/2023\/11\/caminos-2.jpeg 1600w\" sizes=\"(max-width: 1024px) 100vw, 1024px\" \/><\/figure>\n\n\n\n<figure class=\"wp-block-image size-large\"><img loading=\"lazy\" decoding=\"async\" width=\"1024\" height=\"768\" data-id=\"61489\" src=\"https:\/\/infotorrent.es\/wp-content\/uploads\/2023\/11\/caminos-4-1024x768.jpeg\" alt=\"\" class=\"wp-image-61489\" srcset=\"https:\/\/infotorrent.es\/wp-content\/uploads\/2023\/11\/caminos-4-1024x768.jpeg 1024w, https:\/\/infotorrent.es\/wp-content\/uploads\/2023\/11\/caminos-4-300x225.jpeg 300w, https:\/\/infotorrent.es\/wp-content\/uploads\/2023\/11\/caminos-4-768x576.jpeg 768w, https:\/\/infotorrent.es\/wp-content\/uploads\/2023\/11\/caminos-4-1536x1152.jpeg 1536w, https:\/\/infotorrent.es\/wp-content\/uploads\/2023\/11\/caminos-4.jpeg 2000w\" sizes=\"(max-width: 1024px) 100vw, 1024px\" \/><\/figure>\n<\/figure>\n","protected":false},"excerpt":{"rendered":"<p>Els operaris de l&#8217;Ajuntament de Torrent han intensificat en les \u00faltimes hores les tasques d&#8217;adequaci\u00f3 i neteja dels camins del terme L&#8217;Ajuntament de Torrent ha intensificat en les \u00faltimes hores les tasques d&#8217;adequaci\u00f3 i neteja dels camins del terme municipal, en ordre amb la pol\u00edtica de l&#8217;Equip de Govern de refor\u00e7ar el manteniment d&#8217;aquestes vies [&hellip;]<\/p>\n","protected":false},"author":2,"featured_media":61499,"comment_status":"open","ping_status":"open","sticky":false,"template":"","format":"standard","meta":{"_acf_changed":false,"footnotes":""},"categories":[155],"tags":[],"class_list":["post-61495","post","type-post","status-publish","format-standard","has-post-thumbnail","hentry","category-gestio-ciutat"],"acf":[],"_links":{"self":[{"href":"https:\/\/infotorrent.es\/ca\/wp-json\/wp\/v2\/posts\/61495","targetHints":{"allow":["GET"]}}],"collection":[{"href":"https:\/\/infotorrent.es\/ca\/wp-json\/wp\/v2\/posts"}],"about":[{"href":"https:\/\/infotorrent.es\/ca\/wp-json\/wp\/v2\/types\/post"}],"author":[{"embeddable":true,"href":"https:\/\/infotorrent.es\/ca\/wp-json\/wp\/v2\/users\/2"}],"replies":[{"embeddable":true,"href":"https:\/\/infotorrent.es\/ca\/wp-json\/wp\/v2\/comments?post=61495"}],"version-history":[{"count":1,"href":"https:\/\/infotorrent.es\/ca\/wp-json\/wp\/v2\/posts\/61495\/revisions"}],"predecessor-version":[{"id":61498,"href":"https:\/\/infotorrent.es\/ca\/wp-json\/wp\/v2\/posts\/61495\/revisions\/61498"}],"wp:featuredmedia":[{"embeddable":true,"href":"https:\/\/infotorrent.es\/ca\/wp-json\/wp\/v2\/media\/61499"}],"wp:attachment":[{"href":"https:\/\/infotorrent.es\/ca\/wp-json\/wp\/v2\/media?parent=61495"}],"wp:term":[{"taxonomy":"category","embeddable":true,"href":"https:\/\/infotorrent.es\/ca\/wp-json\/wp\/v2\/categories?post=61495"},{"taxonomy":"post_tag","embeddable":true,"href":"https:\/\/infotorrent.es\/ca\/wp-json\/wp\/v2\/tags?post=61495"}],"curies":[{"name":"wp","href":"https:\/\/api.w.org\/{rel}","templated":true}]}}