{"id":61427,"date":"2023-11-03T12:02:37","date_gmt":"2023-11-03T12:02:37","guid":{"rendered":"https:\/\/infotorrent.es\/uncategorized\/folgado-y-el-conseller-aguirre-estudian-las-mejores-opciones-para-los-agricultores-de-torrent\/"},"modified":"2023-11-03T12:08:20","modified_gmt":"2023-11-03T12:08:20","slug":"folgado-y-el-conseller-aguirre-estudian-las-mejores-opciones-para-los-agricultores-de-torrent","status":"publish","type":"post","link":"https:\/\/infotorrent.es\/ca\/gestio-de-recursos-i-modernitzacio\/folgado-y-el-conseller-aguirre-estudian-las-mejores-opciones-para-los-agricultores-de-torrent\/","title":{"rendered":"Folgado i el conseller Aguirre estudien les millors opcions per als agricultors de Torrent"},"content":{"rendered":"\n<h5 class=\"wp-block-heading\">En la reuni\u00f3 celebrada dimarts passat tamb\u00e9 van participar el 2n tinent d&#8217;alcalde, Guillermo Alonso del Real, i el delegat de Medi Ambient, Jos\u00e9\u00a0Gozalvo<\/h5>\n\n\n\n<h5 class=\"wp-block-heading\">Alguns dels assumptes que es van tractar van ser la implantaci\u00f3 del nou quadern digital d&#8217;explotaci\u00f3 agr\u00edcola, la connexi\u00f3 de la xarxa de reg amb l&#8217;aigua de la depuradora o la recuperaci\u00f3 dels camins rurals, entre altres<\/h5>\n\n\n\n<p>L&#8217;alcaldessa Amparo Folgado es va donar cita dimarts passat amb el conseller d&#8217;Agricultura, Jos\u00e9 Lu\u00eds Aguirre, per a abordar alguns temes d&#8217;inter\u00e8s en l&#8217;\u00e0mbit rural, com la implantaci\u00f3 del quadern de camp digital, l&#8217;\u00fas d&#8217;aigua de la depuradora per al reg agr\u00edcola, la millora dels camins del terme o la posada a la disposici\u00f3 del Consell\u00a0Agrari per a tasques de formaci\u00f3. En la reuni\u00f3, en la qual tamb\u00e9 van participar el 2n tinent d&#8217;alcalde, Guillermo Alonso del Real, i el delegat de Medi Ambient, Jos\u00e9\u00a0Gozalvo, es van tractar altres assumptes com el desenvolupament rural, el paper de la dona o la promoci\u00f3 de la ind\u00fastria xocolatera\u00a0torrentina, tal com es va informar el mateix dimarts despr\u00e9s de la finalitzaci\u00f3 de la trobada.<\/p>\n\n\n\n<p>Un dels principals temes sobre la taula va ser el de l&#8217;entrada en vigor del nou quadern digital d&#8217;explotaci\u00f3 agr\u00edcola. Aquest registre ser\u00e0 obligatori per a aquells agricultors amb m\u00e9s de 5 hect\u00e0rees i, en aquest, hauran de quedar reflectits tots els tractaments realitzats, aix\u00ed com els productes emprats i q\u00fcestions d&#8217;una altra \u00edndole. No obstant aix\u00f2, aix\u00f2 presenta un problema ineludible hui dia, pel fet que la gran majoria d&#8217;agricultors supera els 60 anys.<\/p>\n\n\n\n<p><strong>\u201cLa bretxa digital en aquestes edats \u00e9s un problema generalitzat en la nostra societat i, si la persona en q\u00fcesti\u00f3 no t\u00e9 les habilitats necess\u00e0ries per a fer \u00fas del quadern, haur\u00e0 d&#8217;encomanar la gesti\u00f3 a una altra persona, la qual cosa li suposar\u00e0 un sobrecost\u201d<\/strong>, explica Folgado, qui tamb\u00e9 remarca que <strong>\u201cestem treballant en estret contacte amb el Consell per a cercar solucions a aquesta problem\u00e0tica i oferir una alternativa als nostres ciutadans. El conseller Aguirre ens ha transm\u00e8s que est\u00e0 al corrent de la situaci\u00f3 i t\u00e9 en compte les nostres consideracions, per la qual cosa elevar\u00e0 aquest problema al Ministeri\u201d.<\/strong><\/p>\n\n\n\n<p>Igualment, des del consistori\u00a0torrent\u00ed es va traslladar la necessitat d&#8217;utilitzar aigua de la depuradora per al reg agr\u00edcola, en vistes de la situaci\u00f3 actual. No obstant aix\u00f2, primerament, s&#8217;han de construir les estructures necess\u00e0ries per a connectar la xarxa de reg amb la depuradora,  projecte que es continuar\u00e0 perfilant en els pr\u00f2xims mesos. Respecte a la recuperaci\u00f3 dels camins rurals del terme, en la reuni\u00f3 es van estudiar les diferents opcions per a finan\u00e7ar la renovaci\u00f3 de les vies i la millora de la comunicaci\u00f3 amb camps i disseminats, com el\u00a0Cam\u00ed de la mala puj\u00e0, donat el mal estat en el qual es troben des de fa anys. Finalment, l&#8217;Ajuntament de Torrent va posar a la disposici\u00f3 de la Conselleria les instal\u00b7lacions del Consell\u00a0Agrari per a realitzar xarrades i cursos formatius per a agricultors de tota la comarca.<\/p>\n\n\n\n<figure class=\"wp-block-gallery has-nested-images columns-default is-cropped wp-block-gallery-1 is-layout-flex wp-block-gallery-is-layout-flex\">\n<figure class=\"wp-block-image size-large\"><img fetchpriority=\"high\" decoding=\"async\" width=\"1024\" height=\"768\" data-id=\"61421\" src=\"https:\/\/infotorrent.es\/wp-content\/uploads\/2023\/11\/conseller-Aguirre-4.jpeg\" alt=\"\" class=\"wp-image-61421\" srcset=\"https:\/\/infotorrent.es\/wp-content\/uploads\/2023\/11\/conseller-Aguirre-4.jpeg 1024w, https:\/\/infotorrent.es\/wp-content\/uploads\/2023\/11\/conseller-Aguirre-4-300x225.jpeg 300w, https:\/\/infotorrent.es\/wp-content\/uploads\/2023\/11\/conseller-Aguirre-4-768x576.jpeg 768w\" sizes=\"(max-width: 1024px) 100vw, 1024px\" \/><\/figure>\n\n\n\n<figure class=\"wp-block-image size-large\"><img decoding=\"async\" width=\"1024\" height=\"768\" data-id=\"61417\" src=\"https:\/\/infotorrent.es\/wp-content\/uploads\/2023\/11\/conseller-Aguirre.jpeg\" alt=\"\" class=\"wp-image-61417\" srcset=\"https:\/\/infotorrent.es\/wp-content\/uploads\/2023\/11\/conseller-Aguirre.jpeg 1024w, https:\/\/infotorrent.es\/wp-content\/uploads\/2023\/11\/conseller-Aguirre-300x225.jpeg 300w, https:\/\/infotorrent.es\/wp-content\/uploads\/2023\/11\/conseller-Aguirre-768x576.jpeg 768w\" sizes=\"(max-width: 1024px) 100vw, 1024px\" \/><\/figure>\n\n\n\n<figure class=\"wp-block-image size-large\"><img decoding=\"async\" width=\"1024\" height=\"768\" data-id=\"61419\" src=\"https:\/\/infotorrent.es\/wp-content\/uploads\/2023\/11\/conseller-Aguirre-2.jpeg\" alt=\"\" class=\"wp-image-61419\" srcset=\"https:\/\/infotorrent.es\/wp-content\/uploads\/2023\/11\/conseller-Aguirre-2.jpeg 1024w, https:\/\/infotorrent.es\/wp-content\/uploads\/2023\/11\/conseller-Aguirre-2-300x225.jpeg 300w, https:\/\/infotorrent.es\/wp-content\/uploads\/2023\/11\/conseller-Aguirre-2-768x576.jpeg 768w\" sizes=\"(max-width: 1024px) 100vw, 1024px\" \/><\/figure>\n\n\n\n<figure class=\"wp-block-image size-large\"><img loading=\"lazy\" decoding=\"async\" width=\"1024\" height=\"768\" data-id=\"61423\" src=\"https:\/\/infotorrent.es\/wp-content\/uploads\/2023\/11\/conseller-Aguirre-3.jpeg\" alt=\"\" class=\"wp-image-61423\" srcset=\"https:\/\/infotorrent.es\/wp-content\/uploads\/2023\/11\/conseller-Aguirre-3.jpeg 1024w, https:\/\/infotorrent.es\/wp-content\/uploads\/2023\/11\/conseller-Aguirre-3-300x225.jpeg 300w, https:\/\/infotorrent.es\/wp-content\/uploads\/2023\/11\/conseller-Aguirre-3-768x576.jpeg 768w\" sizes=\"(max-width: 1024px) 100vw, 1024px\" \/><\/figure>\n<\/figure>\n","protected":false},"excerpt":{"rendered":"<p>En la reuni\u00f3 celebrada dimarts passat tamb\u00e9 van participar el 2n tinent d&#8217;alcalde, Guillermo Alonso del Real, i el delegat de Medi Ambient, Jos\u00e9\u00a0Gozalvo Alguns dels assumptes que es van tractar van ser la implantaci\u00f3 del nou quadern digital d&#8217;explotaci\u00f3 agr\u00edcola, la connexi\u00f3 de la xarxa de reg amb l&#8217;aigua de la depuradora o la [&hellip;]<\/p>\n","protected":false},"author":2,"featured_media":61428,"comment_status":"open","ping_status":"open","sticky":false,"template":"","format":"standard","meta":{"_acf_changed":false,"footnotes":""},"categories":[145],"tags":[],"class_list":["post-61427","post","type-post","status-publish","format-standard","has-post-thumbnail","hentry","category-gestio-de-recursos-i-modernitzacio"],"acf":[],"_links":{"self":[{"href":"https:\/\/infotorrent.es\/ca\/wp-json\/wp\/v2\/posts\/61427","targetHints":{"allow":["GET"]}}],"collection":[{"href":"https:\/\/infotorrent.es\/ca\/wp-json\/wp\/v2\/posts"}],"about":[{"href":"https:\/\/infotorrent.es\/ca\/wp-json\/wp\/v2\/types\/post"}],"author":[{"embeddable":true,"href":"https:\/\/infotorrent.es\/ca\/wp-json\/wp\/v2\/users\/2"}],"replies":[{"embeddable":true,"href":"https:\/\/infotorrent.es\/ca\/wp-json\/wp\/v2\/comments?post=61427"}],"version-history":[{"count":1,"href":"https:\/\/infotorrent.es\/ca\/wp-json\/wp\/v2\/posts\/61427\/revisions"}],"predecessor-version":[{"id":61430,"href":"https:\/\/infotorrent.es\/ca\/wp-json\/wp\/v2\/posts\/61427\/revisions\/61430"}],"wp:featuredmedia":[{"embeddable":true,"href":"https:\/\/infotorrent.es\/ca\/wp-json\/wp\/v2\/media\/61428"}],"wp:attachment":[{"href":"https:\/\/infotorrent.es\/ca\/wp-json\/wp\/v2\/media?parent=61427"}],"wp:term":[{"taxonomy":"category","embeddable":true,"href":"https:\/\/infotorrent.es\/ca\/wp-json\/wp\/v2\/categories?post=61427"},{"taxonomy":"post_tag","embeddable":true,"href":"https:\/\/infotorrent.es\/ca\/wp-json\/wp\/v2\/tags?post=61427"}],"curies":[{"name":"wp","href":"https:\/\/api.w.org\/{rel}","templated":true}]}}