{"id":61377,"date":"2023-11-02T12:11:27","date_gmt":"2023-11-02T12:11:27","guid":{"rendered":"https:\/\/infotorrent.es\/uncategorized\/torrent-clausura-la-campana-contra-el-cancer-de-mama-lanzada-por-la-delegacion-de-la-mujer\/"},"modified":"2023-11-02T12:14:21","modified_gmt":"2023-11-02T12:14:21","slug":"torrent-clausura-la-campana-contra-el-cancer-de-mama-lanzada-por-la-delegacion-de-la-mujer","status":"publish","type":"post","link":"https:\/\/infotorrent.es\/ca\/bienestar-social-2\/torrent-clausura-la-campana-contra-el-cancer-de-mama-lanzada-por-la-delegacion-de-la-mujer\/","title":{"rendered":"Torrent clausura la campanya contra el c\u00e0ncer de mama llan\u00e7ada per la delegaci\u00f3 de la Dona"},"content":{"rendered":"\n<h5 class=\"wp-block-heading\">La cap del grup d&#8217;investigaci\u00f3 de tumors de l&#8217;Institut de Biotecnologia i Biomedicina de la UV,\u00a0Sacri\u00a0Ferron, va tancar el programa d&#8217;activitats dimarts passat amb una xarrada al Centre d&#8217;Acci\u00f3 Social de Torrent<\/h5>\n\n\n\n<p> El Centre d&#8217;Acci\u00f3 Social de Torrent va acollir dimarts passat una xarrada a c\u00e0rrec de la cap del grup d&#8217;investigaci\u00f3 de tumors de l&#8217;Institut de Biotecnologia i Biomedicina de la Universitat de Val\u00e8ncia,\u00a0Sacri\u00a0Ferron, en el marc de la campanya llan\u00e7ada per la delegaci\u00f3 de la Dona de l&#8217;Ajuntament de Torrent amb motiu del dia Internacional del C\u00e0ncer de Mama.<\/p>\n\n\n\n<p>El programa es va iniciar fa dues setmanes amb la instal\u00b7laci\u00f3, per part de l&#8217;Associaci\u00f3 Contra el C\u00e0ncer de Torrent i Casa de la Dona, de tres punts d&#8217;informaci\u00f3 en la pla\u00e7a Bisbe\u00a0Bennloch, en la parada de metro de Torrent\u00a0Avinguda i el Centre Social\u00a0Xenillet, on es va tractar de conscienciar a les persones que es van acostar a xarrar sobre la import\u00e0ncia de la prevenci\u00f3 i la detecci\u00f3 preco\u00e7 mitjan\u00e7ant l&#8217;autoexploraci\u00f3.<\/p>\n\n\n\n<p><strong>\u201cA m\u00e9s de fer costat a les persones que formen la Junta Local de l&#8217;AECC i l&#8217;excel\u00b7lent labor que realitzen, amb aquesta campanya que totes les dones de Torrent ens escoltaren i s&#8217;informaren deixant a un costat les barreres idiom\u00e0tiques, els prejudicis i els\u00a0tab\u00fas culturals sobre aquest tema, tal com arreplega l&#8217;II Pla Municipal d&#8217;Igualtat d&#8217;Oportunitats entre Dones i Homes de Torrent\u201d<\/strong>, explica la delegada de la Dona, Amparo\u00a0Chust.<\/p>\n\n\n\n<figure class=\"wp-block-gallery has-nested-images columns-default is-cropped wp-block-gallery-1 is-layout-flex wp-block-gallery-is-layout-flex\">\n<figure class=\"wp-block-image size-large\"><img fetchpriority=\"high\" decoding=\"async\" width=\"1024\" height=\"682\" data-id=\"61372\" src=\"https:\/\/infotorrent.es\/wp-content\/uploads\/2023\/11\/WhatsApp-Image-2023-11-02-at-13.07.12-1-1024x682.jpeg\" alt=\"\" class=\"wp-image-61372\" srcset=\"https:\/\/infotorrent.es\/wp-content\/uploads\/2023\/11\/WhatsApp-Image-2023-11-02-at-13.07.12-1-1024x682.jpeg 1024w, https:\/\/infotorrent.es\/wp-content\/uploads\/2023\/11\/WhatsApp-Image-2023-11-02-at-13.07.12-1-300x200.jpeg 300w, https:\/\/infotorrent.es\/wp-content\/uploads\/2023\/11\/WhatsApp-Image-2023-11-02-at-13.07.12-1-768x512.jpeg 768w, https:\/\/infotorrent.es\/wp-content\/uploads\/2023\/11\/WhatsApp-Image-2023-11-02-at-13.07.12-1-1536x1023.jpeg 1536w, https:\/\/infotorrent.es\/wp-content\/uploads\/2023\/11\/WhatsApp-Image-2023-11-02-at-13.07.12-1.jpeg 1600w\" sizes=\"(max-width: 1024px) 100vw, 1024px\" \/><\/figure>\n\n\n\n<figure class=\"wp-block-image size-large\"><img decoding=\"async\" width=\"1024\" height=\"682\" data-id=\"61370\" src=\"https:\/\/infotorrent.es\/wp-content\/uploads\/2023\/11\/WhatsApp-Image-2023-11-02-at-13.07.12-1024x682.jpeg\" alt=\"\" class=\"wp-image-61370\" srcset=\"https:\/\/infotorrent.es\/wp-content\/uploads\/2023\/11\/WhatsApp-Image-2023-11-02-at-13.07.12-1024x682.jpeg 1024w, https:\/\/infotorrent.es\/wp-content\/uploads\/2023\/11\/WhatsApp-Image-2023-11-02-at-13.07.12-300x200.jpeg 300w, https:\/\/infotorrent.es\/wp-content\/uploads\/2023\/11\/WhatsApp-Image-2023-11-02-at-13.07.12-768x512.jpeg 768w, https:\/\/infotorrent.es\/wp-content\/uploads\/2023\/11\/WhatsApp-Image-2023-11-02-at-13.07.12-1536x1023.jpeg 1536w, https:\/\/infotorrent.es\/wp-content\/uploads\/2023\/11\/WhatsApp-Image-2023-11-02-at-13.07.12.jpeg 1600w\" sizes=\"(max-width: 1024px) 100vw, 1024px\" \/><\/figure>\n\n\n\n<figure class=\"wp-block-image size-large\"><img decoding=\"async\" width=\"1024\" height=\"682\" data-id=\"61368\" src=\"https:\/\/infotorrent.es\/wp-content\/uploads\/2023\/11\/WhatsApp-Image-2023-11-02-at-13.07.11-1024x682.jpeg\" alt=\"\" class=\"wp-image-61368\" srcset=\"https:\/\/infotorrent.es\/wp-content\/uploads\/2023\/11\/WhatsApp-Image-2023-11-02-at-13.07.11-1024x682.jpeg 1024w, https:\/\/infotorrent.es\/wp-content\/uploads\/2023\/11\/WhatsApp-Image-2023-11-02-at-13.07.11-300x200.jpeg 300w, https:\/\/infotorrent.es\/wp-content\/uploads\/2023\/11\/WhatsApp-Image-2023-11-02-at-13.07.11-768x512.jpeg 768w, https:\/\/infotorrent.es\/wp-content\/uploads\/2023\/11\/WhatsApp-Image-2023-11-02-at-13.07.11-1536x1023.jpeg 1536w, https:\/\/infotorrent.es\/wp-content\/uploads\/2023\/11\/WhatsApp-Image-2023-11-02-at-13.07.11.jpeg 1600w\" sizes=\"(max-width: 1024px) 100vw, 1024px\" \/><\/figure>\n<\/figure>\n","protected":false},"excerpt":{"rendered":"<p>La cap del grup d&#8217;investigaci\u00f3 de tumors de l&#8217;Institut de Biotecnologia i Biomedicina de la UV,\u00a0Sacri\u00a0Ferron, va tancar el programa d&#8217;activitats dimarts passat amb una xarrada al Centre d&#8217;Acci\u00f3 Social de Torrent El Centre d&#8217;Acci\u00f3 Social de Torrent va acollir dimarts passat una xarrada a c\u00e0rrec de la cap del grup d&#8217;investigaci\u00f3 de tumors de [&hellip;]<\/p>\n","protected":false},"author":2,"featured_media":61381,"comment_status":"open","ping_status":"open","sticky":false,"template":"","format":"standard","meta":{"_acf_changed":false,"footnotes":""},"categories":[128],"tags":[],"class_list":["post-61377","post","type-post","status-publish","format-standard","has-post-thumbnail","hentry","category-bienestar-social-2"],"acf":[],"_links":{"self":[{"href":"https:\/\/infotorrent.es\/ca\/wp-json\/wp\/v2\/posts\/61377","targetHints":{"allow":["GET"]}}],"collection":[{"href":"https:\/\/infotorrent.es\/ca\/wp-json\/wp\/v2\/posts"}],"about":[{"href":"https:\/\/infotorrent.es\/ca\/wp-json\/wp\/v2\/types\/post"}],"author":[{"embeddable":true,"href":"https:\/\/infotorrent.es\/ca\/wp-json\/wp\/v2\/users\/2"}],"replies":[{"embeddable":true,"href":"https:\/\/infotorrent.es\/ca\/wp-json\/wp\/v2\/comments?post=61377"}],"version-history":[{"count":1,"href":"https:\/\/infotorrent.es\/ca\/wp-json\/wp\/v2\/posts\/61377\/revisions"}],"predecessor-version":[{"id":61380,"href":"https:\/\/infotorrent.es\/ca\/wp-json\/wp\/v2\/posts\/61377\/revisions\/61380"}],"wp:featuredmedia":[{"embeddable":true,"href":"https:\/\/infotorrent.es\/ca\/wp-json\/wp\/v2\/media\/61381"}],"wp:attachment":[{"href":"https:\/\/infotorrent.es\/ca\/wp-json\/wp\/v2\/media?parent=61377"}],"wp:term":[{"taxonomy":"category","embeddable":true,"href":"https:\/\/infotorrent.es\/ca\/wp-json\/wp\/v2\/categories?post=61377"},{"taxonomy":"post_tag","embeddable":true,"href":"https:\/\/infotorrent.es\/ca\/wp-json\/wp\/v2\/tags?post=61377"}],"curies":[{"name":"wp","href":"https:\/\/api.w.org\/{rel}","templated":true}]}}