{"id":61241,"date":"2023-10-30T12:34:37","date_gmt":"2023-10-30T12:34:37","guid":{"rendered":"https:\/\/infotorrent.es\/uncategorized\/torrent-celebra-una-nueva-edicion-del-mes-del-medio-ambiente\/"},"modified":"2023-10-30T12:48:04","modified_gmt":"2023-10-30T12:48:04","slug":"torrent-celebra-una-nueva-edicion-del-mes-del-medio-ambiente","status":"publish","type":"post","link":"https:\/\/infotorrent.es\/ca\/medio-ambiente-2\/torrent-celebra-una-nueva-edicion-del-mes-del-medio-ambiente\/","title":{"rendered":"Torrent celebra una nova edici\u00f3 del Mes del Medi Ambient"},"content":{"rendered":"\n<h5 class=\"wp-block-heading\">La programaci\u00f3, que es desenvolupar\u00e0 del 6 al 30 de novembre, est\u00e0 repleta d&#8217;activitats per a tots els p\u00fablics i edats<\/h5>\n\n\n\n<p> L&#8217;Ajuntament de Torrent impulsa una nova edici\u00f3 del Mes del Medi Ambient, que oferir\u00e0, del 6 al 30 de novembre, una\u00a0completa programaci\u00f3 d&#8217;activitats orientada a refor\u00e7ar la divulgaci\u00f3 de continguts mediambientals, el foment de pr\u00e0ctiques responsables entre els m\u00e9s xicotets i la recuperaci\u00f3 d&#8217;espais naturals com la Serra\u00a0Perenxisa.<\/p>\n\n\n\n<p>Sobre aquest tema, el delegat de Medi Ambient, Jos\u00e9\u00a0Gozalvo, incideix en la import\u00e0ncia de <strong>\u201ccontinuar apostant per l&#8217;educaci\u00f3 ambiental de les noves generacions, ja que \u00e9s la nostra millor basa per a construir un futur m\u00e9s sostenible per al planeta i frenar els efectes del canvi clim\u00e0tic\u201d.<\/strong> L&#8217;edil tamb\u00e9 comenta que <strong>\u201cla recuperaci\u00f3 i la conservaci\u00f3 del patrimoni natural de Torrent \u00e9s una de les nostres grans prioritats, per la qual cosa continuarem treballant per a cuidar de la millor manera possible els seus paratges i esp\u00e8cies\u201d.<\/strong><\/p>\n\n\n\n<p><strong>Ac\u00ed es pot consultar la programaci\u00f3 d&#8217;activitats:<\/strong><\/p>\n\n\n\n<p>&#8211; <strong>6,7, 8 i 9 de novembre:<\/strong> Tallers escolars per a donar a con\u00e8ixer els elements m\u00e9s destacats de l\u2019Hort de Tr\u00e9nor, la seua biodiversitat i la import\u00e0ncia del jard\u00ed per a la ciutat.<\/p>\n\n\n\n<p><br><strong>&#8211; 10 de novembre:<\/strong> Ruta nocturna per la Serra\u00a0Perenxisa en col\u00b7laboraci\u00f3 amb Astro Torrent. Transport amb autob\u00fas amb eixida a les 20:00h des de la pla\u00e7a Corts Valencianes i al costat de la parr\u00f2quia Mont Vedat a les 20:30h. \u00c9s necessari portar cal\u00e7at adequat i sopar. Inscripcions en el portal d&#8217;inscripcions de la web municipal (https:\/\/inscripciones.torrent.es\/), en el\u00a0TDIC en la planta baixa de l&#8217;edifici consistorial o trucant al tel\u00e8fon 96 111 11 11.<\/p>\n\n\n\n<p><br><strong>&#8211; 14, 16, 21 i 23 de novembre<\/strong>: Tallers ambientals per als m\u00e9s xicotets en les places de la ciutat. El 14 en la pla\u00e7a Uni\u00f3 Musical, el 16 en la pla\u00e7a Fra Antoni Panes, el 21 en la pla\u00e7a Pintor Mir\u00f3 i el 23 al carrer Font de Sant Llu\u00eds. Tots els dies a partir de les 17:15h.<\/p>\n\n\n\n<p><br>&#8211; <strong>18 de novembre: <\/strong>Excursi\u00f3 amb Torrent Verd per la senda del\u00a0Reg Mil\u00b7lenari. Recorregut d&#8217;uns\u00a08km des del restaurant La Curra fins a la Font de la\u00a0Teula. Eixida a les 9:00h des de la pla\u00e7a de les Corts\u00a0Valencianes i a les 9:15h des de la parr\u00f2quia Mont Vedat. Volta amb autob\u00fas per a tots els participants. Inscripci\u00f3 en el portal de de inscripcions de la web municipal (https:\/\/inscripciones.torrent.es\/), en el\u00a0TDIC en la planta baixa de l&#8217;edifici consistorial o trucant al tel\u00e8fon 96 111 11 11.<\/p>\n\n\n\n<p><br>&#8211; <strong>25 de novembre:<\/strong> Visita a la planta Hornillos per a conscienciar de la import\u00e0ncia de reciclar i aprendre m\u00e9s sobre el proc\u00e9s pel qual passen els residus. Eixida a les 9:30h des de la pla\u00e7a Corts Valencianes.<\/p>\n\n\n\n<p><br>&#8211;<strong> 26 de novembre:<\/strong> Jornada de reforestaci\u00f3 en el Camp de Tir de Torrent a partir de les 11:00h. Plantaci\u00f3 simb\u00f2lica d&#8217;arbres adults per a promocionar la diversitat d&#8217;esp\u00e8cies vegetals del terme municipal.<\/p>\n\n\n\n<p><br>&#8211; <strong>27, 28, 29 i 30 de novembre:<\/strong> Exposici\u00f3<em> Una mirada al\u00a0viatge\u00a0dels\u00a0residus<\/em> en l&#8217;hall de l&#8217;antic\u00a0ajuntament, c\/Ram\u00f3n y Cajal, 7. Horari de visita de 9:00h a 14:00h.<\/p>\n\n\n\n<figure class=\"wp-block-gallery has-nested-images columns-default is-cropped wp-block-gallery-1 is-layout-flex wp-block-gallery-is-layout-flex\">\n<figure class=\"wp-block-image size-large\"><img fetchpriority=\"high\" decoding=\"async\" width=\"550\" height=\"783\" data-id=\"61237\" src=\"https:\/\/infotorrent.es\/wp-content\/uploads\/2023\/10\/WhatsApp-Image-2023-10-30-at-13.24.57.jpeg\" alt=\"\" class=\"wp-image-61237\" srcset=\"https:\/\/infotorrent.es\/wp-content\/uploads\/2023\/10\/WhatsApp-Image-2023-10-30-at-13.24.57.jpeg 550w, https:\/\/infotorrent.es\/wp-content\/uploads\/2023\/10\/WhatsApp-Image-2023-10-30-at-13.24.57-211x300.jpeg 211w\" sizes=\"(max-width: 550px) 100vw, 550px\" \/><\/figure>\n\n\n\n<figure class=\"wp-block-image size-large\"><img decoding=\"async\" width=\"552\" height=\"784\" data-id=\"61235\" src=\"https:\/\/infotorrent.es\/wp-content\/uploads\/2023\/10\/WhatsApp-Image-2023-10-30-at-13.25.11.jpeg\" alt=\"\" class=\"wp-image-61235\" srcset=\"https:\/\/infotorrent.es\/wp-content\/uploads\/2023\/10\/WhatsApp-Image-2023-10-30-at-13.25.11.jpeg 552w, https:\/\/infotorrent.es\/wp-content\/uploads\/2023\/10\/WhatsApp-Image-2023-10-30-at-13.25.11-211x300.jpeg 211w\" sizes=\"(max-width: 552px) 100vw, 552px\" \/><\/figure>\n<\/figure>\n","protected":false},"excerpt":{"rendered":"<p>La programaci\u00f3, que es desenvolupar\u00e0 del 6 al 30 de novembre, est\u00e0 repleta d&#8217;activitats per a tots els p\u00fablics i edats L&#8217;Ajuntament de Torrent impulsa una nova edici\u00f3 del Mes del Medi Ambient, que oferir\u00e0, del 6 al 30 de novembre, una\u00a0completa programaci\u00f3 d&#8217;activitats orientada a refor\u00e7ar la divulgaci\u00f3 de continguts mediambientals, el foment de [&hellip;]<\/p>\n","protected":false},"author":2,"featured_media":61242,"comment_status":"open","ping_status":"open","sticky":false,"template":"","format":"standard","meta":{"_acf_changed":false,"footnotes":""},"categories":[138],"tags":[],"class_list":["post-61241","post","type-post","status-publish","format-standard","has-post-thumbnail","hentry","category-medio-ambiente-2"],"acf":[],"_links":{"self":[{"href":"https:\/\/infotorrent.es\/ca\/wp-json\/wp\/v2\/posts\/61241","targetHints":{"allow":["GET"]}}],"collection":[{"href":"https:\/\/infotorrent.es\/ca\/wp-json\/wp\/v2\/posts"}],"about":[{"href":"https:\/\/infotorrent.es\/ca\/wp-json\/wp\/v2\/types\/post"}],"author":[{"embeddable":true,"href":"https:\/\/infotorrent.es\/ca\/wp-json\/wp\/v2\/users\/2"}],"replies":[{"embeddable":true,"href":"https:\/\/infotorrent.es\/ca\/wp-json\/wp\/v2\/comments?post=61241"}],"version-history":[{"count":1,"href":"https:\/\/infotorrent.es\/ca\/wp-json\/wp\/v2\/posts\/61241\/revisions"}],"predecessor-version":[{"id":61244,"href":"https:\/\/infotorrent.es\/ca\/wp-json\/wp\/v2\/posts\/61241\/revisions\/61244"}],"wp:featuredmedia":[{"embeddable":true,"href":"https:\/\/infotorrent.es\/ca\/wp-json\/wp\/v2\/media\/61242"}],"wp:attachment":[{"href":"https:\/\/infotorrent.es\/ca\/wp-json\/wp\/v2\/media?parent=61241"}],"wp:term":[{"taxonomy":"category","embeddable":true,"href":"https:\/\/infotorrent.es\/ca\/wp-json\/wp\/v2\/categories?post=61241"},{"taxonomy":"post_tag","embeddable":true,"href":"https:\/\/infotorrent.es\/ca\/wp-json\/wp\/v2\/tags?post=61241"}],"curies":[{"name":"wp","href":"https:\/\/api.w.org\/{rel}","templated":true}]}}