{"id":60969,"date":"2023-10-23T06:36:40","date_gmt":"2023-10-23T06:36:40","guid":{"rendered":"https:\/\/infotorrent.es\/uncategorized\/torrent-renovara-los-contenedores-de-la-ciudad-que-seran-mas-accesibles-y-sin-pedal\/"},"modified":"2023-10-23T06:41:42","modified_gmt":"2023-10-23T06:41:42","slug":"torrent-renovara-los-contenedores-de-la-ciudad-que-seran-mas-accesibles-y-sin-pedal","status":"publish","type":"post","link":"https:\/\/infotorrent.es\/ca\/gestio-ciutat\/torrent-renovara-los-contenedores-de-la-ciudad-que-seran-mas-accesibles-y-sin-pedal\/","title":{"rendered":"Torrent renovar\u00e0 els contenidors de la ciutat, que seran m\u00e9s accessibles i sense pedal"},"content":{"rendered":"\n<h5 class=\"wp-block-heading\">Es preveu que els nous dep\u00f2sits estiguen instal\u00b7lats al mes d&#8217;abril<\/h5>\n\n\n\n<h5 class=\"wp-block-heading\">Aquesta actuaci\u00f3 s&#8217;inclou en el nou contracte signat amb l&#8217;empresa FCC fins a 2037, el qual millorar\u00e0 notablement el servei de neteja i la gesti\u00f3 de residus en el municipi<\/h5>\n\n\n\n<p>L&#8217;Equip de Govern de Torrent continua perfilant el seu projecte de ciutat amb la renovaci\u00f3 integral dels contenidors del nucli urb\u00e0. En les \u00faltimes hores, l&#8217;alcaldessa Amparo Folgado i el regidor d&#8217;Urbanisme, Jos\u00e9\u00a0Gozalvo, han triat el nou model de contenidors, la instal\u00b7laci\u00f3 dels quals es preveu que finalitze al mes d&#8217;abril. Aquests dep\u00f2sits es caracteritzen per funcionar sense pedal, de manera que el seu \u00fas siga m\u00e9s accessible i c\u00f2mode per a la ciutadania, especialment per a col\u00b7lectius com la tercera edat. A m\u00e9s de millorar la imatge del municipi.<\/p>\n\n\n\n<p><strong>\u201cAquesta actuaci\u00f3 respon al comprom\u00eds que adquirim amb els ve\u00efns i ve\u00efnes de Torrent quan prenem possessi\u00f3 del c\u00e0rrec. La millora de la neteja dels nostres barris \u00e9s una de les nostres grans prioritats i, per aix\u00f2, continuarem treballant per a optimitzar-la en tots els seus vessants\u201d<\/strong>, destaca Folgado, incidint tamb\u00e9 en<strong> \u201cles p\u00e8ssimes condicions en les quals es trobaven els contenidors del municipi, amb palanques trencades i altres danys evidents que dificultaven el seu \u00fas, a m\u00e9s de presentar una notable antiguitat\u201d.<\/strong><\/p>\n\n\n\n<p>Per part seua,\u00a0Gozalvo explica que<strong> \u201cla renovaci\u00f3 dels contenidors es complementar\u00e0 amb la creaci\u00f3 de 12 \u00e0rees en el terme, on es disposar\u00e0 de calaixos especials per a abocaments d&#8217;enderrocs voluminosos i poda, una xarxa de c\u00e0meres de vigil\u00e0ncia, un sistema de tractament adaptat a zones amb grans productors de residus, com a col\u00b7legis o resid\u00e8ncies, i un sistema d&#8217;extinci\u00f3 d&#8217;incendis per a aquells contenidors situats en \u00e0rees boscoses\u201d.<\/strong><\/p>\n\n\n\n<p>I \u00e9s que el mes de setembre passat va entrar en vigor el nou contracte del servei de neteja i gesti\u00f3 de residus amb l&#8217;empresa FCC, el qual integra totes aquestes actuacions. Aquest nou acord contempla un increment del 20% en el pressupost, la qual cosa es traduir\u00e0 en una notable millora del servei en els pr\u00f2xims mesos, ja que tamb\u00e9 inclou la modernitzaci\u00f3 de la maquin\u00e0ria i els vehicles, l&#8217;adaptaci\u00f3 de la neteja a les caracter\u00edstiques de les vies i voreres o la implementaci\u00f3 d&#8217;estrat\u00e8gies d&#8217;educaci\u00f3 ambiental, entre altres.<\/p>\n\n\n\n<figure class=\"wp-block-gallery has-nested-images columns-default is-cropped wp-block-gallery-1 is-layout-flex wp-block-gallery-is-layout-flex\">\n<figure class=\"wp-block-image size-large\"><img fetchpriority=\"high\" decoding=\"async\" width=\"1024\" height=\"682\" data-id=\"60959\" src=\"https:\/\/infotorrent.es\/wp-content\/uploads\/2023\/10\/contenedores-1024x682.jpeg\" alt=\"\" class=\"wp-image-60959\" srcset=\"https:\/\/infotorrent.es\/wp-content\/uploads\/2023\/10\/contenedores-1024x682.jpeg 1024w, https:\/\/infotorrent.es\/wp-content\/uploads\/2023\/10\/contenedores-300x200.jpeg 300w, https:\/\/infotorrent.es\/wp-content\/uploads\/2023\/10\/contenedores-768x512.jpeg 768w, https:\/\/infotorrent.es\/wp-content\/uploads\/2023\/10\/contenedores-1536x1023.jpeg 1536w, https:\/\/infotorrent.es\/wp-content\/uploads\/2023\/10\/contenedores.jpeg 1600w\" sizes=\"(max-width: 1024px) 100vw, 1024px\" \/><\/figure>\n\n\n\n<figure class=\"wp-block-image size-large\"><img decoding=\"async\" width=\"1024\" height=\"682\" data-id=\"60961\" src=\"https:\/\/infotorrent.es\/wp-content\/uploads\/2023\/10\/contenedores-2-1024x682.jpeg\" alt=\"\" class=\"wp-image-60961\" srcset=\"https:\/\/infotorrent.es\/wp-content\/uploads\/2023\/10\/contenedores-2-1024x682.jpeg 1024w, https:\/\/infotorrent.es\/wp-content\/uploads\/2023\/10\/contenedores-2-300x200.jpeg 300w, https:\/\/infotorrent.es\/wp-content\/uploads\/2023\/10\/contenedores-2-768x512.jpeg 768w, https:\/\/infotorrent.es\/wp-content\/uploads\/2023\/10\/contenedores-2-1536x1023.jpeg 1536w, https:\/\/infotorrent.es\/wp-content\/uploads\/2023\/10\/contenedores-2.jpeg 1600w\" sizes=\"(max-width: 1024px) 100vw, 1024px\" \/><\/figure>\n\n\n\n<figure class=\"wp-block-image size-large\"><img decoding=\"async\" width=\"1024\" height=\"682\" data-id=\"60963\" src=\"https:\/\/infotorrent.es\/wp-content\/uploads\/2023\/10\/contenedores-3-1024x682.jpeg\" alt=\"\" class=\"wp-image-60963\" srcset=\"https:\/\/infotorrent.es\/wp-content\/uploads\/2023\/10\/contenedores-3-1024x682.jpeg 1024w, https:\/\/infotorrent.es\/wp-content\/uploads\/2023\/10\/contenedores-3-300x200.jpeg 300w, https:\/\/infotorrent.es\/wp-content\/uploads\/2023\/10\/contenedores-3-768x512.jpeg 768w, https:\/\/infotorrent.es\/wp-content\/uploads\/2023\/10\/contenedores-3-1536x1023.jpeg 1536w, https:\/\/infotorrent.es\/wp-content\/uploads\/2023\/10\/contenedores-3.jpeg 1600w\" sizes=\"(max-width: 1024px) 100vw, 1024px\" \/><\/figure>\n\n\n\n<figure class=\"wp-block-image size-large\"><img loading=\"lazy\" decoding=\"async\" width=\"1024\" height=\"682\" data-id=\"60965\" src=\"https:\/\/infotorrent.es\/wp-content\/uploads\/2023\/10\/contenedores4-1024x682.jpeg\" alt=\"\" class=\"wp-image-60965\" srcset=\"https:\/\/infotorrent.es\/wp-content\/uploads\/2023\/10\/contenedores4-1024x682.jpeg 1024w, https:\/\/infotorrent.es\/wp-content\/uploads\/2023\/10\/contenedores4-300x200.jpeg 300w, https:\/\/infotorrent.es\/wp-content\/uploads\/2023\/10\/contenedores4-768x512.jpeg 768w, https:\/\/infotorrent.es\/wp-content\/uploads\/2023\/10\/contenedores4-1536x1023.jpeg 1536w, https:\/\/infotorrent.es\/wp-content\/uploads\/2023\/10\/contenedores4.jpeg 1600w\" sizes=\"(max-width: 1024px) 100vw, 1024px\" \/><\/figure>\n\n\n\n<figure class=\"wp-block-image size-large\"><img loading=\"lazy\" decoding=\"async\" width=\"1024\" height=\"682\" data-id=\"60957\" src=\"https:\/\/infotorrent.es\/wp-content\/uploads\/2023\/10\/contenedores-5-1024x682.jpeg\" alt=\"\" class=\"wp-image-60957\" srcset=\"https:\/\/infotorrent.es\/wp-content\/uploads\/2023\/10\/contenedores-5-1024x682.jpeg 1024w, https:\/\/infotorrent.es\/wp-content\/uploads\/2023\/10\/contenedores-5-300x200.jpeg 300w, https:\/\/infotorrent.es\/wp-content\/uploads\/2023\/10\/contenedores-5-768x512.jpeg 768w, https:\/\/infotorrent.es\/wp-content\/uploads\/2023\/10\/contenedores-5-1536x1023.jpeg 1536w, https:\/\/infotorrent.es\/wp-content\/uploads\/2023\/10\/contenedores-5.jpeg 1600w\" sizes=\"(max-width: 1024px) 100vw, 1024px\" \/><\/figure>\n<\/figure>\n","protected":false},"excerpt":{"rendered":"<p>Es preveu que els nous dep\u00f2sits estiguen instal\u00b7lats al mes d&#8217;abril Aquesta actuaci\u00f3 s&#8217;inclou en el nou contracte signat amb l&#8217;empresa FCC fins a 2037, el qual millorar\u00e0 notablement el servei de neteja i la gesti\u00f3 de residus en el municipi L&#8217;Equip de Govern de Torrent continua perfilant el seu projecte de ciutat amb la [&hellip;]<\/p>\n","protected":false},"author":2,"featured_media":60973,"comment_status":"open","ping_status":"open","sticky":false,"template":"","format":"standard","meta":{"_acf_changed":false,"footnotes":""},"categories":[155],"tags":[],"class_list":["post-60969","post","type-post","status-publish","format-standard","has-post-thumbnail","hentry","category-gestio-ciutat"],"acf":[],"_links":{"self":[{"href":"https:\/\/infotorrent.es\/ca\/wp-json\/wp\/v2\/posts\/60969","targetHints":{"allow":["GET"]}}],"collection":[{"href":"https:\/\/infotorrent.es\/ca\/wp-json\/wp\/v2\/posts"}],"about":[{"href":"https:\/\/infotorrent.es\/ca\/wp-json\/wp\/v2\/types\/post"}],"author":[{"embeddable":true,"href":"https:\/\/infotorrent.es\/ca\/wp-json\/wp\/v2\/users\/2"}],"replies":[{"embeddable":true,"href":"https:\/\/infotorrent.es\/ca\/wp-json\/wp\/v2\/comments?post=60969"}],"version-history":[{"count":1,"href":"https:\/\/infotorrent.es\/ca\/wp-json\/wp\/v2\/posts\/60969\/revisions"}],"predecessor-version":[{"id":60972,"href":"https:\/\/infotorrent.es\/ca\/wp-json\/wp\/v2\/posts\/60969\/revisions\/60972"}],"wp:featuredmedia":[{"embeddable":true,"href":"https:\/\/infotorrent.es\/ca\/wp-json\/wp\/v2\/media\/60973"}],"wp:attachment":[{"href":"https:\/\/infotorrent.es\/ca\/wp-json\/wp\/v2\/media?parent=60969"}],"wp:term":[{"taxonomy":"category","embeddable":true,"href":"https:\/\/infotorrent.es\/ca\/wp-json\/wp\/v2\/categories?post=60969"},{"taxonomy":"post_tag","embeddable":true,"href":"https:\/\/infotorrent.es\/ca\/wp-json\/wp\/v2\/tags?post=60969"}],"curies":[{"name":"wp","href":"https:\/\/api.w.org\/{rel}","templated":true}]}}