{"id":60796,"date":"2023-10-17T10:09:22","date_gmt":"2023-10-17T10:09:22","guid":{"rendered":"https:\/\/infotorrent.es\/uncategorized\/el-arte-de-antonio-rey-rancapino-chico-y-karime-amaya-llega-a-torrent-con-el-festival-flamenco-2023\/"},"modified":"2023-10-17T10:19:25","modified_gmt":"2023-10-17T10:19:25","slug":"el-arte-de-antonio-rey-rancapino-chico-y-karime-amaya-llega-a-torrent-con-el-festival-flamenco-2023","status":"publish","type":"post","link":"https:\/\/infotorrent.es\/ca\/cultura-es-2\/el-arte-de-antonio-rey-rancapino-chico-y-karime-amaya-llega-a-torrent-con-el-festival-flamenco-2023\/","title":{"rendered":"L&#8217;art d&#8217;Antonio\u00a0Rey,\u00a0Rancapino Chico i\u00a0Karime Amaya arriba a Torrent amb el Festival Flamenc 2023"},"content":{"rendered":"\n<h5 class=\"wp-block-heading\">L&#8217;Auditori de Torrent acollir\u00e0 una nova edici\u00f3 del prestigi\u00f3s festival des del pr\u00f2xim divendres 20 al diumenge 22 d&#8217;octubre<\/h5>\n\n\n\n<p>Com ja \u00e9s tradici\u00f3, l&#8217;arribada de l&#8217;estaci\u00f3 tardorenca porta amb si un dels esdeveniments m\u00e9s esperats de la programaci\u00f3 de l&#8217;Auditori de Torrent, el Festival Flamenc, que des del pr\u00f2xim divendres 20 al diumenge 22 d&#8217;octubre brindar\u00e0 al p\u00fablic l&#8217;actuaci\u00f3 de tres gegants del panorama: Antonio\u00a0Rey,\u00a0Rancapino Chico i\u00a0Karime Amaya.<\/p>\n\n\n\n<p>El fam\u00f3s guitarrista Antonio\u00a0Rey, qui ha sigut acompanyant habitual de grans figures del cant i del ball, com\u00a0Farruquito, Antonio Canales o Rafael\u00a0Amargo, obrir\u00e0 el festival el divendres, a les\u00a020h, fent gala del virtuosisme amb l&#8217;instrument i de la maduresa musical que li han portat a brillar amb llum pr\u00f2pia damunt de l&#8217;escenari durant llargs anys, i a collir, entre altres reconeixements, el Premi\u00a0Latin\u00a0Grammy 2020 al Millor \u00c0lbum de Flamenc.<\/p>\n\n\n\n<p>El dissabte, tamb\u00e9 a les\u00a020h, el programa continuar\u00e0 amb l&#8217;actuaci\u00f3 d&#8217;un de les grans icones del flamenc pur en l&#8217;actualitat,\u00a0Rancapino Chico. El fill del cantaor Alonso\u00a0Nu\u00f1ez\u00a0<em>Rancapino <\/em>va seguir els seus passos des de molt jove i segons paraules del seu pare <strong>\u201cel xiquet taral\u00b7larejava les can\u00e7ons abans de comen\u00e7ar a parlar&#8221;.<\/strong> En 2016, i malgrat la seua joventut, va ser guardonat en la IX Edici\u00f3 dels Premis de Cultura Gitana &#8211; Joves Creadors i en 2019 va llan\u00e7ar el seu primer treball discogr\u00e0fic, <em>Por mi amor al arte<\/em>, gravat en directe en companyia de Faena Romera,\u00a0Pansequito, Juan Villar,\u00a0Chiquetete, Pedro\u00a0Bac\u00e1n, Aurora Vargas o Mar\u00eda Vargas, entre altres. Actualment, el cantaor\u00a0de Chiclana canta acompanyat del seu fidel escuder, el guitarrista Antonio Higuero, i \u00e9s considerat com una gran figura consagrada dins del flamenc pur, hereu dels cantes de Cadis i defensor dels cantes tradicionals.<\/p>\n\n\n\n<p>La clausura del festival arribar\u00e0 el diumenge a les\u00a019h de la m\u00e0 de la balladora\u00a0Karime Amaya, neboda-neta de la balladora universal m\u00e9s gran i venerada de tots els temps, Carmen Amaya, i protagonista en els f\u00f2rums i\u00a0tablaos m\u00e9s importants del m\u00f3n, com El\u00a0Flamenc, el m\u00e9s insigne de T\u00f2quio (Jap\u00f3). Amaya tamb\u00e9 ha compartit escenari amb il\u00b7lustres com\u00a0Tomatito, Els Losada,\u00a0Farruquito, Gerardo\u00a0Nu\u00f1ez, Maria\u00a0Pag\u00e9s, Israel i Pastora Galv\u00e1n, Antonio Canales o Manuela Carrasco. La balladora tamb\u00e9 summa participacions en diferents festivals com el Festival Quito Flamenc (l&#8217;Equador), el Festival d&#8217;Art Flamenc de Mont de\u00a0Marsan (Fran\u00e7a), el Festival d&#8217;Art Flamenc de\u00a0Monterrey (M\u00e8xic), el Festival de Jerez, la Biennal de Sevilla i el Festival Flamenc Internacional d&#8217;Albuquerque (els Estats Units).<\/p>\n\n\n\n<p>Entrades a la venda en www.auditoritorrent.com i en les taquilles de l&#8217;Auditori el dijous de 17 a\u00a020h, el divendres d&#8217;11 a\u00a013h i des de 2 hores abans del comen\u00e7ament de l&#8217;espectacle.<\/p>\n\n\n\n<figure class=\"wp-block-gallery has-nested-images columns-default is-cropped wp-block-gallery-1 is-layout-flex wp-block-gallery-is-layout-flex\">\n<figure class=\"wp-block-image size-large\"><img fetchpriority=\"high\" decoding=\"async\" width=\"1024\" height=\"719\" data-id=\"60790\" src=\"https:\/\/infotorrent.es\/wp-content\/uploads\/2023\/10\/flamenco-3-1024x719.jpg\" alt=\"\" class=\"wp-image-60790\" srcset=\"https:\/\/infotorrent.es\/wp-content\/uploads\/2023\/10\/flamenco-3-1024x719.jpg 1024w, https:\/\/infotorrent.es\/wp-content\/uploads\/2023\/10\/flamenco-3-300x211.jpg 300w, https:\/\/infotorrent.es\/wp-content\/uploads\/2023\/10\/flamenco-3-768x539.jpg 768w, https:\/\/infotorrent.es\/wp-content\/uploads\/2023\/10\/flamenco-3.jpg 1140w\" sizes=\"(max-width: 1024px) 100vw, 1024px\" \/><\/figure>\n\n\n\n<figure class=\"wp-block-image size-large\"><img decoding=\"async\" width=\"1024\" height=\"719\" data-id=\"60792\" src=\"https:\/\/infotorrent.es\/wp-content\/uploads\/2023\/10\/flamenco-2-1024x719.jpg\" alt=\"\" class=\"wp-image-60792\" srcset=\"https:\/\/infotorrent.es\/wp-content\/uploads\/2023\/10\/flamenco-2-1024x719.jpg 1024w, https:\/\/infotorrent.es\/wp-content\/uploads\/2023\/10\/flamenco-2-300x211.jpg 300w, https:\/\/infotorrent.es\/wp-content\/uploads\/2023\/10\/flamenco-2-768x539.jpg 768w, https:\/\/infotorrent.es\/wp-content\/uploads\/2023\/10\/flamenco-2.jpg 1140w\" sizes=\"(max-width: 1024px) 100vw, 1024px\" \/><\/figure>\n\n\n\n<figure class=\"wp-block-image size-large\"><img decoding=\"async\" width=\"1024\" height=\"719\" data-id=\"60788\" src=\"https:\/\/infotorrent.es\/wp-content\/uploads\/2023\/10\/flamenco-1024x719.jpg\" alt=\"\" class=\"wp-image-60788\" srcset=\"https:\/\/infotorrent.es\/wp-content\/uploads\/2023\/10\/flamenco-1024x719.jpg 1024w, https:\/\/infotorrent.es\/wp-content\/uploads\/2023\/10\/flamenco-300x211.jpg 300w, https:\/\/infotorrent.es\/wp-content\/uploads\/2023\/10\/flamenco-768x539.jpg 768w, https:\/\/infotorrent.es\/wp-content\/uploads\/2023\/10\/flamenco.jpg 1140w\" sizes=\"(max-width: 1024px) 100vw, 1024px\" \/><\/figure>\n<\/figure>\n","protected":false},"excerpt":{"rendered":"<p>L&#8217;Auditori de Torrent acollir\u00e0 una nova edici\u00f3 del prestigi\u00f3s festival des del pr\u00f2xim divendres 20 al diumenge 22 d&#8217;octubre Com ja \u00e9s tradici\u00f3, l&#8217;arribada de l&#8217;estaci\u00f3 tardorenca porta amb si un dels esdeveniments m\u00e9s esperats de la programaci\u00f3 de l&#8217;Auditori de Torrent, el Festival Flamenc, que des del pr\u00f2xim divendres 20 al diumenge 22 d&#8217;octubre [&hellip;]<\/p>\n","protected":false},"author":2,"featured_media":60800,"comment_status":"open","ping_status":"open","sticky":false,"template":"","format":"standard","meta":{"_acf_changed":false,"footnotes":""},"categories":[126],"tags":[],"class_list":["post-60796","post","type-post","status-publish","format-standard","has-post-thumbnail","hentry","category-cultura-es-2"],"acf":[],"_links":{"self":[{"href":"https:\/\/infotorrent.es\/ca\/wp-json\/wp\/v2\/posts\/60796","targetHints":{"allow":["GET"]}}],"collection":[{"href":"https:\/\/infotorrent.es\/ca\/wp-json\/wp\/v2\/posts"}],"about":[{"href":"https:\/\/infotorrent.es\/ca\/wp-json\/wp\/v2\/types\/post"}],"author":[{"embeddable":true,"href":"https:\/\/infotorrent.es\/ca\/wp-json\/wp\/v2\/users\/2"}],"replies":[{"embeddable":true,"href":"https:\/\/infotorrent.es\/ca\/wp-json\/wp\/v2\/comments?post=60796"}],"version-history":[{"count":1,"href":"https:\/\/infotorrent.es\/ca\/wp-json\/wp\/v2\/posts\/60796\/revisions"}],"predecessor-version":[{"id":60799,"href":"https:\/\/infotorrent.es\/ca\/wp-json\/wp\/v2\/posts\/60796\/revisions\/60799"}],"wp:featuredmedia":[{"embeddable":true,"href":"https:\/\/infotorrent.es\/ca\/wp-json\/wp\/v2\/media\/60800"}],"wp:attachment":[{"href":"https:\/\/infotorrent.es\/ca\/wp-json\/wp\/v2\/media?parent=60796"}],"wp:term":[{"taxonomy":"category","embeddable":true,"href":"https:\/\/infotorrent.es\/ca\/wp-json\/wp\/v2\/categories?post=60796"},{"taxonomy":"post_tag","embeddable":true,"href":"https:\/\/infotorrent.es\/ca\/wp-json\/wp\/v2\/tags?post=60796"}],"curies":[{"name":"wp","href":"https:\/\/api.w.org\/{rel}","templated":true}]}}