{"id":60531,"date":"2023-10-05T12:43:24","date_gmt":"2023-10-05T12:43:24","guid":{"rendered":"https:\/\/infotorrent.es\/uncategorized\/torrent-celebra-por-primera-vez-el-dia-de-la-hispanidad\/"},"modified":"2023-10-05T12:50:48","modified_gmt":"2023-10-05T12:50:48","slug":"torrent-celebra-por-primera-vez-el-dia-de-la-hispanidad","status":"publish","type":"post","link":"https:\/\/infotorrent.es\/ca\/festes-i-turisme\/torrent-celebra-por-primera-vez-el-dia-de-la-hispanidad\/","title":{"rendered":"Torrent celebra per primera vegada el Dia de la Hispanitat"},"content":{"rendered":"\n<h4 class=\"wp-block-heading\">L&#8217;alcaldessa Amparo Folgado i la regidor de Festes, Mar\u00eda Fern\u00e1ndez, han presentat este mat\u00ed el programa d&#8217;activitats que tindr\u00e0 lloc el 12 d&#8217;octubre en commemoraci\u00f3 d&#8217;esta data tan assenyalada<\/h4>\n\n\n\n<h4 class=\"wp-block-heading\">La celebraci\u00f3 del Dia de la Hispanitat \u00e9s una de les grans novetats introdu\u00efdes per l&#8217;actual equip de govern, amb l&#8217;objectiu de posar en valor all\u00f2 que ens uneix com a poble hisp\u00e0 i situar a la ciutat de Torrent en el mapa<\/h4>\n\n\n\n<p>En vespres de l&#8217;esperat Dia de la Hispanitat, l&#8217;alcaldessa Amparo Folgado i la regidor de Festes, Mar\u00eda Fern\u00e1ndez, han donat a con\u00e9ixer hui el programa d&#8217;activitats que l&#8217;Ajuntament de Torrent organitzar\u00e0 el pr\u00f2xim 12 d&#8217;octubre amb motiu d&#8217;esta data tan assenyalada, sent esta una de les grans novetats introdu\u00efdes per l&#8217;actual equip de govern. L&#8217;acte de presentaci\u00f3 ha reunit diferents mitjans de comunicaci\u00f3 i a nombrosos ve\u00efns al carrer Sagra, on una composici\u00f3 de paraig\u00fces conforma una bandera d&#8217;Espanya d&#8217;uns 50 metres, vestint l&#8217;emblem\u00e0tica via amb els colors roig i groc a pocs dies de la festa nacional.<\/p>\n\n\n\n<p><strong>\u201cL&#8217;objectiu d&#8217;esta celebraci\u00f3 \u00e9s posar en valor tot el que ens uneix com a poble i enaltir la basta riquesa de la cultura hispana, tant d&#8217;Espanya com dels nostres ve\u00efns Hispanoamericans, a m\u00e9s de situar a Torrent en el mapa com un dels llocs de refer\u00e8ncia en esta data\u201d<\/strong>, ha explicat l&#8217;alcaldessa Amparo Folgado, al que ha afegit que \u201cper este motiu, hem comptat amb les cases regionals de Torrent, en representaci\u00f3 dels diferents racons del nostre pa\u00eds, aix\u00ed com amb la Confraria de la Verge del Cigne, que ens permetr\u00e0 con\u00e9ixer m\u00e9s en profunditat els secrets de l&#8217;Equador. Es tracta d&#8217;una jornada pensada perqu\u00e8 tot el m\u00f3n tinga cabuda\u201d,<\/p>\n\n\n\n<p>Igualment, a prop\u00f2sit del Dia de la Hispanitat i les forces armades, des de l&#8217;Ajuntament de Torrent s&#8217;ha orquestrat un reconeixement a la labor que realitzen di\u00e0riament els Cossos i Forces de Seguretat de l&#8217;Estat. Sobre este tema, la regidor d&#8217;Inf\u00e0ncia, M\u00aa \u00c1ngeles Lerma, ha subratllat que \u201c\u00e9s la nostra intenci\u00f3 acostar a les nostres Forces i Cossos de Seguretat de l&#8217;Estat als xiquets i joves, en este ambient de festa i diversi\u00f3, perqu\u00e8 prenguen consci\u00e8ncia del seu gran esfor\u00e7 i lliurament en la defensa de tots els ciutadans. Per aix\u00f2, i gr\u00e0cies a la col\u00b7laboraci\u00f3 de Policia Nacional, Policia Local, Bombers i Protecci\u00f3 Civil, els m\u00e9s xicotets gaudiran d&#8217;una jornada inoblidable, participant activament en les activitats que els tenen preparades\u201d. Mentre que la regidor de Festes, Mar\u00eda Fern\u00e1ndez, ha volgut mostrar el seu agra\u00efment a \u201ctotes les persones que han fet possible la celebraci\u00f3 d&#8217;esta jornada. La nostra intenci\u00f3 \u00e9s que cresca amb el pas del temps i arribe a convertir-se en una tradici\u00f3 que els nostres ve\u00efns esperen amb emoci\u00f3 cada any\u201d.<\/p>\n\n\n\n<p>Aix\u00ed, el programa comen\u00e7ar\u00e0 a les 11:00h amb una exposici\u00f3 de vehicles dels diferents cossos de seguretat, demostracions canines, exhibicions de ball, vestits regionals i alguna sorpresa m\u00e9s. A estes activitats els seguir\u00e0, a les 12:30h, una jornada gastron\u00f2mica ben\u00e8fica, en la qual la ciutadania podr\u00e0 disfrutar d&#8217;una degustaci\u00f3 de plats t\u00edpics hispans a c\u00e0rrec de l&#8217;Associaci\u00f3 Cultural Castella-la Manxa, el Centre Cultural El Quixot, l&#8217;Associaci\u00f3 d&#8217;amics de la Cultura Andalusa, el Centre Cultural Rociero Andal\u00fas de Torrent, l&#8217;Associaci\u00f3 Uni\u00f3 Extremenya, l&#8217;Associaci\u00f3 Provincial de Mestresses de casa i Consumidors Tyrius de Torrent i la Confraria de la Verge del Cigne. Aix\u00ed, pel preu de 1\u20ac es far\u00e0 lliurament de vals per quatre racions, i la quantitat recaptada ser\u00e0 destinada a l&#8217;associaci\u00f3 Espurna.<\/p>\n\n\n\n<figure class=\"wp-block-image size-large\"><img fetchpriority=\"high\" decoding=\"async\" width=\"1024\" height=\"683\" src=\"https:\/\/infotorrent.es\/wp-content\/uploads\/2023\/10\/hispanidad-5-1024x683.jpeg\" alt=\"\" class=\"wp-image-60518\" srcset=\"https:\/\/infotorrent.es\/wp-content\/uploads\/2023\/10\/hispanidad-5-1024x683.jpeg 1024w, https:\/\/infotorrent.es\/wp-content\/uploads\/2023\/10\/hispanidad-5-300x200.jpeg 300w, https:\/\/infotorrent.es\/wp-content\/uploads\/2023\/10\/hispanidad-5-768x512.jpeg 768w, https:\/\/infotorrent.es\/wp-content\/uploads\/2023\/10\/hispanidad-5-1536x1024.jpeg 1536w, https:\/\/infotorrent.es\/wp-content\/uploads\/2023\/10\/hispanidad-5.jpeg 1740w\" sizes=\"(max-width: 1024px) 100vw, 1024px\" \/><\/figure>\n\n\n\n<figure class=\"wp-block-image size-large\"><img decoding=\"async\" width=\"723\" height=\"1024\" src=\"https:\/\/infotorrent.es\/wp-content\/uploads\/2023\/10\/hispanidad-723x1024.jpeg\" alt=\"\" class=\"wp-image-60521\" srcset=\"https:\/\/infotorrent.es\/wp-content\/uploads\/2023\/10\/hispanidad-723x1024.jpeg 723w, https:\/\/infotorrent.es\/wp-content\/uploads\/2023\/10\/hispanidad-212x300.jpeg 212w, https:\/\/infotorrent.es\/wp-content\/uploads\/2023\/10\/hispanidad-768x1087.jpeg 768w, https:\/\/infotorrent.es\/wp-content\/uploads\/2023\/10\/hispanidad-1085x1536.jpeg 1085w, https:\/\/infotorrent.es\/wp-content\/uploads\/2023\/10\/hispanidad-1446x2048.jpeg 1446w, https:\/\/infotorrent.es\/wp-content\/uploads\/2023\/10\/hispanidad.jpeg 1808w\" sizes=\"(max-width: 723px) 100vw, 723px\" \/><\/figure>\n\n\n\n<figure class=\"wp-block-image size-large\"><img decoding=\"async\" width=\"1024\" height=\"682\" src=\"https:\/\/infotorrent.es\/wp-content\/uploads\/2023\/10\/hispanidad2-1024x682.jpeg\" alt=\"\" class=\"wp-image-60525\" srcset=\"https:\/\/infotorrent.es\/wp-content\/uploads\/2023\/10\/hispanidad2-1024x682.jpeg 1024w, https:\/\/infotorrent.es\/wp-content\/uploads\/2023\/10\/hispanidad2-300x200.jpeg 300w, https:\/\/infotorrent.es\/wp-content\/uploads\/2023\/10\/hispanidad2-768x512.jpeg 768w, https:\/\/infotorrent.es\/wp-content\/uploads\/2023\/10\/hispanidad2-1536x1023.jpeg 1536w, https:\/\/infotorrent.es\/wp-content\/uploads\/2023\/10\/hispanidad2.jpeg 1600w\" sizes=\"(max-width: 1024px) 100vw, 1024px\" \/><\/figure>\n\n\n\n<figure class=\"wp-block-image size-large\"><img loading=\"lazy\" decoding=\"async\" width=\"1024\" height=\"683\" src=\"https:\/\/infotorrent.es\/wp-content\/uploads\/2023\/10\/hispanidad-4-1024x683.jpeg\" alt=\"\" class=\"wp-image-60523\" srcset=\"https:\/\/infotorrent.es\/wp-content\/uploads\/2023\/10\/hispanidad-4-1024x683.jpeg 1024w, https:\/\/infotorrent.es\/wp-content\/uploads\/2023\/10\/hispanidad-4-300x200.jpeg 300w, https:\/\/infotorrent.es\/wp-content\/uploads\/2023\/10\/hispanidad-4-768x512.jpeg 768w, https:\/\/infotorrent.es\/wp-content\/uploads\/2023\/10\/hispanidad-4-1536x1024.jpeg 1536w, https:\/\/infotorrent.es\/wp-content\/uploads\/2023\/10\/hispanidad-4.jpeg 1740w\" sizes=\"(max-width: 1024px) 100vw, 1024px\" \/><\/figure>\n\n\n\n<figure class=\"wp-block-image size-large\"><img loading=\"lazy\" decoding=\"async\" width=\"1024\" height=\"682\" src=\"https:\/\/infotorrent.es\/wp-content\/uploads\/2023\/10\/hispanidad-3-1024x682.jpeg\" alt=\"\" class=\"wp-image-60527\" srcset=\"https:\/\/infotorrent.es\/wp-content\/uploads\/2023\/10\/hispanidad-3-1024x682.jpeg 1024w, https:\/\/infotorrent.es\/wp-content\/uploads\/2023\/10\/hispanidad-3-300x200.jpeg 300w, https:\/\/infotorrent.es\/wp-content\/uploads\/2023\/10\/hispanidad-3-768x512.jpeg 768w, https:\/\/infotorrent.es\/wp-content\/uploads\/2023\/10\/hispanidad-3-1536x1023.jpeg 1536w, https:\/\/infotorrent.es\/wp-content\/uploads\/2023\/10\/hispanidad-3.jpeg 1600w\" sizes=\"(max-width: 1024px) 100vw, 1024px\" \/><\/figure>\n","protected":false},"excerpt":{"rendered":"<p>L&#8217;alcaldessa Amparo Folgado i la regidor de Festes, Mar\u00eda Fern\u00e1ndez, han presentat este mat\u00ed el programa d&#8217;activitats que tindr\u00e0 lloc el 12 d&#8217;octubre en commemoraci\u00f3 d&#8217;esta data tan assenyalada La celebraci\u00f3 del Dia de la Hispanitat \u00e9s una de les grans novetats introdu\u00efdes per l&#8217;actual equip de govern, amb l&#8217;objectiu de posar en valor all\u00f2 [&hellip;]<\/p>\n","protected":false},"author":2,"featured_media":60535,"comment_status":"open","ping_status":"open","sticky":false,"template":"","format":"standard","meta":{"_acf_changed":false,"footnotes":""},"categories":[136],"tags":[],"class_list":["post-60531","post","type-post","status-publish","format-standard","has-post-thumbnail","hentry","category-festes-i-turisme"],"acf":[],"_links":{"self":[{"href":"https:\/\/infotorrent.es\/ca\/wp-json\/wp\/v2\/posts\/60531","targetHints":{"allow":["GET"]}}],"collection":[{"href":"https:\/\/infotorrent.es\/ca\/wp-json\/wp\/v2\/posts"}],"about":[{"href":"https:\/\/infotorrent.es\/ca\/wp-json\/wp\/v2\/types\/post"}],"author":[{"embeddable":true,"href":"https:\/\/infotorrent.es\/ca\/wp-json\/wp\/v2\/users\/2"}],"replies":[{"embeddable":true,"href":"https:\/\/infotorrent.es\/ca\/wp-json\/wp\/v2\/comments?post=60531"}],"version-history":[{"count":1,"href":"https:\/\/infotorrent.es\/ca\/wp-json\/wp\/v2\/posts\/60531\/revisions"}],"predecessor-version":[{"id":60534,"href":"https:\/\/infotorrent.es\/ca\/wp-json\/wp\/v2\/posts\/60531\/revisions\/60534"}],"wp:featuredmedia":[{"embeddable":true,"href":"https:\/\/infotorrent.es\/ca\/wp-json\/wp\/v2\/media\/60535"}],"wp:attachment":[{"href":"https:\/\/infotorrent.es\/ca\/wp-json\/wp\/v2\/media?parent=60531"}],"wp:term":[{"taxonomy":"category","embeddable":true,"href":"https:\/\/infotorrent.es\/ca\/wp-json\/wp\/v2\/categories?post=60531"},{"taxonomy":"post_tag","embeddable":true,"href":"https:\/\/infotorrent.es\/ca\/wp-json\/wp\/v2\/tags?post=60531"}],"curies":[{"name":"wp","href":"https:\/\/api.w.org\/{rel}","templated":true}]}}