{"id":60511,"date":"2023-10-05T09:06:48","date_gmt":"2023-10-05T09:06:48","guid":{"rendered":"https:\/\/infotorrent.es\/uncategorized\/la-ciudad-danza-al-ritmo-de-la-xaquera-de-torrent\/"},"modified":"2023-10-05T09:20:58","modified_gmt":"2023-10-05T09:20:58","slug":"la-ciudad-danza-al-ritmo-de-la-xaquera-de-torrent","status":"publish","type":"post","link":"https:\/\/infotorrent.es\/ca\/cultura-es-2\/la-ciudad-danza-al-ritmo-de-la-xaquera-de-torrent\/","title":{"rendered":"La ciutat dansa al ritme de la\u00a0X\u00e0quera de Torrent"},"content":{"rendered":"\n<h5 class=\"wp-block-heading\">El\u00a0Grup de\u00a0Ball l\u2019\u00da i Dos del\u00a0Llar\u00a0Antoni\u00e0 representar\u00e0 aquest ball tradicional el diumenge que ve, a les\u00a020:45h, en l&#8217;Ermita de Sant Llu\u00eds Bertr\u00e1n<\/h5>\n\n\n\n<h5 class=\"wp-block-heading\">L&#8217;alcaldessa Amparo Folgado i els membres de la Corporaci\u00f3 Municipal tamb\u00e9 participaran en la\u00a0X\u00e0quera<\/h5>\n\n\n\n<p>Dins de la setmana cultural del 9 d&#8217;octubre, el\u00a0Grup de\u00a0Ball l\u2019\u00da i Dos del\u00a0Llar\u00a0Antoni\u00e0 representar\u00e0, per segona vegada, la tradicional\u00a0X\u00e0quera de Torrent en la nit del diumenge 8 d&#8217;octubre, donant la benvinguda, d&#8217;aquesta manera, a la\u00a0festa de\u00a0tots\u00a0els\u00a0valencians. L&#8217;activitat tindr\u00e0 lloc a les\u00a020:45h en l&#8217;entrada de l&#8217;Ermita de Sant Llu\u00eds Bertr\u00e1n, on ve\u00efns i ve\u00efnes es reuniran per a gaudir d&#8217;aquesta exhibici\u00f3 de ball i tradici\u00f3, que afona les seues arrels profundament en la hist\u00f2ria de la ciutat.<\/p>\n\n\n\n<p><strong>\u201cLa representaci\u00f3 d&#8217;aquesta dansa \u00e9s una dels nostres costums amb major tradici\u00f3, i una part indispensable del nostre patrimoni cultural. Per aix\u00f2 mateix \u00e9s tan important que la conservem tal com ens ha arribat i continuem reunint-nos cada any per a festejar i ballar tal com han fet els\u00a0torrentins des de fa segles\u201d<\/strong>, comenta l&#8217;alcaldessa de Torrent, Amparo Folgado. Per part seua, el regidor de Cultura, Aitor S\u00e1nchez, explica que <strong>\u201cla\u00a0**X\u00e0quera es representava fins fa 100 anys en honor a Sant Llu\u00eds Bertr\u00e1n. Motiu pel qual, ens tornarem a reunir enfront de la parr\u00f2quia a la qual dona nom per a recuperar aquesta tradici\u00f3 centen\u00e0ria i retre homenatge a la hist\u00f2ria de Torrent\u201d.<\/strong><\/p>\n\n\n\n<p>I com a mostra del ferm suport de l&#8217;Ajuntament de Torrent a aquesta iniciativa, els membres del\u00a0Grup l\u2019\u00da i Dos del\u00a0*Llar\u00a0Antoni\u00e0 estaran acompanyats per l&#8217;alcaldessa Amparo Folgado; el regidor de Cultura, Aitor S\u00e1nchez; la regidora de Festes, Mar\u00eda Fern\u00e1ndez; el regidor de Sanitat, Santi Calatayud; i els membres de la Corporaci\u00f3 Municipal, Andr\u00e9s Campos i\u00a0Susi Ferrer.<\/p>\n\n\n\n<figure class=\"wp-block-image aligncenter size-large\"><img fetchpriority=\"high\" decoding=\"async\" width=\"724\" height=\"1024\" src=\"https:\/\/infotorrent.es\/wp-content\/uploads\/2023\/10\/xaquera-724x1024.jpg\" alt=\"\" class=\"wp-image-60507\" srcset=\"https:\/\/infotorrent.es\/wp-content\/uploads\/2023\/10\/xaquera-724x1024.jpg 724w, https:\/\/infotorrent.es\/wp-content\/uploads\/2023\/10\/xaquera-212x300.jpg 212w, https:\/\/infotorrent.es\/wp-content\/uploads\/2023\/10\/xaquera-768x1087.jpg 768w, https:\/\/infotorrent.es\/wp-content\/uploads\/2023\/10\/xaquera.jpg 1080w\" sizes=\"(max-width: 724px) 100vw, 724px\" \/><\/figure>\n","protected":false},"excerpt":{"rendered":"<p>El\u00a0Grup de\u00a0Ball l\u2019\u00da i Dos del\u00a0Llar\u00a0Antoni\u00e0 representar\u00e0 aquest ball tradicional el diumenge que ve, a les\u00a020:45h, en l&#8217;Ermita de Sant Llu\u00eds Bertr\u00e1n L&#8217;alcaldessa Amparo Folgado i els membres de la Corporaci\u00f3 Municipal tamb\u00e9 participaran en la\u00a0X\u00e0quera Dins de la setmana cultural del 9 d&#8217;octubre, el\u00a0Grup de\u00a0Ball l\u2019\u00da i Dos del\u00a0Llar\u00a0Antoni\u00e0 representar\u00e0, per segona vegada, la [&hellip;]<\/p>\n","protected":false},"author":2,"featured_media":60515,"comment_status":"open","ping_status":"open","sticky":false,"template":"","format":"standard","meta":{"_acf_changed":false,"footnotes":""},"categories":[126],"tags":[],"class_list":["post-60511","post","type-post","status-publish","format-standard","has-post-thumbnail","hentry","category-cultura-es-2"],"acf":[],"_links":{"self":[{"href":"https:\/\/infotorrent.es\/ca\/wp-json\/wp\/v2\/posts\/60511","targetHints":{"allow":["GET"]}}],"collection":[{"href":"https:\/\/infotorrent.es\/ca\/wp-json\/wp\/v2\/posts"}],"about":[{"href":"https:\/\/infotorrent.es\/ca\/wp-json\/wp\/v2\/types\/post"}],"author":[{"embeddable":true,"href":"https:\/\/infotorrent.es\/ca\/wp-json\/wp\/v2\/users\/2"}],"replies":[{"embeddable":true,"href":"https:\/\/infotorrent.es\/ca\/wp-json\/wp\/v2\/comments?post=60511"}],"version-history":[{"count":1,"href":"https:\/\/infotorrent.es\/ca\/wp-json\/wp\/v2\/posts\/60511\/revisions"}],"predecessor-version":[{"id":60514,"href":"https:\/\/infotorrent.es\/ca\/wp-json\/wp\/v2\/posts\/60511\/revisions\/60514"}],"wp:featuredmedia":[{"embeddable":true,"href":"https:\/\/infotorrent.es\/ca\/wp-json\/wp\/v2\/media\/60515"}],"wp:attachment":[{"href":"https:\/\/infotorrent.es\/ca\/wp-json\/wp\/v2\/media?parent=60511"}],"wp:term":[{"taxonomy":"category","embeddable":true,"href":"https:\/\/infotorrent.es\/ca\/wp-json\/wp\/v2\/categories?post=60511"},{"taxonomy":"post_tag","embeddable":true,"href":"https:\/\/infotorrent.es\/ca\/wp-json\/wp\/v2\/tags?post=60511"}],"curies":[{"name":"wp","href":"https:\/\/api.w.org\/{rel}","templated":true}]}}