{"id":60389,"date":"2023-10-02T11:01:48","date_gmt":"2023-10-02T11:01:48","guid":{"rendered":"https:\/\/infotorrent.es\/uncategorized\/torrent-presenta-la-programacion-del-9-doctubre-que-viene-cargado-de-novedades\/"},"modified":"2023-10-02T11:16:28","modified_gmt":"2023-10-02T11:16:28","slug":"torrent-presenta-la-programacion-del-9-doctubre-que-viene-cargado-de-novedades","status":"publish","type":"post","link":"https:\/\/infotorrent.es\/ca\/festes-i-tradicions-2\/torrent-presenta-la-programacion-del-9-doctubre-que-viene-cargado-de-novedades\/","title":{"rendered":"Torrent presenta la programaci\u00f3 del 9 d\u2019octubre, que ve carregat de novetats"},"content":{"rendered":"\n<h5 class=\"wp-block-heading\">Entre els canvis d&#8217;aquesta edici\u00f3 s&#8217;inclou una modificaci\u00f3 en el recorregut de la process\u00f3 c\u00edvica, que discorrer\u00e0 per carrers m\u00e9s amplis perqu\u00e8 la ciutadania puga gaudir del passeig amb major comoditat<\/h5>\n\n\n\n<h5 class=\"wp-block-heading\">Els artistes Jos\u00e9 Lu\u00eds Ceballos i Paco\u00a0Sanabria han sigut els encarregats de dissenyar una campanya que ret homenatge a l&#8217;ess\u00e8ncia del poble valenci\u00e0 i\u00a0torrent\u00cd<\/h5>\n\n\n\n<h5 class=\"wp-block-heading\">La dissenyadora\u00a0torrentina Reme\u00a0Ort\u00ed, amb l&#8217;ajuda del cronista municipal Pepe Royo, ha presentat els dos\u00a0maseros que s&#8217;estrenaran el Dia de la Comunitat Valenciana<\/h5>\n\n\n\n<p>L&#8217;Ajuntament de Torrent ha presentat aquest mat\u00ed la programaci\u00f3 especial que ha preparat amb motiu de la festa de\u00a0tots\u00a0els\u00a0valencians, el 9 d\u2019octubre. La roda de premsa, celebrada en l\u2019Antic\u00a0Mercat, ha comptat amb la pres\u00e8ncia de l&#8217;alcaldessa Amparo Folgado i el regidor responsable de l&#8217;\u00e0rea de Cultura, Aitor S\u00e1nchez, els qui han sigut els encarregats de donar a con\u00e8ixer els actes que es desenvoluparan fins dilluns que ve.<\/p>\n\n\n\n<p><strong>\u201cAmb aquesta setmana cultural volem posar en valor la identitat, la hist\u00f2ria i els valors del poble valenci\u00e0 i\u00a0torrent\u00cd, que amb tant d&#8217;orgull exhibim i representem\u201d<\/strong>, explica l&#8217;alcaldessa Amparo Folgado, qui tamb\u00e9 subratlla que <strong>\u201cen aquesta data tan assenyalada rendim honor a tot all\u00f2 que ens uneix, i estem desitjant compartir aquest bonic sentiment amb els nostres ve\u00efns i ve\u00efnes\u201d.<\/strong><\/p>\n\n\n\n<p>En l&#8217;acte tamb\u00e9 s&#8217;ha revelat el disseny que acompanyar\u00e0 a les activitats de tota la setmana. Jos\u00e9 Lu\u00eds Ceballos i Paco\u00a0Sanabria, dissenyadors i reconeguts artistes fallers encarregats de plantar la falla infantil municipal de Val\u00e8ncia en 2023, s\u00f3n els responsables de la imatge d&#8217;aquesta edici\u00f3 que resumeix<strong> \u201cl&#8217;ess\u00e8ncia d&#8217;una festa que integra i ret homenatge a les nostres arrels i a la nostra ess\u00e8ncia\u201d<\/strong>, comenta el regidor de Cultura, Aitor S\u00e1nchez. Aix\u00ed mateix, la dissenyadora\u00a0torrentina Reme\u00a0Ort\u00ed ha presentat la figura dels dos nous\u00a0maseros municipals que ha confeccionat per al dia de la Comunitat Valenciana, i que tamb\u00e9 s&#8217;utilitzaran en els esdeveniments m\u00e9s importants de Torrent. Per a aix\u00f2,\u00a0Ort\u00ed ha comptat amb el consell i les anotacions hist\u00f2riques del cronista de la ciutat, Pepe Royo. Sobre aquest tema, l&#8217;edil ha volgut destacar <strong>\u201cla gran faena que han realitzat tant Ceballos i\u00a0Sanabria, com\u00a0Ort\u00ed i Royo. Tenim molta sort de poder comptar amb el seu talent i experi\u00e8ncia\u201d.<\/strong><\/p>\n\n\n\n<p>La jornada del 9 d&#8217;octubre comen\u00e7ar\u00e0 amb la\u00a0entraeta de Moros i Cristians des de Mont-Si\u00f3 fins a la Torre, en una nova exhibici\u00f3 de m\u00fasica, color i tradici\u00f3 d&#8217;aquesta festa tan ic\u00f2nica de la ciutat. Ja a la vesprada se celebrar\u00e0 la process\u00f3 c\u00edvica de l&#8217;ajuntament a la pla\u00e7a Major, que enguany estrenar\u00e0 recorregut, ja que transitar\u00e0 per part de l&#8217;Avinguda al\u00a0Vedat, millorant aix\u00ed les condicions en les quals els\u00a0torrentins\u00a0gaudiran del pas de la\u00a0Reial Senyera de Torrent. Tamb\u00e9 com a novetat, l&#8217;ensenya descendir\u00e0 per la fa\u00e7ana de l&#8217;edifici consistorial i dos\u00a0maseros la custodiaran durant el seu recorregut. Els carrers Sagra i Sant Crist\u00f2for tindran una il\u00b7luminaci\u00f3 i decoraci\u00f3 especials, en el que suposa un afegit m\u00e9s a les celebracions d&#8217;anys anteriors. Una vegada finalitzada la process\u00f3, tindr\u00e0 lloc el concert extraordinari de la Banda del Cercle Cat\u00f2lic, que ser\u00e0 l&#8217;avantsala del gran espectacle de focs artificials que tancar\u00e0 el dia i la festa de la Comunitat Valenciana.<\/p>\n\n\n\n<p>La resta de la programaci\u00f3 del 9 d\u2019octubre arriba carregada de novetats i est\u00e0 pensada per a tots els p\u00fablics, amb variades propostes culturals que no deixaran de costat hist\u00f2ric propi d&#8217;aquesta data. Tant \u00e9s aix\u00ed que avui mateix es podr\u00e0 celebrar del millor cinema social en el Festival\u00a0Mirades\u00a0Fest i tamb\u00e9 de la millor m\u00fasica tradicional que la Banda de\u00a0Majors de l&#8217;Horta\u00a0Sud oferir\u00e0 coincidint amb el Dia Internacional de les Persones Majors. La III\u00a0Setmana Cultural Torrent d\u2019Art oferir\u00e0 confer\u00e8ncies a la casa de la Cultura centrades en la figura universal del pintor Joaqu\u00edm\u00a0Sorolla. El curs de divulgaci\u00f3 musical\u00a0Shhc\u00fachame centrar\u00e0 la seua sessi\u00f3 d&#8217;aquesta setmana en \u201cEl\u00a0Ball de Torrent\u201d.<\/p>\n\n\n\n<p><br>Els m\u00e9s xicotets tamb\u00e9 podran acostar-se a la festa del 9 d\u2019octubre amb diferents activitats infantils pensades per a ells, entre les quals destaquen la representaci\u00f3 teatral \u2018Jaume I\u2019 que es dur\u00e0 a terme el divendres 5 a les\u00a018h en l&#8217;Avinguda Ol\u00edmpica i el dissabte 6 a les\u00a012h en la Pl. Uni\u00f3 Musical.<\/p>\n\n\n\n<p>Adjuntem la programaci\u00f3 completa de la setmana del 9 d\u2019octubre.<\/p>\n\n\n\n<p><strong>DILLUNS 2 de octubre<\/strong><\/p>\n\n\n\n<p><strong>19:00 h<\/strong>. II Mostra de cine Social i Salut Mental<\/p>\n\n\n\n<p>\u201dMIRADES FEST\u201d Sal\u00f3 d\u2019actes de la Caixa Rural de Torrent, av. al Vedat, 3<\/p>\n\n\n\n<p><strong>18.30 h<\/strong>. Dia del Major. Concert de la Banda de Majors de l\u2019Horta Sud. Sal\u00f3 d\u2019actes de la Uni\u00f3 Musical de Torrent, av. al Vedat,21<\/p>\n\n\n\n<p><strong>DIMARTS 3 de octubre<\/strong><\/p>\n\n\n\n<p><strong>18:00 h<\/strong>. II Mostra de cine Social i Salut Mental<\/p>\n\n\n\n<p>\u201cMIRADES FEST\u201d Sal\u00f3 d\u2019actes de la Caixa Rural de Torrent, av. al Vedat, 3<\/p>\n\n\n\n<p><strong>DIMECRES 4 de octubre<\/strong><\/p>\n\n\n\n<p><strong>19.00 h<\/strong>. Curs de divulgaci\u00f3 musical Shhc\u00fachame:\u201cEl Ball de Torrent\u201d. Sal\u00f3 d\u2019actes Casa de Cultura<\/p>\n\n\n\n<p><strong>18:00 h<\/strong>. II Mostra de cine Social i Salut Mental \u201cMIRADES FEST\u201d<\/p>\n\n\n\n<p>Sal\u00f3 d\u2019actes de la Caixa Rural de Torrent, av. al Vedat, 3<\/p>\n\n\n\n<p><strong>DIJOUS 5 de octubre<\/strong><\/p>\n\n\n\n<p><strong>19.00 h<\/strong>. III SETMANA CULTURAL TORRENT D\u2019ART<\/p>\n\n\n\n<p>Confer\u00e8ncia \u201cLa fotograf\u00eda i Sorolla\u201d, a c\u00e0rrec de Pepe Lacreu. Sal\u00f3 d\u2019actes Casa de Cultura<\/p>\n\n\n\n<p><strong>18:00 h<\/strong>. II Mostra de cine Social i Salut Mental \u201cMIRADES FEST\u201d<\/p>\n\n\n\n<p>Sal\u00f3 d\u2019actes de la Caixa Rural de Torrent, av. al Vedat, 3<\/p>\n\n\n\n<p><strong>VIERNES 6 de octubre<\/strong><\/p>\n\n\n\n<p><strong>18.00 h<\/strong>. Espectacle infantil \u201cJaume I\u201d \/\/ Avinguda Ol\u00edmpica<\/p>\n\n\n\n<p><strong>19.00 h<\/strong>. III SETMANA CULTURAL TORRENT D\u2019ART<\/p>\n\n\n\n<p>Presentaci\u00f3 del llibre \u201cMar\u00eda de Benim\u00e0met, la otra modelo de Sorolla\u201d, de Jes\u00fas Hern\u00e1ndez Bad\u00eda. \/\/ Sal\u00f3 d\u2019actes Casa de Cultura<\/p>\n\n\n\n<p><strong>18:00 h<\/strong>. II Mostra de cine Social i Salut Mental \u201dMIRADES FEST\u201d. Sal\u00f3 d\u2019actes de la Caixa Rural de Torrent, av. al Vedat, 3<\/p>\n\n\n\n<p><strong>DISSABTE &nbsp;7 d\u2019octubre<\/strong><\/p>\n\n\n\n<p><strong>12.00 h<\/strong>. Espectacle infantil \u201cJaume I\u201d \/\/ Pla\u00e7a Uni\u00f3 Musical<\/p>\n\n\n\n<p><strong>10.00 a 15.00h<\/strong>. II FIRA ART\u00cdSTICA \u201cLIT &amp; ART TORRENT\u201d. C.C. Las Am\u00e9ricas<\/p>\n\n\n\n<p><strong>19.00 h<\/strong>. II Mostra de cine Social i Salut Mental \u201dMIRADES FEST\u201d Auditori de Torrent c\/ Vicent Pallard\u00f3,25 19.00h. Homenatge a la Senyera de la Falla Sants Patrons en l\u2019Hort de Tr\u00e9nor<\/p>\n\n\n\n<p><strong>DIUMENGE 8 d\u2019octubre<\/strong><\/p>\n\n\n\n<p><strong>21.00 h<\/strong>. X\u00e0quera de Torrent a Sant Llu\u00eds Bertran, a c\u00e0rrec del Grup de Ball l\u2019\u00da i Dos del Llar Antoni\u00e0 \/\/ Ermita de Sant Llu\u00eds Bertran<\/p>\n\n\n\n<p><strong>DILLUNS 9 d\u2019octubre<\/strong><\/p>\n\n\n\n<p><strong>11.30 h<\/strong>. Entraeta Moros i Cristians. Des de Mont-Si\u00f3 fins la Torre<\/p>\n\n\n\n<p><strong>13:15 h<\/strong>. Nomenament de c\u00e0rrecs a la Torre<\/p>\n\n\n\n<p><strong>19.00 h<\/strong>. Process\u00f3 C\u00edvica. Des d\u2019Ajuntament fins pla\u00e7a Major<\/p>\n\n\n\n<p><strong>20.00 h<\/strong>. Homenatge a Jaume I i a la Senyera. Concert extraordinari Banda Cercle Cat\u00f2lic de Torrent. Focs artificials a la Pla\u00e7a Major<\/p>\n\n\n\n<figure class=\"wp-block-gallery has-nested-images columns-default is-cropped wp-block-gallery-1 is-layout-flex wp-block-gallery-is-layout-flex\">\n<figure class=\"wp-block-image size-large\"><img fetchpriority=\"high\" decoding=\"async\" width=\"1024\" height=\"682\" data-id=\"60376\" src=\"https:\/\/infotorrent.es\/wp-content\/uploads\/2023\/10\/9-octubre-7-1024x682.jpeg\" alt=\"\" class=\"wp-image-60376\" srcset=\"https:\/\/infotorrent.es\/wp-content\/uploads\/2023\/10\/9-octubre-7-1024x682.jpeg 1024w, https:\/\/infotorrent.es\/wp-content\/uploads\/2023\/10\/9-octubre-7-300x200.jpeg 300w, https:\/\/infotorrent.es\/wp-content\/uploads\/2023\/10\/9-octubre-7-768x512.jpeg 768w, https:\/\/infotorrent.es\/wp-content\/uploads\/2023\/10\/9-octubre-7-1536x1023.jpeg 1536w, https:\/\/infotorrent.es\/wp-content\/uploads\/2023\/10\/9-octubre-7.jpeg 1600w\" sizes=\"(max-width: 1024px) 100vw, 1024px\" \/><\/figure>\n\n\n\n<figure class=\"wp-block-image size-large\"><img decoding=\"async\" width=\"1024\" height=\"682\" data-id=\"60378\" src=\"https:\/\/infotorrent.es\/wp-content\/uploads\/2023\/10\/9-octubre-2-1-1024x682.jpeg\" alt=\"\" class=\"wp-image-60378\" srcset=\"https:\/\/infotorrent.es\/wp-content\/uploads\/2023\/10\/9-octubre-2-1-1024x682.jpeg 1024w, https:\/\/infotorrent.es\/wp-content\/uploads\/2023\/10\/9-octubre-2-1-300x200.jpeg 300w, https:\/\/infotorrent.es\/wp-content\/uploads\/2023\/10\/9-octubre-2-1-768x512.jpeg 768w, https:\/\/infotorrent.es\/wp-content\/uploads\/2023\/10\/9-octubre-2-1-1536x1023.jpeg 1536w, https:\/\/infotorrent.es\/wp-content\/uploads\/2023\/10\/9-octubre-2-1.jpeg 1600w\" sizes=\"(max-width: 1024px) 100vw, 1024px\" \/><\/figure>\n\n\n\n<figure class=\"wp-block-image size-large\"><img decoding=\"async\" width=\"1024\" height=\"682\" data-id=\"60368\" src=\"https:\/\/infotorrent.es\/wp-content\/uploads\/2023\/10\/9-octubre-2-1024x682.jpeg\" alt=\"\" class=\"wp-image-60368\" srcset=\"https:\/\/infotorrent.es\/wp-content\/uploads\/2023\/10\/9-octubre-2-1024x682.jpeg 1024w, https:\/\/infotorrent.es\/wp-content\/uploads\/2023\/10\/9-octubre-2-300x200.jpeg 300w, https:\/\/infotorrent.es\/wp-content\/uploads\/2023\/10\/9-octubre-2-768x512.jpeg 768w, https:\/\/infotorrent.es\/wp-content\/uploads\/2023\/10\/9-octubre-2-1536x1023.jpeg 1536w, https:\/\/infotorrent.es\/wp-content\/uploads\/2023\/10\/9-octubre-2.jpeg 1600w\" sizes=\"(max-width: 1024px) 100vw, 1024px\" \/><\/figure>\n\n\n\n<figure class=\"wp-block-image size-large\"><img loading=\"lazy\" decoding=\"async\" width=\"1024\" height=\"682\" data-id=\"60370\" src=\"https:\/\/infotorrent.es\/wp-content\/uploads\/2023\/10\/9-octubre-3-1024x682.jpeg\" alt=\"\" class=\"wp-image-60370\" srcset=\"https:\/\/infotorrent.es\/wp-content\/uploads\/2023\/10\/9-octubre-3-1024x682.jpeg 1024w, https:\/\/infotorrent.es\/wp-content\/uploads\/2023\/10\/9-octubre-3-300x200.jpeg 300w, https:\/\/infotorrent.es\/wp-content\/uploads\/2023\/10\/9-octubre-3-768x512.jpeg 768w, https:\/\/infotorrent.es\/wp-content\/uploads\/2023\/10\/9-octubre-3-1536x1023.jpeg 1536w, https:\/\/infotorrent.es\/wp-content\/uploads\/2023\/10\/9-octubre-3.jpeg 1600w\" sizes=\"(max-width: 1024px) 100vw, 1024px\" \/><\/figure>\n\n\n\n<figure class=\"wp-block-image size-large\"><img loading=\"lazy\" decoding=\"async\" width=\"1024\" height=\"682\" data-id=\"60380\" src=\"https:\/\/infotorrent.es\/wp-content\/uploads\/2023\/10\/9-octubre-4-1024x682.jpeg\" alt=\"\" class=\"wp-image-60380\" srcset=\"https:\/\/infotorrent.es\/wp-content\/uploads\/2023\/10\/9-octubre-4-1024x682.jpeg 1024w, https:\/\/infotorrent.es\/wp-content\/uploads\/2023\/10\/9-octubre-4-300x200.jpeg 300w, https:\/\/infotorrent.es\/wp-content\/uploads\/2023\/10\/9-octubre-4-768x512.jpeg 768w, https:\/\/infotorrent.es\/wp-content\/uploads\/2023\/10\/9-octubre-4-1536x1023.jpeg 1536w, https:\/\/infotorrent.es\/wp-content\/uploads\/2023\/10\/9-octubre-4.jpeg 1600w\" sizes=\"(max-width: 1024px) 100vw, 1024px\" \/><\/figure>\n\n\n\n<figure class=\"wp-block-image size-large\"><img loading=\"lazy\" decoding=\"async\" width=\"1024\" height=\"682\" data-id=\"60382\" src=\"https:\/\/infotorrent.es\/wp-content\/uploads\/2023\/10\/9-octubre-5-1024x682.jpeg\" alt=\"\" class=\"wp-image-60382\" srcset=\"https:\/\/infotorrent.es\/wp-content\/uploads\/2023\/10\/9-octubre-5-1024x682.jpeg 1024w, https:\/\/infotorrent.es\/wp-content\/uploads\/2023\/10\/9-octubre-5-300x200.jpeg 300w, https:\/\/infotorrent.es\/wp-content\/uploads\/2023\/10\/9-octubre-5-768x512.jpeg 768w, https:\/\/infotorrent.es\/wp-content\/uploads\/2023\/10\/9-octubre-5-1536x1023.jpeg 1536w, https:\/\/infotorrent.es\/wp-content\/uploads\/2023\/10\/9-octubre-5.jpeg 1600w\" sizes=\"(max-width: 1024px) 100vw, 1024px\" \/><\/figure>\n\n\n\n<figure class=\"wp-block-image size-large\"><img loading=\"lazy\" decoding=\"async\" width=\"1024\" height=\"682\" data-id=\"60384\" src=\"https:\/\/infotorrent.es\/wp-content\/uploads\/2023\/10\/9-octubre-6-1024x682.jpeg\" alt=\"\" class=\"wp-image-60384\" srcset=\"https:\/\/infotorrent.es\/wp-content\/uploads\/2023\/10\/9-octubre-6-1024x682.jpeg 1024w, https:\/\/infotorrent.es\/wp-content\/uploads\/2023\/10\/9-octubre-6-300x200.jpeg 300w, https:\/\/infotorrent.es\/wp-content\/uploads\/2023\/10\/9-octubre-6-768x512.jpeg 768w, https:\/\/infotorrent.es\/wp-content\/uploads\/2023\/10\/9-octubre-6-1536x1023.jpeg 1536w, https:\/\/infotorrent.es\/wp-content\/uploads\/2023\/10\/9-octubre-6.jpeg 1600w\" sizes=\"(max-width: 1024px) 100vw, 1024px\" \/><\/figure>\n\n\n\n<figure class=\"wp-block-image size-large\"><img loading=\"lazy\" decoding=\"async\" width=\"1024\" height=\"682\" data-id=\"60372\" src=\"https:\/\/infotorrent.es\/wp-content\/uploads\/2023\/10\/9-octubre-8-1024x682.jpeg\" alt=\"\" class=\"wp-image-60372\" srcset=\"https:\/\/infotorrent.es\/wp-content\/uploads\/2023\/10\/9-octubre-8-1024x682.jpeg 1024w, https:\/\/infotorrent.es\/wp-content\/uploads\/2023\/10\/9-octubre-8-300x200.jpeg 300w, https:\/\/infotorrent.es\/wp-content\/uploads\/2023\/10\/9-octubre-8-768x512.jpeg 768w, https:\/\/infotorrent.es\/wp-content\/uploads\/2023\/10\/9-octubre-8-1536x1023.jpeg 1536w, https:\/\/infotorrent.es\/wp-content\/uploads\/2023\/10\/9-octubre-8.jpeg 1600w\" sizes=\"(max-width: 1024px) 100vw, 1024px\" \/><\/figure>\n\n\n\n<figure class=\"wp-block-image size-large\"><img loading=\"lazy\" decoding=\"async\" width=\"1024\" height=\"682\" data-id=\"60374\" src=\"https:\/\/infotorrent.es\/wp-content\/uploads\/2023\/10\/9-octubre-9-1024x682.jpeg\" alt=\"\" class=\"wp-image-60374\" srcset=\"https:\/\/infotorrent.es\/wp-content\/uploads\/2023\/10\/9-octubre-9-1024x682.jpeg 1024w, https:\/\/infotorrent.es\/wp-content\/uploads\/2023\/10\/9-octubre-9-300x200.jpeg 300w, https:\/\/infotorrent.es\/wp-content\/uploads\/2023\/10\/9-octubre-9-768x512.jpeg 768w, https:\/\/infotorrent.es\/wp-content\/uploads\/2023\/10\/9-octubre-9-1536x1023.jpeg 1536w, https:\/\/infotorrent.es\/wp-content\/uploads\/2023\/10\/9-octubre-9.jpeg 1600w\" sizes=\"(max-width: 1024px) 100vw, 1024px\" \/><\/figure>\n<\/figure>\n","protected":false},"excerpt":{"rendered":"<p>Entre els canvis d&#8217;aquesta edici\u00f3 s&#8217;inclou una modificaci\u00f3 en el recorregut de la process\u00f3 c\u00edvica, que discorrer\u00e0 per carrers m\u00e9s amplis perqu\u00e8 la ciutadania puga gaudir del passeig amb major comoditat Els artistes Jos\u00e9 Lu\u00eds Ceballos i Paco\u00a0Sanabria han sigut els encarregats de dissenyar una campanya que ret homenatge a l&#8217;ess\u00e8ncia del poble valenci\u00e0 i\u00a0torrent\u00cd [&hellip;]<\/p>\n","protected":false},"author":2,"featured_media":60377,"comment_status":"open","ping_status":"open","sticky":false,"template":"","format":"standard","meta":{"_acf_changed":false,"footnotes":""},"categories":[156,126],"tags":[],"class_list":["post-60389","post","type-post","status-publish","format-standard","has-post-thumbnail","hentry","category-festes-i-tradicions-2","category-cultura-es-2"],"acf":[],"_links":{"self":[{"href":"https:\/\/infotorrent.es\/ca\/wp-json\/wp\/v2\/posts\/60389","targetHints":{"allow":["GET"]}}],"collection":[{"href":"https:\/\/infotorrent.es\/ca\/wp-json\/wp\/v2\/posts"}],"about":[{"href":"https:\/\/infotorrent.es\/ca\/wp-json\/wp\/v2\/types\/post"}],"author":[{"embeddable":true,"href":"https:\/\/infotorrent.es\/ca\/wp-json\/wp\/v2\/users\/2"}],"replies":[{"embeddable":true,"href":"https:\/\/infotorrent.es\/ca\/wp-json\/wp\/v2\/comments?post=60389"}],"version-history":[{"count":3,"href":"https:\/\/infotorrent.es\/ca\/wp-json\/wp\/v2\/posts\/60389\/revisions"}],"predecessor-version":[{"id":60394,"href":"https:\/\/infotorrent.es\/ca\/wp-json\/wp\/v2\/posts\/60389\/revisions\/60394"}],"wp:featuredmedia":[{"embeddable":true,"href":"https:\/\/infotorrent.es\/ca\/wp-json\/wp\/v2\/media\/60377"}],"wp:attachment":[{"href":"https:\/\/infotorrent.es\/ca\/wp-json\/wp\/v2\/media?parent=60389"}],"wp:term":[{"taxonomy":"category","embeddable":true,"href":"https:\/\/infotorrent.es\/ca\/wp-json\/wp\/v2\/categories?post=60389"},{"taxonomy":"post_tag","embeddable":true,"href":"https:\/\/infotorrent.es\/ca\/wp-json\/wp\/v2\/tags?post=60389"}],"curies":[{"name":"wp","href":"https:\/\/api.w.org\/{rel}","templated":true}]}}