{"id":60358,"date":"2023-09-29T11:34:43","date_gmt":"2023-09-29T11:34:43","guid":{"rendered":"https:\/\/infotorrent.es\/?p=60358"},"modified":"2023-09-29T11:41:20","modified_gmt":"2023-09-29T11:41:20","slug":"tot-llest-per-a-la-celebracio-de-la-runcancer-mes-solidaria-de-torrent","status":"publish","type":"post","link":"https:\/\/infotorrent.es\/ca\/benestar-social-noticies-es-ca\/tot-llest-per-a-la-celebracio-de-la-runcancer-mes-solidaria-de-torrent\/","title":{"rendered":"Tot llest per a la celebraci\u00f3 de la RunC\u00e1ncer m\u00e9s solid\u00e0ria de Torrent"},"content":{"rendered":"\n<h2 class=\"wp-block-heading\">La carrera de 5K comen\u00e7ar\u00e0 dem\u00e0 a les 19.00 h en la pla\u00e7a Major i, seguidament, es donar\u00e0 l&#8217;eixida a la marxa no competitiva 4K<\/h2>\n\n\n\n<h4 class=\"wp-block-heading\">M\u00e9s de 2.000 persones inscrites ja han adquirit el seu dorsal solidari per a participar en la prova<\/h4>\n\n\n\n<p>La ciutat de Torrent ja t\u00e9 tot llest per a celebrar dem\u00e0 un dels esdeveniments esportius m\u00e9s solidaris de l&#8217;any, la carrera <em>RunC\u00e1ncer, una prova impulsada per l&#8217;Associaci\u00f3 Espanyola Contra el C\u00e0ncer (<\/em>AECC) de Torrent, que forma part del circuit de carreres solid\u00e0ries de la prov\u00edncia de Val\u00e8ncia, que enguany celebra la seua 9a edici\u00f3.<br>Amb el lema Torrent: un sol cor, aquesta iniciativa que combina solidaritat i esport comen\u00e7ar\u00e0 dem\u00e0 dissabte 30 de setembre a les 19h en la pla\u00e7a Major, al costat de la Torre, escenari des d&#8217;on es donar\u00e0 el tret d&#8217;eixida al recorregut de 5 quil\u00f2metres. M\u00e9s tard, a les 19.05 h, comen\u00e7ar\u00e0 una marxa no competitiva 4K des del mateix lloc. M\u00e9s de 2.000 persones s&#8217;han inscrit ja per a participar en estes proves que recorreran els carrers de Torrent i la recaptaci\u00f3 dels quals es destinar\u00e0 \u00edntegrament per a col\u00b7laborar en la lluita contra el c\u00e0ncer.<br>L&#8217;equip de govern de l&#8217;Ajuntament de Torrent, en coordinaci\u00f3 amb l&#8217;AECC de Torrent, Policia Local, Protecci\u00f3 Civil i Brigada d&#8217;Obres, ha treballat durant les \u00faltimes setmanes per a assegurar el correcte desenvolupament de la prova. Abans de la celebraci\u00f3, l&#8217;alcaldessa de Torrent ha volgut agrair a tots els participants \u201cla gran feina realitzada perqu\u00e8 la carrera siga un tot \u00e8xit i no es produ\u00efsquen incid\u00e8ncies\u201d, a m\u00e9s de convidar a la ciutadania a \u201cparticipar en la prova, ja que, a m\u00e9s de contribuir a la investigaci\u00f3 contra el c\u00e0ncer amb la compra del dorsal, es promou l&#8217;esport i els h\u00e0bits saludables, que tan importants s\u00f3n en la nostra vida di\u00e0ria\u201d.<\/p>\n\n\n\n<h5 class=\"wp-block-heading\">Recorregut pels carrers de Torrent<\/h5>\n\n\n\n<p>Els participants de la carrera recorreran algunes dels carrers amb m\u00e9s tradici\u00f3 del municipi ja que, despr\u00e9s de l&#8217;eixida al costat de la Torre, l&#8217;itinerari els portar\u00e0 pel carrer Sant Crist\u00f2for, pla\u00e7a Sant Jaume, carrer Toledo o Calvari, abans de rec\u00f3rrer l&#8217;Avinguda al Vedat fins a l&#8217;Avinguda Reina Sofia, on els corredors giraran per a emprendre el cam\u00ed de tornada. El cam\u00ed cap a la meta els portar\u00e0 de nou per reconeguts carrers de la ciutat com a Fra Luis Amig\u00f3, Sants Patrons o Verge de l&#8217;Olivar abans d&#8217;encarar l&#8217;arribada a la meta, tamb\u00e9 disposada al costat de la Torre. La marxa, amb un recorregut una poquet m\u00e9s curt, tamb\u00e9 transitar\u00e0 per part de l&#8217;itinerari de la 5K.<\/p>\n\n\n\n<figure class=\"wp-block-image size-large\"><img fetchpriority=\"high\" decoding=\"async\" width=\"684\" height=\"1024\" src=\"https:\/\/infotorrent.es\/wp-content\/uploads\/2023\/09\/RunCancer-1-684x1024.jpg\" alt=\"\" class=\"wp-image-60359\" srcset=\"https:\/\/infotorrent.es\/wp-content\/uploads\/2023\/09\/RunCancer-1-684x1024.jpg 684w, https:\/\/infotorrent.es\/wp-content\/uploads\/2023\/09\/RunCancer-1-200x300.jpg 200w, https:\/\/infotorrent.es\/wp-content\/uploads\/2023\/09\/RunCancer-1-768x1149.jpg 768w, https:\/\/infotorrent.es\/wp-content\/uploads\/2023\/09\/RunCancer-1-1026x1536.jpg 1026w, https:\/\/infotorrent.es\/wp-content\/uploads\/2023\/09\/RunCancer-1.jpg 1170w\" sizes=\"(max-width: 684px) 100vw, 684px\" \/><\/figure>\n","protected":false},"excerpt":{"rendered":"<p>La carrera de 5K comen\u00e7ar\u00e0 dem\u00e0 a les 19.00 h en la pla\u00e7a Major i, seguidament, es donar\u00e0 l&#8217;eixida a la marxa no competitiva 4K M\u00e9s de 2.000 persones inscrites ja han adquirit el seu dorsal solidari per a participar en la prova La ciutat de Torrent ja t\u00e9 tot llest per a celebrar dem\u00e0 [&hellip;]<\/p>\n","protected":false},"author":2,"featured_media":60359,"comment_status":"open","ping_status":"open","sticky":false,"template":"","format":"standard","meta":{"_acf_changed":false,"footnotes":""},"categories":[1141],"tags":[],"class_list":["post-60358","post","type-post","status-publish","format-standard","has-post-thumbnail","hentry","category-benestar-social-noticies-es-ca"],"acf":[],"_links":{"self":[{"href":"https:\/\/infotorrent.es\/ca\/wp-json\/wp\/v2\/posts\/60358","targetHints":{"allow":["GET"]}}],"collection":[{"href":"https:\/\/infotorrent.es\/ca\/wp-json\/wp\/v2\/posts"}],"about":[{"href":"https:\/\/infotorrent.es\/ca\/wp-json\/wp\/v2\/types\/post"}],"author":[{"embeddable":true,"href":"https:\/\/infotorrent.es\/ca\/wp-json\/wp\/v2\/users\/2"}],"replies":[{"embeddable":true,"href":"https:\/\/infotorrent.es\/ca\/wp-json\/wp\/v2\/comments?post=60358"}],"version-history":[{"count":1,"href":"https:\/\/infotorrent.es\/ca\/wp-json\/wp\/v2\/posts\/60358\/revisions"}],"predecessor-version":[{"id":60362,"href":"https:\/\/infotorrent.es\/ca\/wp-json\/wp\/v2\/posts\/60358\/revisions\/60362"}],"wp:featuredmedia":[{"embeddable":true,"href":"https:\/\/infotorrent.es\/ca\/wp-json\/wp\/v2\/media\/60359"}],"wp:attachment":[{"href":"https:\/\/infotorrent.es\/ca\/wp-json\/wp\/v2\/media?parent=60358"}],"wp:term":[{"taxonomy":"category","embeddable":true,"href":"https:\/\/infotorrent.es\/ca\/wp-json\/wp\/v2\/categories?post=60358"},{"taxonomy":"post_tag","embeddable":true,"href":"https:\/\/infotorrent.es\/ca\/wp-json\/wp\/v2\/tags?post=60358"}],"curies":[{"name":"wp","href":"https:\/\/api.w.org\/{rel}","templated":true}]}}