{"id":60298,"date":"2023-09-28T11:22:19","date_gmt":"2023-09-28T11:22:19","guid":{"rendered":"https:\/\/infotorrent.es\/uncategorized\/el-ayuntamiento-de-torrent-aumenta-la-inversion-en-los-programas-de-empleo-explus-y-empuju-2023-respecto-al-ano-anterior\/"},"modified":"2023-09-28T11:27:22","modified_gmt":"2023-09-28T11:27:22","slug":"el-ayuntamiento-de-torrent-aumenta-la-inversion-en-los-programas-de-empleo-explus-y-empuju-2023-respecto-al-ano-anterior","status":"publish","type":"post","link":"https:\/\/infotorrent.es\/ca\/gestio-de-recursos-i-modernitzacio\/el-ayuntamiento-de-torrent-aumenta-la-inversion-en-los-programas-de-empleo-explus-y-empuju-2023-respecto-al-ano-anterior\/","title":{"rendered":"L&#8217;Ajuntament de Torrent augmenta la inversi\u00f3 en els programes d&#8217;ocupaci\u00f3\u00a0EXPLUS i\u00a0EMPUJU 2023 respecte a l&#8217;any anterior"},"content":{"rendered":"\n<h5 class=\"wp-block-heading\">Un total de 19 persones s&#8217;incorporaran als serveis municipals, per un per\u00edode de 12 mesos, el pr\u00f2xim dilluns 2 d&#8217;octubre<\/h5>\n\n\n\n<h5 class=\"wp-block-heading\">Aquests programes estan cofinan\u00e7ats pel Servei Valenci\u00e0 d&#8217;Ocupaci\u00f3 i Formaci\u00f3 LABORA, i compten amb una inversi\u00f3 de 645.000\u20ac, al voltant de 25.000\u20ac m\u00e9s que en l&#8217;edici\u00f3 2022<\/h5>\n\n\n\n<p> Seguint amb la seua l\u00ednia de refor\u00e7 de les pol\u00edtiques d&#8217;ocupaci\u00f3, l&#8217;Ajuntament de Torrent incorporar\u00e0 a partir del pr\u00f2xim dilluns 2 d&#8217;octubre un total de 19 treballadors, per un per\u00edode de 12 mesos, a trav\u00e9s dels programes\u00a0EXPLUS i\u00a0EMPUJU 2023. Aquestes contractacions compten amb una inversi\u00f3 total de 645.420\u201972\u20ac, fins a 24.774\u201975\u20ac m\u00e9s que en l&#8217;edici\u00f3 anterior, i estan cofinan\u00e7ades pel Servei Valenci\u00e0 d&#8217;Ocupaci\u00f3 i Formaci\u00f3 LABORA en el marc del Fons Social Europeu Plus 21-27.<\/p>\n\n\n\n<p><strong>\u201cHem decidit augmentar la inversi\u00f3 en aquesta edici\u00f3 per a oferir als treballadors de tots dos programes les millors condicions possibles, de manera que puguen continuar formant-se i creixent professionalment en una situaci\u00f3 m\u00e9s favorable per al seu desenvolupament\u201d<\/strong>, explica la regidora de relacions amb IDEA\u2019T, Sandra\u00a0Fas, al que afig que <strong>\u201caquests programes permeten a persones desocupades adquirir l&#8217;experi\u00e8ncia necess\u00e0ria per a accedir a m\u00e9s i millors ofertes de treball, per la qual cosa continuarem apostant per refor\u00e7ar aquest tipus de pol\u00edtiques d&#8217;ocupaci\u00f3 de cara al futur\u201d.<\/strong><\/p>\n\n\n\n<p>Aix\u00ed, a trav\u00e9s del programa\u00a0EXPLUS, el consistori incorporar\u00e0 a jornada completa a 8 persones desocupades majors de 30 anys, que exerciran les seg\u00fcents funcions: dos oficials de pintura, altres dues d&#8217;obra de paleta, un pe\u00f3 d&#8217;obra i tres m\u00e9s de pintor, sent tots ells destinats a la Brigada d&#8217;Obres, a excepci\u00f3 d&#8217;un pe\u00f3 de pintor que ser\u00e0 destinat en l&#8217;\u00e0rea de Mobilitat. Per a realitzar aquestes contractacions, el consistori rep una subvenci\u00f3 d&#8217;EXPLUS LABORA de 135.853\u201992\u20ac, a la qual suma una dotaci\u00f3 municipal de 147.876\u201996\u20ac.<\/p>\n\n\n\n<p>En paral\u00b7lel, el programa\u00a0EMPUJU 2023 refor\u00e7ar\u00e0 els serveis municipals amb la contractaci\u00f3 d&#8217;11 persones desocupades menors de 30 anys: dos conserges, quatre llocs de personal administratiu, tres peons d&#8217;obra i dos peons de pintor. Amb aquest prop\u00f2sit, LABORA subvencionar\u00e0 un total de 181.318\u201908\u20ac, que se sumen als 180.371\u201976\u20ac que aporta l&#8217;Ajuntament de Torrent.<\/p>\n\n\n\n<figure class=\"wp-block-gallery has-nested-images columns-default is-cropped wp-block-gallery-1 is-layout-flex wp-block-gallery-is-layout-flex\">\n<figure class=\"wp-block-image size-large\"><img fetchpriority=\"high\" decoding=\"async\" width=\"1024\" height=\"682\" data-id=\"60294\" src=\"https:\/\/infotorrent.es\/wp-content\/uploads\/2023\/09\/empuju2-1024x682.jpeg\" alt=\"\" class=\"wp-image-60294\" srcset=\"https:\/\/infotorrent.es\/wp-content\/uploads\/2023\/09\/empuju2-1024x682.jpeg 1024w, https:\/\/infotorrent.es\/wp-content\/uploads\/2023\/09\/empuju2-300x200.jpeg 300w, https:\/\/infotorrent.es\/wp-content\/uploads\/2023\/09\/empuju2-768x512.jpeg 768w, https:\/\/infotorrent.es\/wp-content\/uploads\/2023\/09\/empuju2-1536x1023.jpeg 1536w, https:\/\/infotorrent.es\/wp-content\/uploads\/2023\/09\/empuju2.jpeg 1600w\" sizes=\"(max-width: 1024px) 100vw, 1024px\" \/><\/figure>\n\n\n\n<figure class=\"wp-block-image size-large\"><img decoding=\"async\" width=\"1024\" height=\"682\" data-id=\"60290\" src=\"https:\/\/infotorrent.es\/wp-content\/uploads\/2023\/09\/empuju-1024x682.jpeg\" alt=\"\" class=\"wp-image-60290\" srcset=\"https:\/\/infotorrent.es\/wp-content\/uploads\/2023\/09\/empuju-1024x682.jpeg 1024w, https:\/\/infotorrent.es\/wp-content\/uploads\/2023\/09\/empuju-300x200.jpeg 300w, https:\/\/infotorrent.es\/wp-content\/uploads\/2023\/09\/empuju-768x512.jpeg 768w, https:\/\/infotorrent.es\/wp-content\/uploads\/2023\/09\/empuju-1536x1023.jpeg 1536w, https:\/\/infotorrent.es\/wp-content\/uploads\/2023\/09\/empuju.jpeg 1600w\" sizes=\"(max-width: 1024px) 100vw, 1024px\" \/><\/figure>\n\n\n\n<figure class=\"wp-block-image size-large\"><img decoding=\"async\" width=\"1024\" height=\"682\" data-id=\"60292\" src=\"https:\/\/infotorrent.es\/wp-content\/uploads\/2023\/09\/empuju-3-1024x682.jpeg\" alt=\"\" class=\"wp-image-60292\" srcset=\"https:\/\/infotorrent.es\/wp-content\/uploads\/2023\/09\/empuju-3-1024x682.jpeg 1024w, https:\/\/infotorrent.es\/wp-content\/uploads\/2023\/09\/empuju-3-300x200.jpeg 300w, https:\/\/infotorrent.es\/wp-content\/uploads\/2023\/09\/empuju-3-768x512.jpeg 768w, https:\/\/infotorrent.es\/wp-content\/uploads\/2023\/09\/empuju-3-1536x1023.jpeg 1536w, https:\/\/infotorrent.es\/wp-content\/uploads\/2023\/09\/empuju-3.jpeg 1600w\" sizes=\"(max-width: 1024px) 100vw, 1024px\" \/><\/figure>\n<\/figure>\n","protected":false},"excerpt":{"rendered":"<p>Un total de 19 persones s&#8217;incorporaran als serveis municipals, per un per\u00edode de 12 mesos, el pr\u00f2xim dilluns 2 d&#8217;octubre Aquests programes estan cofinan\u00e7ats pel Servei Valenci\u00e0 d&#8217;Ocupaci\u00f3 i Formaci\u00f3 LABORA, i compten amb una inversi\u00f3 de 645.000\u20ac, al voltant de 25.000\u20ac m\u00e9s que en l&#8217;edici\u00f3 2022 Seguint amb la seua l\u00ednia de refor\u00e7 de [&hellip;]<\/p>\n","protected":false},"author":2,"featured_media":60302,"comment_status":"open","ping_status":"open","sticky":false,"template":"","format":"standard","meta":{"_acf_changed":false,"footnotes":""},"categories":[145],"tags":[],"class_list":["post-60298","post","type-post","status-publish","format-standard","has-post-thumbnail","hentry","category-gestio-de-recursos-i-modernitzacio"],"acf":[],"_links":{"self":[{"href":"https:\/\/infotorrent.es\/ca\/wp-json\/wp\/v2\/posts\/60298","targetHints":{"allow":["GET"]}}],"collection":[{"href":"https:\/\/infotorrent.es\/ca\/wp-json\/wp\/v2\/posts"}],"about":[{"href":"https:\/\/infotorrent.es\/ca\/wp-json\/wp\/v2\/types\/post"}],"author":[{"embeddable":true,"href":"https:\/\/infotorrent.es\/ca\/wp-json\/wp\/v2\/users\/2"}],"replies":[{"embeddable":true,"href":"https:\/\/infotorrent.es\/ca\/wp-json\/wp\/v2\/comments?post=60298"}],"version-history":[{"count":1,"href":"https:\/\/infotorrent.es\/ca\/wp-json\/wp\/v2\/posts\/60298\/revisions"}],"predecessor-version":[{"id":60301,"href":"https:\/\/infotorrent.es\/ca\/wp-json\/wp\/v2\/posts\/60298\/revisions\/60301"}],"wp:featuredmedia":[{"embeddable":true,"href":"https:\/\/infotorrent.es\/ca\/wp-json\/wp\/v2\/media\/60302"}],"wp:attachment":[{"href":"https:\/\/infotorrent.es\/ca\/wp-json\/wp\/v2\/media?parent=60298"}],"wp:term":[{"taxonomy":"category","embeddable":true,"href":"https:\/\/infotorrent.es\/ca\/wp-json\/wp\/v2\/categories?post=60298"},{"taxonomy":"post_tag","embeddable":true,"href":"https:\/\/infotorrent.es\/ca\/wp-json\/wp\/v2\/tags?post=60298"}],"curies":[{"name":"wp","href":"https:\/\/api.w.org\/{rel}","templated":true}]}}