{"id":60102,"date":"2023-09-21T12:14:00","date_gmt":"2023-09-21T12:14:00","guid":{"rendered":"https:\/\/infotorrent.es\/uncategorized\/las-empresas-de-automocion-muestran-su-apoyo-a-la-feria-de-movilidad-de-torrent\/"},"modified":"2023-09-22T06:27:34","modified_gmt":"2023-09-22T06:27:34","slug":"las-empresas-de-automocion-muestran-su-apoyo-a-la-feria-de-movilidad-de-torrent","status":"publish","type":"post","link":"https:\/\/infotorrent.es\/ca\/mobilitat\/las-empresas-de-automocion-muestran-su-apoyo-a-la-feria-de-movilidad-de-torrent\/","title":{"rendered":"Les empreses d&#8217;automoci\u00f3 mostren el seu suport a la Fira de Mobilitat de Torrent"},"content":{"rendered":"\n<h5 class=\"wp-block-heading\">L&#8217;alcaldessa Amparo Folgado i la regidora de Mobilitat, Sonia Roca, han donat el tret d&#8217;eixida a aquesta edici\u00f3 reafirmant el seu comprom\u00eds per a fer d&#8217;aquesta mostra un referent a tots els nivells<\/h5>\n\n\n\n<h5 class=\"wp-block-heading\">L&#8217;exposici\u00f3 estar\u00e0 oberta al p\u00fablic fins al dia de dem\u00e0, oferint una selecci\u00f3 dels millors models dels concessionaris\u00a0torrentins, a m\u00e9s d&#8217;una completa informaci\u00f3 sobre els avantatges dels vehicles el\u00e8ctrics<\/h5>\n\n\n\n<h5 class=\"wp-block-heading\">Dem\u00e0, durant la clausura de la mostra, l&#8217;Ajuntament i IDEA\u2019T sortejaran tres patinets el\u00e8ctrics dins de la seua campanya de promoci\u00f3 del comer\u00e7 local i els mitjans de transport sostenible<\/h5>\n\n\n\n<p> L&#8217;alcaldessa Amparo Folgado i la regidora de Mobilitat, Sonia Roca, han inaugurat aquest mat\u00ed una nova edici\u00f3 de la Fira de Mobilitat Sostenible de Torrent en l&#8217;Avinguda del\u00a0Vedat, on el p\u00fablic pot gaudir, hui i dem\u00e0, d&#8217;una \u00e0mplia selecci\u00f3 dels models el\u00e8ctrics m\u00e9s destacats dels concessionaris\u00a0torrentins\u00a0Vedat Mediterr\u00e1neo, J.R. Vall,\u00a0Vedat Import, Actuacions Torrent S.A.,\u00a0FERTO, Ginestar, Autopista Sud,\u00a0Nemesio i\u00a0Centertorrent. A m\u00e9s d&#8217;un expositor de cadires de rodes per a persones amb diversitat funcional a c\u00e0rrec de la Farm\u00e0cia Mar\u00eda G\u00f3mez\u00a0Lobo.<\/p>\n\n\n\n<p>L&#8217;acte ha congregat a multitud d&#8217;aficionats al motor i a diferents personalitats del sector per a donar el tret d&#8217;eixida a la mostra, destacant la participaci\u00f3 d&#8217;Helena Silvestre, cap de vendes d&#8217;Opel; Juan Ib\u00e1\u00f1ez, cap de vendes de\u00a0Peugeot, Carlos\u00a0Esquer, cap de vendes de\u00a0KIA;\u00a0Abd\u00f3n Gonz\u00e1lez, representant de Citro\u00ebn; Ra\u00fal\u00a0Cerc\u00f3s, responsable del Centre de Renault; Lola\u00a0Nemesio, en representaci\u00f3 d&#8217;Invicta; i Mar\u00eda G\u00f3mez, de la Farm\u00e0cia Mar\u00eda G\u00f3mez\u00a0Lobo.<\/p>\n\n\n\n<p><strong>\u201c\u00c9s un plaer i un honor per a mi poder comptar hui amb la pres\u00e8ncia d&#8217;aquests grans professionals, amb els qui podem aprendre tot el que cal saber sobre el transport del futur. El nostre objectiu \u00e9s continuar treballant perqu\u00e8 la Fira cresca any a any i es convertisca en un referent dins del sector, i crec que estem fent els passos indicats\u201d<\/strong>, ha manifestat l&#8217;alcaldessa Folgado en el seu discurs inaugural, despr\u00e9s de la qual cosa ha volgut animar a la ciutadania a <strong>\u201cvisitar els expositors de la mostra i gaudir del bon ambient, a m\u00e9s de l&#8217;orxata i el llim\u00f3 granissat que hem preparat per a amenitzar la jornada\u201d.<\/strong><\/p>\n\n\n\n<p>Per part seua, la regidora de Mobilitat, Sonia Roca, ha remarcat que <strong>\u201ca m\u00e9s de con\u00e8ixer de primera m\u00e0 els avantatges i possibilitats que ofereixen els vehicles el\u00e8ctrics, tant a nivell econ\u00f2mic com en el pla mig ambiental, aquesta exposici\u00f3 ens permet posar en valor el treball que es realitza des dels concessionaris de Torrent i donar un impuls a l&#8217;economia local, aix\u00ed com promocionar la imatge de la nostra ciutat i reafirmar el nostre comprom\u00eds per continuar construint un futur m\u00e9s verd i sostenible\u201d.<\/strong><\/p>\n\n\n\n<p>Aix\u00ed mateix, dem\u00e0, durant la clausura de la mostra, l&#8217;Ajuntament de Torrent i l&#8217;empresa municipal IDEA\u2019T realitzaran el sorteig de tres patinets el\u00e8ctrics, tancant, d&#8217;aquesta manera, la seua campanya de promoci\u00f3 del comer\u00e7 local i els mitjans de transport sostenibles.<\/p>\n\n\n\n<figure class=\"wp-block-gallery has-nested-images columns-default is-cropped wp-block-gallery-1 is-layout-flex wp-block-gallery-is-layout-flex\">\n<figure class=\"wp-block-image size-large\"><img fetchpriority=\"high\" decoding=\"async\" width=\"1024\" height=\"682\" data-id=\"60092\" src=\"https:\/\/infotorrent.es\/wp-content\/uploads\/2023\/09\/fira-2-1024x682.jpeg\" alt=\"\" class=\"wp-image-60092\" srcset=\"https:\/\/infotorrent.es\/wp-content\/uploads\/2023\/09\/fira-2-1024x682.jpeg 1024w, https:\/\/infotorrent.es\/wp-content\/uploads\/2023\/09\/fira-2-300x200.jpeg 300w, https:\/\/infotorrent.es\/wp-content\/uploads\/2023\/09\/fira-2-768x512.jpeg 768w, https:\/\/infotorrent.es\/wp-content\/uploads\/2023\/09\/fira-2-1536x1023.jpeg 1536w, https:\/\/infotorrent.es\/wp-content\/uploads\/2023\/09\/fira-2.jpeg 1600w\" sizes=\"(max-width: 1024px) 100vw, 1024px\" \/><\/figure>\n\n\n\n<figure class=\"wp-block-image size-large\"><img decoding=\"async\" width=\"1024\" height=\"682\" data-id=\"60084\" src=\"https:\/\/infotorrent.es\/wp-content\/uploads\/2023\/09\/fira-1024x682.jpeg\" alt=\"\" class=\"wp-image-60084\" srcset=\"https:\/\/infotorrent.es\/wp-content\/uploads\/2023\/09\/fira-1024x682.jpeg 1024w, https:\/\/infotorrent.es\/wp-content\/uploads\/2023\/09\/fira-300x200.jpeg 300w, https:\/\/infotorrent.es\/wp-content\/uploads\/2023\/09\/fira-768x512.jpeg 768w, https:\/\/infotorrent.es\/wp-content\/uploads\/2023\/09\/fira-1536x1023.jpeg 1536w, https:\/\/infotorrent.es\/wp-content\/uploads\/2023\/09\/fira.jpeg 1600w\" sizes=\"(max-width: 1024px) 100vw, 1024px\" \/><\/figure>\n\n\n\n<figure class=\"wp-block-image size-large\"><img decoding=\"async\" width=\"1024\" height=\"682\" data-id=\"60090\" src=\"https:\/\/infotorrent.es\/wp-content\/uploads\/2023\/09\/fira-3-1024x682.jpeg\" alt=\"\" class=\"wp-image-60090\" srcset=\"https:\/\/infotorrent.es\/wp-content\/uploads\/2023\/09\/fira-3-1024x682.jpeg 1024w, https:\/\/infotorrent.es\/wp-content\/uploads\/2023\/09\/fira-3-300x200.jpeg 300w, https:\/\/infotorrent.es\/wp-content\/uploads\/2023\/09\/fira-3-768x512.jpeg 768w, https:\/\/infotorrent.es\/wp-content\/uploads\/2023\/09\/fira-3-1536x1023.jpeg 1536w, https:\/\/infotorrent.es\/wp-content\/uploads\/2023\/09\/fira-3.jpeg 1600w\" sizes=\"(max-width: 1024px) 100vw, 1024px\" \/><\/figure>\n\n\n\n<figure class=\"wp-block-image size-large\"><img loading=\"lazy\" decoding=\"async\" width=\"1024\" height=\"682\" data-id=\"60080\" src=\"https:\/\/infotorrent.es\/wp-content\/uploads\/2023\/09\/fira-4-1024x682.jpeg\" alt=\"\" class=\"wp-image-60080\" srcset=\"https:\/\/infotorrent.es\/wp-content\/uploads\/2023\/09\/fira-4-1024x682.jpeg 1024w, https:\/\/infotorrent.es\/wp-content\/uploads\/2023\/09\/fira-4-300x200.jpeg 300w, https:\/\/infotorrent.es\/wp-content\/uploads\/2023\/09\/fira-4-768x512.jpeg 768w, https:\/\/infotorrent.es\/wp-content\/uploads\/2023\/09\/fira-4-1536x1023.jpeg 1536w, https:\/\/infotorrent.es\/wp-content\/uploads\/2023\/09\/fira-4.jpeg 1600w\" sizes=\"(max-width: 1024px) 100vw, 1024px\" \/><\/figure>\n\n\n\n<figure class=\"wp-block-image size-large\"><img loading=\"lazy\" decoding=\"async\" width=\"1024\" height=\"682\" data-id=\"60086\" src=\"https:\/\/infotorrent.es\/wp-content\/uploads\/2023\/09\/fira-5-1024x682.jpeg\" alt=\"\" class=\"wp-image-60086\" srcset=\"https:\/\/infotorrent.es\/wp-content\/uploads\/2023\/09\/fira-5-1024x682.jpeg 1024w, https:\/\/infotorrent.es\/wp-content\/uploads\/2023\/09\/fira-5-300x200.jpeg 300w, https:\/\/infotorrent.es\/wp-content\/uploads\/2023\/09\/fira-5-768x512.jpeg 768w, https:\/\/infotorrent.es\/wp-content\/uploads\/2023\/09\/fira-5-1536x1023.jpeg 1536w, https:\/\/infotorrent.es\/wp-content\/uploads\/2023\/09\/fira-5.jpeg 1600w\" sizes=\"(max-width: 1024px) 100vw, 1024px\" \/><\/figure>\n\n\n\n<figure class=\"wp-block-image size-large\"><img loading=\"lazy\" decoding=\"async\" width=\"1024\" height=\"682\" data-id=\"60082\" src=\"https:\/\/infotorrent.es\/wp-content\/uploads\/2023\/09\/fira-6-1024x682.jpeg\" alt=\"\" class=\"wp-image-60082\" srcset=\"https:\/\/infotorrent.es\/wp-content\/uploads\/2023\/09\/fira-6-1024x682.jpeg 1024w, https:\/\/infotorrent.es\/wp-content\/uploads\/2023\/09\/fira-6-300x200.jpeg 300w, https:\/\/infotorrent.es\/wp-content\/uploads\/2023\/09\/fira-6-768x512.jpeg 768w, https:\/\/infotorrent.es\/wp-content\/uploads\/2023\/09\/fira-6-1536x1023.jpeg 1536w, https:\/\/infotorrent.es\/wp-content\/uploads\/2023\/09\/fira-6.jpeg 1600w\" sizes=\"(max-width: 1024px) 100vw, 1024px\" \/><\/figure>\n\n\n\n<figure class=\"wp-block-image size-large\"><img loading=\"lazy\" decoding=\"async\" width=\"1024\" height=\"682\" data-id=\"60098\" src=\"https:\/\/infotorrent.es\/wp-content\/uploads\/2023\/09\/fira-7-1024x682.jpeg\" alt=\"\" class=\"wp-image-60098\" srcset=\"https:\/\/infotorrent.es\/wp-content\/uploads\/2023\/09\/fira-7-1024x682.jpeg 1024w, https:\/\/infotorrent.es\/wp-content\/uploads\/2023\/09\/fira-7-300x200.jpeg 300w, https:\/\/infotorrent.es\/wp-content\/uploads\/2023\/09\/fira-7-768x512.jpeg 768w, https:\/\/infotorrent.es\/wp-content\/uploads\/2023\/09\/fira-7-1536x1023.jpeg 1536w, https:\/\/infotorrent.es\/wp-content\/uploads\/2023\/09\/fira-7.jpeg 1600w\" sizes=\"(max-width: 1024px) 100vw, 1024px\" \/><\/figure>\n\n\n\n<figure class=\"wp-block-image size-large\"><img loading=\"lazy\" decoding=\"async\" width=\"1024\" height=\"682\" data-id=\"60088\" src=\"https:\/\/infotorrent.es\/wp-content\/uploads\/2023\/09\/fira-8-1024x682.jpeg\" alt=\"\" class=\"wp-image-60088\" srcset=\"https:\/\/infotorrent.es\/wp-content\/uploads\/2023\/09\/fira-8-1024x682.jpeg 1024w, https:\/\/infotorrent.es\/wp-content\/uploads\/2023\/09\/fira-8-300x200.jpeg 300w, https:\/\/infotorrent.es\/wp-content\/uploads\/2023\/09\/fira-8-768x512.jpeg 768w, https:\/\/infotorrent.es\/wp-content\/uploads\/2023\/09\/fira-8-1536x1023.jpeg 1536w, https:\/\/infotorrent.es\/wp-content\/uploads\/2023\/09\/fira-8.jpeg 1600w\" sizes=\"(max-width: 1024px) 100vw, 1024px\" \/><\/figure>\n\n\n\n<figure class=\"wp-block-image size-large\"><img loading=\"lazy\" decoding=\"async\" width=\"1024\" height=\"682\" data-id=\"60096\" src=\"https:\/\/infotorrent.es\/wp-content\/uploads\/2023\/09\/fira-9-1024x682.jpeg\" alt=\"\" class=\"wp-image-60096\" srcset=\"https:\/\/infotorrent.es\/wp-content\/uploads\/2023\/09\/fira-9-1024x682.jpeg 1024w, https:\/\/infotorrent.es\/wp-content\/uploads\/2023\/09\/fira-9-300x200.jpeg 300w, https:\/\/infotorrent.es\/wp-content\/uploads\/2023\/09\/fira-9-768x512.jpeg 768w, https:\/\/infotorrent.es\/wp-content\/uploads\/2023\/09\/fira-9-1536x1023.jpeg 1536w, https:\/\/infotorrent.es\/wp-content\/uploads\/2023\/09\/fira-9.jpeg 1600w\" sizes=\"(max-width: 1024px) 100vw, 1024px\" \/><\/figure>\n\n\n\n<figure class=\"wp-block-image size-large\"><img loading=\"lazy\" decoding=\"async\" width=\"1024\" height=\"682\" data-id=\"60094\" src=\"https:\/\/infotorrent.es\/wp-content\/uploads\/2023\/09\/fira-10-1024x682.jpeg\" alt=\"\" class=\"wp-image-60094\" srcset=\"https:\/\/infotorrent.es\/wp-content\/uploads\/2023\/09\/fira-10-1024x682.jpeg 1024w, https:\/\/infotorrent.es\/wp-content\/uploads\/2023\/09\/fira-10-300x200.jpeg 300w, https:\/\/infotorrent.es\/wp-content\/uploads\/2023\/09\/fira-10-768x512.jpeg 768w, https:\/\/infotorrent.es\/wp-content\/uploads\/2023\/09\/fira-10-1536x1023.jpeg 1536w, https:\/\/infotorrent.es\/wp-content\/uploads\/2023\/09\/fira-10.jpeg 1600w\" sizes=\"(max-width: 1024px) 100vw, 1024px\" \/><\/figure>\n<\/figure>\n","protected":false},"excerpt":{"rendered":"<p>L&#8217;alcaldessa Amparo Folgado i la regidora de Mobilitat, Sonia Roca, han donat el tret d&#8217;eixida a aquesta edici\u00f3 reafirmant el seu comprom\u00eds per a fer d&#8217;aquesta mostra un referent a tots els nivells L&#8217;exposici\u00f3 estar\u00e0 oberta al p\u00fablic fins al dia de dem\u00e0, oferint una selecci\u00f3 dels millors models dels concessionaris\u00a0torrentins, a m\u00e9s d&#8217;una completa [&hellip;]<\/p>\n","protected":false},"author":2,"featured_media":60106,"comment_status":"open","ping_status":"open","sticky":false,"template":"","format":"standard","meta":{"_acf_changed":false,"footnotes":""},"categories":[147],"tags":[],"class_list":["post-60102","post","type-post","status-publish","format-standard","has-post-thumbnail","hentry","category-mobilitat"],"acf":[],"_links":{"self":[{"href":"https:\/\/infotorrent.es\/ca\/wp-json\/wp\/v2\/posts\/60102","targetHints":{"allow":["GET"]}}],"collection":[{"href":"https:\/\/infotorrent.es\/ca\/wp-json\/wp\/v2\/posts"}],"about":[{"href":"https:\/\/infotorrent.es\/ca\/wp-json\/wp\/v2\/types\/post"}],"author":[{"embeddable":true,"href":"https:\/\/infotorrent.es\/ca\/wp-json\/wp\/v2\/users\/2"}],"replies":[{"embeddable":true,"href":"https:\/\/infotorrent.es\/ca\/wp-json\/wp\/v2\/comments?post=60102"}],"version-history":[{"count":1,"href":"https:\/\/infotorrent.es\/ca\/wp-json\/wp\/v2\/posts\/60102\/revisions"}],"predecessor-version":[{"id":60105,"href":"https:\/\/infotorrent.es\/ca\/wp-json\/wp\/v2\/posts\/60102\/revisions\/60105"}],"wp:featuredmedia":[{"embeddable":true,"href":"https:\/\/infotorrent.es\/ca\/wp-json\/wp\/v2\/media\/60106"}],"wp:attachment":[{"href":"https:\/\/infotorrent.es\/ca\/wp-json\/wp\/v2\/media?parent=60102"}],"wp:term":[{"taxonomy":"category","embeddable":true,"href":"https:\/\/infotorrent.es\/ca\/wp-json\/wp\/v2\/categories?post=60102"},{"taxonomy":"post_tag","embeddable":true,"href":"https:\/\/infotorrent.es\/ca\/wp-json\/wp\/v2\/tags?post=60102"}],"curies":[{"name":"wp","href":"https:\/\/api.w.org\/{rel}","templated":true}]}}